{"id":612,"date":"2012-03-17T10:56:13","date_gmt":"2012-03-17T09:56:13","guid":{"rendered":"http:\/\/lafilledecorinthe.com\/wordpress\/?p=612"},"modified":"2025-12-09T16:27:02","modified_gmt":"2025-12-09T15:27:02","slug":"aya-de-yopougon","status":"publish","type":"post","link":"https:\/\/lafilledecorinthe.com\/wordpress\/2012\/03\/aya-de-yopougon\/","title":{"rendered":"Aya de Yopougon"},"content":{"rendered":"<p>Exercice nouveau, \u00e9crire sur un film qui n&rsquo;est pas sorti. J&rsquo;\u00e9tais hier au salon du livre, porte de Versailles et j&rsquo;ai assist\u00e9 \u00e0 une rencontre avec une \u00ab\u00a0petite\u00a0\u00bb partie de l&rsquo;\u00e9quipe qui est en train d&rsquo;adapter la BD Aya en film d&rsquo;animation.<\/p>\n<p>Comme de tr\u00e8s nombreux lecteurs, j&rsquo;ai \u00e9t\u00e9 conquise d\u00e8s le premier volume par cette chronique d&rsquo;un quartier populaire d&rsquo;Abidjan des ann\u00e9es 70. Les histoires qui s&rsquo;encha\u00eenent sont hautes en couleur, on ne s&rsquo;ennuie pas \u00e0 Yopougon. La vie familiale, les relations entre voisins, les histoires de coeur et de fesses, l&rsquo;avenir des jeunes sont au centre de cette chronique de la vie quotidienne. Les sujets sont universels mais le cadre africain rend cette histoire incroyablement riche et originale. Merci \u00e0 Marguerite Abouet, sc\u00e9nariste de la s\u00e9rie, de partager avec nous ses souvenirs d&rsquo;enfance et son imagination joyeuse.<\/p>\n<p>Les auteurs de la BD sont aussi les r\u00e9alisateurs du film, ils ont choisi d&rsquo;adapter les deux premiers volumes qui tournent autour de la naissance de Bobby.<br \/>\nCl\u00e9ment Oubrerie, tr\u00e8s p\u00e9dagogue, nous a pr\u00e9sent\u00e9 hier, une s\u00e9rie d&rsquo;images qui relate les diff\u00e9rentes \u00e9tapes de la cr\u00e9ation visuelle, de son carnet de voyage \u00e0 Abidjan aux images finales du film, passionnant !<\/p>\n<figure id=\"attachment_618\" aria-describedby=\"caption-attachment-618\" style=\"width: 200px\" class=\"wp-caption aligncenter\"><a href=\"https:\/\/lafilledecorinthe.com\/wordpress\/wp-content\/uploads\/2012\/03\/boutique.jpeg\"><img loading=\"lazy\" decoding=\"async\" class=\"size-thumbnail wp-image-618\" title=\"boutique\" src=\"https:\/\/lafilledecorinthe.com\/wordpress\/wp-content\/uploads\/2012\/03\/boutique-200x200.jpg\" alt=\"\" width=\"200\" height=\"200\" \/><\/a><figcaption id=\"caption-attachment-618\" class=\"wp-caption-text\">dessin d&rsquo;une boutique par Cl\u00e9ment Oubrerie http:\/\/www.oubrerie.net<\/figcaption><\/figure>\n<p>On retrouve l&rsquo;univers graphique de la BD, le dessin est selon ses propos \u00ab\u00a0moins changeant\u00a0\u00bb. Le cin\u00e9ma d&rsquo;animation implique un tr\u00e8s grand nombre de collaborateurs d&rsquo;o\u00f9 la n\u00e9cessit\u00e9 de fixer les traits des personnages avec pr\u00e9cision. Le d\u00e9coupage de la BD est d\u00e9j\u00e0 tr\u00e8s cin\u00e9matographique, usant de champ\/contrechamp d\u00e8s l&rsquo;ouverture&#8230;Hier, nous n&rsquo;avons vu que des images fixes, il nous faudra attendre la rentr\u00e9e pour les voir s&rsquo;animer.<\/p>\n<p>Cl\u00e9ment Oubrerie \u00e9tait accompagn\u00e9 par le musicien Mokob\u00e9 et par l&rsquo;acteur Emile Abossolo qui jouera plusieurs voix du film. Gage de l&rsquo;importance donn\u00e9e \u00e0 la bande son ? Produit et r\u00e9alis\u00e9 par les m\u00eames soci\u00e9t\u00e9s qui sont \u00e0 l&rsquo;origine de l&rsquo;adaptation du Chat du Rabbin de Joann Sfar, on peut \u00eatre confiant ! Mokob\u00e9 veut \u00ab\u00a0apporter de la joie, \u00e0 travers la musique\u00a0\u00bb, beau programme !\u00a0 \u00a0 \u00a0Une des saveurs d&rsquo;Aya est la langue utilis\u00e9e par Marguerite Abouet, le nouchi ivoirien, les filles sont des \u00ab\u00a0gazelles\u00a0\u00bb, des \u00ab\u00a0freshnies\u00a0\u00bb, elles aiment aller \u00ab\u00a0d\u00e9caler\u00a0\u00bb au \u00ab\u00a0maquis\u00a0\u00bb en secouant leurs fesses ( \u00ab\u00a0bodjo\u00a0\u00bb, \u00ab\u00a0p\u00e9tou\u00a0\u00bb, tassaba\u00a0\u00bb) ! Si vous avez quelques difficult\u00e9s de compr\u00e9hension, un lexique vous aide dans le \u00ab\u00a0bonus ivoirien\u00a0\u00bb qui cl\u00f4t chaque volume. \u00a0 \u00a0Je suis impatiente d&rsquo;entendre les voix s&rsquo;incarner ! Scoop d&rsquo;hier, Mokob\u00e9 interpr\u00e9tera un disc-jockey d&rsquo;un petit maquis .<\/p>\n<figure id=\"attachment_621\" aria-describedby=\"caption-attachment-621\" style=\"width: 200px\" class=\"wp-caption aligncenter\"><a href=\"https:\/\/lafilledecorinthe.com\/wordpress\/wp-content\/uploads\/2012\/03\/mokobe-01.jpg\"><img loading=\"lazy\" decoding=\"async\" class=\"size-thumbnail wp-image-621\" title=\"mokobe-01\" src=\"https:\/\/lafilledecorinthe.com\/wordpress\/wp-content\/uploads\/2012\/03\/mokobe-01-200x200.jpg\" alt=\"\" width=\"200\" height=\"200\" \/><\/a><figcaption id=\"caption-attachment-621\" class=\"wp-caption-text\">Mokob\u00e9 \u00a9 Fifou<\/figcaption><\/figure>\n<p>L&rsquo;ann\u00e9e 2012 est riche en adaptation BD\/ film d&rsquo;animation, \u00ab\u00a0Tatsumi\u00a0\u00bb d&rsquo;Eric Khoo a ouvert le bal en f\u00e9vrier, cette semaine \u00ab\u00a0Alo\u00efs Nebel\u00a0\u00bb sort sur les \u00e9crans&#8230; Je ne m&rsquo;en lasse pas !<\/p>\n","protected":false},"excerpt":{"rendered":"<p>Exercice nouveau, \u00e9crire sur un film qui n&rsquo;est pas sorti. J&rsquo;\u00e9tais hier au salon du livre, porte de Versailles et j&rsquo;ai assist\u00e9 \u00e0 une rencontre avec une \u00ab\u00a0petite\u00a0\u00bb partie de l&rsquo;\u00e9quipe qui est en train d&rsquo;adapter la BD Aya en film d&rsquo;animation. Comme de tr\u00e8s nombreux lecteurs, j&rsquo;ai \u00e9t\u00e9 conquise d\u00e8s le premier volume par&#8230;<\/p>\n","protected":false},"author":2,"featured_media":613,"comment_status":"open","ping_status":"open","sticky":false,"template":"","format":"standard","meta":{"_kad_post_transparent":"","_kad_post_title":"","_kad_post_layout":"","_kad_post_sidebar_id":"","_kad_post_content_style":"","_kad_post_vertical_padding":"","_kad_post_feature":"","_kad_post_feature_position":"","_kad_post_header":false,"_kad_post_footer":false,"_kad_post_classname":"","footnotes":""},"categories":[6],"tags":[64,12,61,59,60,63,62],"class_list":["post-612","post","type-post","status-publish","format-standard","has-post-thumbnail","hentry","category-blog","tag-abouet","tag-adaptation","tag-aya-de-yopougon","tag-bdaniamtion","tag-bdanimation","tag-oubrerie","tag-salon-du-livre"],"_links":{"self":[{"href":"https:\/\/lafilledecorinthe.com\/wordpress\/wp-json\/wp\/v2\/posts\/612","targetHints":{"allow":["GET"]}}],"collection":[{"href":"https:\/\/lafilledecorinthe.com\/wordpress\/wp-json\/wp\/v2\/posts"}],"about":[{"href":"https:\/\/lafilledecorinthe.com\/wordpress\/wp-json\/wp\/v2\/types\/post"}],"author":[{"embeddable":true,"href":"https:\/\/lafilledecorinthe.com\/wordpress\/wp-json\/wp\/v2\/users\/2"}],"replies":[{"embeddable":true,"href":"https:\/\/lafilledecorinthe.com\/wordpress\/wp-json\/wp\/v2\/comments?post=612"}],"version-history":[{"count":15,"href":"https:\/\/lafilledecorinthe.com\/wordpress\/wp-json\/wp\/v2\/posts\/612\/revisions"}],"predecessor-version":[{"id":15323,"href":"https:\/\/lafilledecorinthe.com\/wordpress\/wp-json\/wp\/v2\/posts\/612\/revisions\/15323"}],"wp:featuredmedia":[{"embeddable":true,"href":"https:\/\/lafilledecorinthe.com\/wordpress\/wp-json\/wp\/v2\/media\/613"}],"wp:attachment":[{"href":"https:\/\/lafilledecorinthe.com\/wordpress\/wp-json\/wp\/v2\/media?parent=612"}],"wp:term":[{"taxonomy":"category","embeddable":true,"href":"https:\/\/lafilledecorinthe.com\/wordpress\/wp-json\/wp\/v2\/categories?post=612"},{"taxonomy":"post_tag","embeddable":true,"href":"https:\/\/lafilledecorinthe.com\/wordpress\/wp-json\/wp\/v2\/tags?post=612"}],"curies":[{"name":"wp","href":"https:\/\/api.w.org\/{rel}","templated":true}]}}