{"id":6108,"date":"2015-04-16T12:49:36","date_gmt":"2015-04-16T11:49:36","guid":{"rendered":"http:\/\/lafilledecorinthe.com\/wordpress\/?p=6108"},"modified":"2025-12-08T21:37:02","modified_gmt":"2025-12-08T20:37:02","slug":"atelier-cinema-danimation-maison-populaire-de-montreuil-14","status":"publish","type":"post","link":"https:\/\/lafilledecorinthe.com\/wordpress\/2015\/04\/atelier-cinema-danimation-maison-populaire-de-montreuil-14\/","title":{"rendered":"Atelier \u00ab\u00a0cin\u00e9ma d&rsquo;animation\u00a0\u00bb Maison Populaire de Montreuil"},"content":{"rendered":"\n<p>Apr\u00e8s un d\u00e9marrage laborieux mais indispensable, nous r\u00e9ussissons \u00e0 enregistrer les premi\u00e8res sc\u00e8nes de notre conte norv\u00e9gien. Il vous faudra encore un peu de patience pour admirer des m\u00e9tamorphoses incroyables ! En attendant quelques photos du processus&#8230;<\/p>\n\n\n<div class=\"wp-block-image\">\n<figure class=\"aligncenter\"><a href=\"https:\/\/lafilledecorinthe.com\/wordpress\/wp-content\/uploads\/2015\/04\/Am\u00e9lie-Eliott.jpg\"><img loading=\"lazy\" decoding=\"async\" width=\"640\" height=\"480\" src=\"https:\/\/lafilledecorinthe.com\/wordpress\/wp-content\/uploads\/2015\/04\/Am\u00e9lie-Eliott.jpg\" alt=\"Elaboration du Storyboard\" class=\"wp-image-6273\" srcset=\"https:\/\/lafilledecorinthe.com\/wordpress\/wp-content\/uploads\/2015\/04\/Am\u00e9lie-Eliott.jpg 640w, https:\/\/lafilledecorinthe.com\/wordpress\/wp-content\/uploads\/2015\/04\/Am\u00e9lie-Eliott-400x300.jpg 400w\" sizes=\"auto, (max-width: 640px) 100vw, 640px\" \/><\/a><figcaption class=\"wp-element-caption\">Elaboration du storyboard<\/figcaption><\/figure>\n<\/div>\n\n<div class=\"wp-block-image\">\n<figure class=\"aligncenter\"><a href=\"https:\/\/lafilledecorinthe.com\/wordpress\/wp-content\/uploads\/2015\/04\/Victor.jpg\"><img loading=\"lazy\" decoding=\"async\" width=\"1643\" height=\"1276\" src=\"https:\/\/lafilledecorinthe.com\/wordpress\/wp-content\/uploads\/2015\/04\/Victor.jpg\" alt=\"D\u00e9coupage des \u00e9l\u00e9ments \u00e0 animer\" class=\"wp-image-6274\" srcset=\"https:\/\/lafilledecorinthe.com\/wordpress\/wp-content\/uploads\/2015\/04\/Victor.jpg 1643w, https:\/\/lafilledecorinthe.com\/wordpress\/wp-content\/uploads\/2015\/04\/Victor-680x528.jpg 680w, https:\/\/lafilledecorinthe.com\/wordpress\/wp-content\/uploads\/2015\/04\/Victor-1280x994.jpg 1280w, https:\/\/lafilledecorinthe.com\/wordpress\/wp-content\/uploads\/2015\/04\/Victor-386x300.jpg 386w\" sizes=\"auto, (max-width: 1643px) 100vw, 1643px\" \/><\/a><figcaption class=\"wp-element-caption\">D\u00e9coupage des \u00e9l\u00e9ments \u00e0 animer<\/figcaption><\/figure>\n<\/div>\n\n<div class=\"wp-block-image\">\n<figure class=\"aligncenter\"><a href=\"https:\/\/lafilledecorinthe.com\/wordpress\/wp-content\/uploads\/2015\/04\/Paloma.jpg\"><img loading=\"lazy\" decoding=\"async\" width=\"2007\" height=\"1470\" src=\"https:\/\/lafilledecorinthe.com\/wordpress\/wp-content\/uploads\/2015\/04\/Paloma.jpg\" alt=\"Enregistrement des images en silhouette\" class=\"wp-image-6275\" srcset=\"https:\/\/lafilledecorinthe.com\/wordpress\/wp-content\/uploads\/2015\/04\/Paloma.jpg 2007w, https:\/\/lafilledecorinthe.com\/wordpress\/wp-content\/uploads\/2015\/04\/Paloma-680x498.jpg 680w, https:\/\/lafilledecorinthe.com\/wordpress\/wp-content\/uploads\/2015\/04\/Paloma-1280x937.jpg 1280w, https:\/\/lafilledecorinthe.com\/wordpress\/wp-content\/uploads\/2015\/04\/Paloma-409x300.jpg 409w\" sizes=\"auto, (max-width: 2007px) 100vw, 2007px\" \/><\/a><figcaption class=\"wp-element-caption\">Enregistrement des images en silhouette<\/figcaption><\/figure>\n<\/div>\n\n<div class=\"wp-block-image\">\n<figure class=\"aligncenter\"><a href=\"https:\/\/lafilledecorinthe.com\/wordpress\/wp-content\/uploads\/2015\/04\/voix.jpg\"><img loading=\"lazy\" decoding=\"async\" width=\"1909\" height=\"1314\" src=\"https:\/\/lafilledecorinthe.com\/wordpress\/wp-content\/uploads\/2015\/04\/voix.jpg\" alt=\"Enregistrement de la bande son\" class=\"wp-image-6276\" srcset=\"https:\/\/lafilledecorinthe.com\/wordpress\/wp-content\/uploads\/2015\/04\/voix.jpg 1909w, https:\/\/lafilledecorinthe.com\/wordpress\/wp-content\/uploads\/2015\/04\/voix-680x468.jpg 680w, https:\/\/lafilledecorinthe.com\/wordpress\/wp-content\/uploads\/2015\/04\/voix-1280x881.jpg 1280w, https:\/\/lafilledecorinthe.com\/wordpress\/wp-content\/uploads\/2015\/04\/voix-435x300.jpg 435w\" sizes=\"auto, (max-width: 1909px) 100vw, 1909px\" \/><\/a><figcaption class=\"wp-element-caption\">Enregistrement de la bande son<\/figcaption><\/figure>\n<\/div>\n\n\n<p>Nous d\u00e9couvrons aussi l&rsquo;art de la silhouette \u00e0 travers les illustrations d&rsquo;Arthur Rackham et les films de Michel Ocelot, de Benjamin Renner &#8230;<\/p>\n\n\n<div class=\"wp-block-image\">\n<figure class=\"aligncenter\"><a href=\"https:\/\/lafilledecorinthe.com\/wordpress\/wp-content\/uploads\/2015\/04\/rackham_image3.jpg\"><img loading=\"lazy\" decoding=\"async\" width=\"1750\" height=\"785\" src=\"https:\/\/lafilledecorinthe.com\/wordpress\/wp-content\/uploads\/2015\/04\/rackham_image3.jpg\" alt=\"Cendrillon d'Arthur Rackham, 1919\" class=\"wp-image-6279\" srcset=\"https:\/\/lafilledecorinthe.com\/wordpress\/wp-content\/uploads\/2015\/04\/rackham_image3.jpg 1750w, https:\/\/lafilledecorinthe.com\/wordpress\/wp-content\/uploads\/2015\/04\/rackham_image3-680x305.jpg 680w, https:\/\/lafilledecorinthe.com\/wordpress\/wp-content\/uploads\/2015\/04\/rackham_image3-1280x574.jpg 1280w, https:\/\/lafilledecorinthe.com\/wordpress\/wp-content\/uploads\/2015\/04\/rackham_image3-500x224.jpg 500w\" sizes=\"auto, (max-width: 1750px) 100vw, 1750px\" \/><\/a><figcaption class=\"wp-element-caption\">\u00ab\u00a0Cendrillon\u00a0\u00bb d&rsquo;Arthur Rackham, 1919 \u00a0 &#8230; \u00a0 \u00a0 ou la m\u00e9tamorphose d&rsquo;un l\u00e9zard en laquais<\/figcaption><\/figure>\n<\/div>\n\n<div class=\"wp-block-image\">\n<figure class=\"aligncenter\"><a href=\"https:\/\/lafilledecorinthe.com\/wordpress\/wp-content\/uploads\/2015\/04\/Le-prince-des-joyaux_converti.jpg\"><img loading=\"lazy\" decoding=\"async\" width=\"765\" height=\"572\" src=\"https:\/\/lafilledecorinthe.com\/wordpress\/wp-content\/uploads\/2015\/04\/Le-prince-des-joyaux_converti.jpg\" alt=\"&quot;Le prince des joyaux&quot; de Michel Ocelot, 1995\" class=\"wp-image-6281\" srcset=\"https:\/\/lafilledecorinthe.com\/wordpress\/wp-content\/uploads\/2015\/04\/Le-prince-des-joyaux_converti.jpg 765w, https:\/\/lafilledecorinthe.com\/wordpress\/wp-content\/uploads\/2015\/04\/Le-prince-des-joyaux_converti-680x508.jpg 680w, https:\/\/lafilledecorinthe.com\/wordpress\/wp-content\/uploads\/2015\/04\/Le-prince-des-joyaux_converti-401x300.jpg 401w\" sizes=\"auto, (max-width: 765px) 100vw, 765px\" \/><\/a><figcaption class=\"wp-element-caption\">\u00ab\u00a0Le prince des joyaux\u00a0\u00bb de Michel Ocelot, 1995<\/figcaption><\/figure>\n<\/div>\n\n\n<figure class=\"wp-block-embed is-type-video is-provider-vimeo wp-block-embed-vimeo\"><div class=\"wp-block-embed__wrapper\">\n<iframe loading=\"lazy\" title=\"Le Corbeau voulant imiter l&#039;Aigle\" src=\"https:\/\/player.vimeo.com\/video\/40657305?dnt=1&amp;app_id=122963\" width=\"720\" height=\"576\" frameborder=\"0\" allow=\"autoplay; fullscreen; picture-in-picture; clipboard-write; encrypted-media; web-share\" referrerpolicy=\"strict-origin-when-cross-origin\"><\/iframe>\n<\/div><\/figure>\n","protected":false},"excerpt":{"rendered":"<p>Apr\u00e8s un d\u00e9marrage laborieux mais indispensable, nous r\u00e9ussissons \u00e0 enregistrer les premi\u00e8res sc\u00e8nes de notre conte norv\u00e9gien. Il vous faudra encore un peu de patience pour admirer des m\u00e9tamorphoses incroyables ! En attendant quelques photos du processus&#8230; Nous d\u00e9couvrons aussi l&rsquo;art de la silhouette \u00e0 travers les illustrations d&rsquo;Arthur Rackham et les films de Michel&#8230;<\/p>\n","protected":false},"author":2,"featured_media":6270,"comment_status":"open","ping_status":"open","sticky":false,"template":"","format":"standard","meta":{"_kad_post_transparent":"","_kad_post_title":"","_kad_post_layout":"","_kad_post_sidebar_id":"","_kad_post_content_style":"","_kad_post_vertical_padding":"","_kad_post_feature":"","_kad_post_feature_position":"","_kad_post_header":false,"_kad_post_footer":false,"_kad_post_classname":"","footnotes":""},"categories":[7],"tags":[1018,195,209,196,648,1019,1017],"class_list":["post-6108","post","type-post","status-publish","format-standard","has-post-thumbnail","hentry","category-ateliers-enfants","tag-arthur-rackham","tag-atelier-cinema-danimation","tag-benjamin-renner","tag-maison-populaire-de-montreuil","tag-metamorphose","tag-michel-ocelot","tag-silhouette"],"_links":{"self":[{"href":"https:\/\/lafilledecorinthe.com\/wordpress\/wp-json\/wp\/v2\/posts\/6108","targetHints":{"allow":["GET"]}}],"collection":[{"href":"https:\/\/lafilledecorinthe.com\/wordpress\/wp-json\/wp\/v2\/posts"}],"about":[{"href":"https:\/\/lafilledecorinthe.com\/wordpress\/wp-json\/wp\/v2\/types\/post"}],"author":[{"embeddable":true,"href":"https:\/\/lafilledecorinthe.com\/wordpress\/wp-json\/wp\/v2\/users\/2"}],"replies":[{"embeddable":true,"href":"https:\/\/lafilledecorinthe.com\/wordpress\/wp-json\/wp\/v2\/comments?post=6108"}],"version-history":[{"count":14,"href":"https:\/\/lafilledecorinthe.com\/wordpress\/wp-json\/wp\/v2\/posts\/6108\/revisions"}],"predecessor-version":[{"id":15205,"href":"https:\/\/lafilledecorinthe.com\/wordpress\/wp-json\/wp\/v2\/posts\/6108\/revisions\/15205"}],"wp:featuredmedia":[{"embeddable":true,"href":"https:\/\/lafilledecorinthe.com\/wordpress\/wp-json\/wp\/v2\/media\/6270"}],"wp:attachment":[{"href":"https:\/\/lafilledecorinthe.com\/wordpress\/wp-json\/wp\/v2\/media?parent=6108"}],"wp:term":[{"taxonomy":"category","embeddable":true,"href":"https:\/\/lafilledecorinthe.com\/wordpress\/wp-json\/wp\/v2\/categories?post=6108"},{"taxonomy":"post_tag","embeddable":true,"href":"https:\/\/lafilledecorinthe.com\/wordpress\/wp-json\/wp\/v2\/tags?post=6108"}],"curies":[{"name":"wp","href":"https:\/\/api.w.org\/{rel}","templated":true}]}}