{"id":6089,"date":"2015-03-01T22:05:10","date_gmt":"2015-03-01T21:05:10","guid":{"rendered":"http:\/\/lafilledecorinthe.com\/wordpress\/?p=6089"},"modified":"2025-12-07T21:52:54","modified_gmt":"2025-12-07T20:52:54","slug":"atelier-cinema-danimation-maison-populaire-de-montreuil-13","status":"publish","type":"post","link":"https:\/\/lafilledecorinthe.com\/wordpress\/2015\/03\/atelier-cinema-danimation-maison-populaire-de-montreuil-13\/","title":{"rendered":"Atelier \u00ab\u00a0cin\u00e9ma d&rsquo;animation\u00a0\u00bb Maison Populaire de Montreuil"},"content":{"rendered":"\n<p>Ils sont termin\u00e9s ! Voici nos flipbooks dessin\u00e9s ou photographi\u00e9s&#8230;<\/p>\n\n\n<div class=\"wp-block-image\">\n<figure class=\"aligncenter\"><a href=\"https:\/\/lafilledecorinthe.com\/wordpress\/wp-content\/uploads\/2015\/03\/IMG_5298.jpg\"><img loading=\"lazy\" decoding=\"async\" width=\"2592\" height=\"1936\" src=\"https:\/\/lafilledecorinthe.com\/wordpress\/wp-content\/uploads\/2015\/03\/IMG_5298.jpg\" alt=\"Une collaboration amicale pour finir les derniers dessins...\" class=\"wp-image-6091\" srcset=\"https:\/\/lafilledecorinthe.com\/wordpress\/wp-content\/uploads\/2015\/03\/IMG_5298.jpg 2592w, https:\/\/lafilledecorinthe.com\/wordpress\/wp-content\/uploads\/2015\/03\/IMG_5298-680x507.jpg 680w, https:\/\/lafilledecorinthe.com\/wordpress\/wp-content\/uploads\/2015\/03\/IMG_5298-1280x956.jpg 1280w, https:\/\/lafilledecorinthe.com\/wordpress\/wp-content\/uploads\/2015\/03\/IMG_5298-401x300.jpg 401w\" sizes=\"auto, (max-width: 2592px) 100vw, 2592px\" \/><\/a><figcaption class=\"wp-element-caption\">Une collaboration amicale pour finir les derniers dessins&#8230;<\/figcaption><\/figure>\n<\/div>\n\n\n<figure class=\"wp-block-embed is-type-video is-provider-youtube wp-block-embed-youtube wp-embed-aspect-16-9 wp-has-aspect-ratio\"><div class=\"wp-block-embed__wrapper\">\n<iframe loading=\"lazy\" title=\"flipbook Montreuil\" width=\"720\" height=\"405\" src=\"https:\/\/www.youtube.com\/embed\/DPOIf11DqCE?feature=oembed\" frameborder=\"0\" allow=\"accelerometer; autoplay; clipboard-write; encrypted-media; gyroscope; picture-in-picture; web-share\" referrerpolicy=\"strict-origin-when-cross-origin\" allowfullscreen><\/iframe>\n<\/div><\/figure>\n\n\n\n<p><\/p>\n\n\n\n<p>C&rsquo;est un conte norv\u00e9gien que nous allons adapter \u00a0\u00bb Le gar\u00e7on qui devint faucon, fourmi et lion\u00a0\u00bb. Nous commen\u00e7ons par le d\u00e9coupage des sc\u00e8nes et les premiers essais en ombre chinoise &#8230; A suivre !<\/p>\n\n\n<div class=\"wp-block-image\">\n<figure class=\"aligncenter\"><a href=\"https:\/\/lafilledecorinthe.com\/wordpress\/wp-content\/uploads\/2015\/03\/storyboard.jpg\"><img loading=\"lazy\" decoding=\"async\" width=\"2216\" height=\"1373\" src=\"https:\/\/lafilledecorinthe.com\/wordpress\/wp-content\/uploads\/2015\/03\/storyboard.jpg\" alt=\"le storyboard\" class=\"wp-image-6093\" srcset=\"https:\/\/lafilledecorinthe.com\/wordpress\/wp-content\/uploads\/2015\/03\/storyboard.jpg 2216w, https:\/\/lafilledecorinthe.com\/wordpress\/wp-content\/uploads\/2015\/03\/storyboard-680x421.jpg 680w, https:\/\/lafilledecorinthe.com\/wordpress\/wp-content\/uploads\/2015\/03\/storyboard-1280x793.jpg 1280w, https:\/\/lafilledecorinthe.com\/wordpress\/wp-content\/uploads\/2015\/03\/storyboard-484x300.jpg 484w\" sizes=\"auto, (max-width: 2216px) 100vw, 2216px\" \/><\/a><figcaption class=\"wp-element-caption\">le storyboard &#8230;<\/figcaption><\/figure>\n<\/div>\n\n<div class=\"wp-block-image\">\n<figure class=\"aligncenter\"><a href=\"https:\/\/lafilledecorinthe.com\/wordpress\/wp-content\/uploads\/2015\/03\/table-lumineuse.jpg\"><img loading=\"lazy\" decoding=\"async\" width=\"2592\" height=\"1936\" src=\"https:\/\/lafilledecorinthe.com\/wordpress\/wp-content\/uploads\/2015\/03\/table-lumineuse.jpg\" alt=\"La table lumineuse ...\" class=\"wp-image-6094\" srcset=\"https:\/\/lafilledecorinthe.com\/wordpress\/wp-content\/uploads\/2015\/03\/table-lumineuse.jpg 2592w, https:\/\/lafilledecorinthe.com\/wordpress\/wp-content\/uploads\/2015\/03\/table-lumineuse-680x507.jpg 680w, https:\/\/lafilledecorinthe.com\/wordpress\/wp-content\/uploads\/2015\/03\/table-lumineuse-1280x956.jpg 1280w, https:\/\/lafilledecorinthe.com\/wordpress\/wp-content\/uploads\/2015\/03\/table-lumineuse-401x300.jpg 401w\" sizes=\"auto, (max-width: 2592px) 100vw, 2592px\" \/><\/a><figcaption class=\"wp-element-caption\">La table lumineuse &#8230;<\/figcaption><\/figure>\n<\/div>\n\n\n<p>Nous avons jou\u00e9 aussi avec les \u00ab\u00a0images cach\u00e9es\u00a0\u00bb et d\u00e9couvert des p\u00e9pites sur Internet.<\/p>\n\n\n<div class=\"wp-block-image\">\n<figure class=\"aligncenter\"><a href=\"https:\/\/lafilledecorinthe.com\/wordpress\/wp-content\/uploads\/2015\/03\/Le-pic-du-Troll.jpg\"><img loading=\"lazy\" decoding=\"async\" width=\"1024\" height=\"795\" src=\"https:\/\/lafilledecorinthe.com\/wordpress\/wp-content\/uploads\/2015\/03\/Le-pic-du-Troll.jpg\" alt=\"Le pic du Troll\" class=\"wp-image-6106\" srcset=\"https:\/\/lafilledecorinthe.com\/wordpress\/wp-content\/uploads\/2015\/03\/Le-pic-du-Troll.jpg 1024w, https:\/\/lafilledecorinthe.com\/wordpress\/wp-content\/uploads\/2015\/03\/Le-pic-du-Troll-680x527.jpg 680w, https:\/\/lafilledecorinthe.com\/wordpress\/wp-content\/uploads\/2015\/03\/Le-pic-du-Troll-386x300.jpg 386w\" sizes=\"auto, (max-width: 1024px) 100vw, 1024px\" \/><\/a><figcaption class=\"wp-element-caption\">Le pic du Troll<\/figcaption><\/figure>\n<\/div>","protected":false},"excerpt":{"rendered":"<p>Ils sont termin\u00e9s ! Voici nos flipbooks dessin\u00e9s ou photographi\u00e9s&#8230; C&rsquo;est un conte norv\u00e9gien que nous allons adapter \u00a0\u00bb Le gar\u00e7on qui devint faucon, fourmi et lion\u00a0\u00bb. Nous commen\u00e7ons par le d\u00e9coupage des sc\u00e8nes et les premiers essais en ombre chinoise &#8230; A suivre ! Nous avons jou\u00e9 aussi avec les \u00ab\u00a0images cach\u00e9es\u00a0\u00bb et d\u00e9couvert&#8230;<\/p>\n","protected":false},"author":2,"featured_media":6090,"comment_status":"open","ping_status":"open","sticky":false,"template":"","format":"standard","meta":{"_kad_post_transparent":"","_kad_post_title":"","_kad_post_layout":"","_kad_post_sidebar_id":"","_kad_post_content_style":"","_kad_post_vertical_padding":"","_kad_post_feature":"","_kad_post_feature_position":"","_kad_post_header":false,"_kad_post_footer":false,"_kad_post_classname":"","footnotes":""},"categories":[7],"tags":[994,195,993,995,104,196,996],"class_list":["post-6089","post","type-post","status-publish","format-standard","has-post-thumbnail","hentry","category-ateliers-enfants","tag-le-garcon-qui-devint-faucon","tag-atelier-cinema-danimation","tag-conte-norvegien","tag-fourmi-et-lion","tag-images-cachees","tag-maison-populaire-de-montreuil","tag-the-ultimate-parkour"],"_links":{"self":[{"href":"https:\/\/lafilledecorinthe.com\/wordpress\/wp-json\/wp\/v2\/posts\/6089","targetHints":{"allow":["GET"]}}],"collection":[{"href":"https:\/\/lafilledecorinthe.com\/wordpress\/wp-json\/wp\/v2\/posts"}],"about":[{"href":"https:\/\/lafilledecorinthe.com\/wordpress\/wp-json\/wp\/v2\/types\/post"}],"author":[{"embeddable":true,"href":"https:\/\/lafilledecorinthe.com\/wordpress\/wp-json\/wp\/v2\/users\/2"}],"replies":[{"embeddable":true,"href":"https:\/\/lafilledecorinthe.com\/wordpress\/wp-json\/wp\/v2\/comments?post=6089"}],"version-history":[{"count":16,"href":"https:\/\/lafilledecorinthe.com\/wordpress\/wp-json\/wp\/v2\/posts\/6089\/revisions"}],"predecessor-version":[{"id":15055,"href":"https:\/\/lafilledecorinthe.com\/wordpress\/wp-json\/wp\/v2\/posts\/6089\/revisions\/15055"}],"wp:featuredmedia":[{"embeddable":true,"href":"https:\/\/lafilledecorinthe.com\/wordpress\/wp-json\/wp\/v2\/media\/6090"}],"wp:attachment":[{"href":"https:\/\/lafilledecorinthe.com\/wordpress\/wp-json\/wp\/v2\/media?parent=6089"}],"wp:term":[{"taxonomy":"category","embeddable":true,"href":"https:\/\/lafilledecorinthe.com\/wordpress\/wp-json\/wp\/v2\/categories?post=6089"},{"taxonomy":"post_tag","embeddable":true,"href":"https:\/\/lafilledecorinthe.com\/wordpress\/wp-json\/wp\/v2\/tags?post=6089"}],"curies":[{"name":"wp","href":"https:\/\/api.w.org\/{rel}","templated":true}]}}