{"id":6069,"date":"2015-03-01T12:28:39","date_gmt":"2015-03-01T11:28:39","guid":{"rendered":"http:\/\/lafilledecorinthe.com\/wordpress\/?p=6069"},"modified":"2025-12-07T21:48:33","modified_gmt":"2025-12-07T20:48:33","slug":"les-enfants-dabord-au-jeu-de-paume-9","status":"publish","type":"post","link":"https:\/\/lafilledecorinthe.com\/wordpress\/2015\/03\/les-enfants-dabord-au-jeu-de-paume-9\/","title":{"rendered":"\u00ab\u00a0Les enfants d&rsquo;abord !\u00a0\u00bb au Jeu de Paume 9"},"content":{"rendered":"\n<p> Apr\u00e8s la visite de l&rsquo;exposition qui met en valeur les exp\u00e9rimentations photographiques de l&rsquo;artiste avant-gardiste Florence Henri, nous jouons \u00e0 notre tour \u00e0 cr\u00e9er diff\u00e9rentes variations autour d&rsquo;une image.<\/p>\n\n\n<div class=\"wp-block-image\">\n<figure class=\"aligncenter\"><a href=\"https:\/\/lafilledecorinthe.com\/wordpress\/wp-content\/uploads\/2015\/03\/IMG_5402.jpg\"><img loading=\"lazy\" decoding=\"async\" width=\"2592\" height=\"1936\" src=\"https:\/\/lafilledecorinthe.com\/wordpress\/wp-content\/uploads\/2015\/03\/IMG_5402.jpg\" alt=\"Visite de l'exposition, 28\/02\/15\" class=\"wp-image-6072\" srcset=\"https:\/\/lafilledecorinthe.com\/wordpress\/wp-content\/uploads\/2015\/03\/IMG_5402.jpg 2592w, https:\/\/lafilledecorinthe.com\/wordpress\/wp-content\/uploads\/2015\/03\/IMG_5402-680x507.jpg 680w, https:\/\/lafilledecorinthe.com\/wordpress\/wp-content\/uploads\/2015\/03\/IMG_5402-1280x956.jpg 1280w, https:\/\/lafilledecorinthe.com\/wordpress\/wp-content\/uploads\/2015\/03\/IMG_5402-401x300.jpg 401w\" sizes=\"auto, (max-width: 2592px) 100vw, 2592px\" \/><\/a><figcaption class=\"wp-element-caption\">Visite de l&rsquo;exposition, 28\/02\/15<\/figcaption><\/figure>\n<\/div>\n\n<div class=\"wp-block-image\">\n<figure class=\"aligncenter\"><a href=\"https:\/\/lafilledecorinthe.com\/wordpress\/wp-content\/uploads\/2015\/03\/IMG_5409.jpg\"><img loading=\"lazy\" decoding=\"async\" width=\"2592\" height=\"1936\" src=\"https:\/\/lafilledecorinthe.com\/wordpress\/wp-content\/uploads\/2015\/03\/IMG_5409.jpg\" alt=\"superposition de n\u00e9gatifs, 28\/02\/15\" class=\"wp-image-6071\" srcset=\"https:\/\/lafilledecorinthe.com\/wordpress\/wp-content\/uploads\/2015\/03\/IMG_5409.jpg 2592w, https:\/\/lafilledecorinthe.com\/wordpress\/wp-content\/uploads\/2015\/03\/IMG_5409-680x507.jpg 680w, https:\/\/lafilledecorinthe.com\/wordpress\/wp-content\/uploads\/2015\/03\/IMG_5409-1280x956.jpg 1280w, https:\/\/lafilledecorinthe.com\/wordpress\/wp-content\/uploads\/2015\/03\/IMG_5409-401x300.jpg 401w\" sizes=\"auto, (max-width: 2592px) 100vw, 2592px\" \/><\/a><figcaption class=\"wp-element-caption\">superposition de n\u00e9gatifs, 28\/02\/15<\/figcaption><\/figure>\n<\/div>\n\n<div class=\"wp-block-image\">\n<figure class=\"aligncenter\"><a href=\"https:\/\/lafilledecorinthe.com\/wordpress\/wp-content\/uploads\/2015\/03\/flou.jpg\"><img loading=\"lazy\" decoding=\"async\" width=\"1936\" height=\"2592\" src=\"https:\/\/lafilledecorinthe.com\/wordpress\/wp-content\/uploads\/2015\/03\/flou.jpg\" alt=\"R\u00e9alisation d'une composition sur papier photosensible\" class=\"wp-image-6073\" srcset=\"https:\/\/lafilledecorinthe.com\/wordpress\/wp-content\/uploads\/2015\/03\/flou.jpg 1936w, https:\/\/lafilledecorinthe.com\/wordpress\/wp-content\/uploads\/2015\/03\/flou-507x680.jpg 507w, https:\/\/lafilledecorinthe.com\/wordpress\/wp-content\/uploads\/2015\/03\/flou-956x1280.jpg 956w, https:\/\/lafilledecorinthe.com\/wordpress\/wp-content\/uploads\/2015\/03\/flou-224x300.jpg 224w\" sizes=\"auto, (max-width: 1936px) 100vw, 1936px\" \/><\/a><figcaption class=\"wp-element-caption\">R\u00e9alisation d&rsquo;une composition sur papier photosensible, 28\/02\/15<\/figcaption><\/figure>\n<\/div>\n\n<div class=\"wp-block-image\">\n<figure class=\"aligncenter\"><a href=\"https:\/\/lafilledecorinthe.com\/wordpress\/wp-content\/uploads\/2015\/03\/papier-sensible.jpg\"><img loading=\"lazy\" decoding=\"async\" width=\"1181\" height=\"886\" src=\"https:\/\/lafilledecorinthe.com\/wordpress\/wp-content\/uploads\/2015\/03\/papier-sensible.jpg\" alt=\"papier sensible\" class=\"wp-image-6252\" srcset=\"https:\/\/lafilledecorinthe.com\/wordpress\/wp-content\/uploads\/2015\/03\/papier-sensible.jpg 1181w, https:\/\/lafilledecorinthe.com\/wordpress\/wp-content\/uploads\/2015\/03\/papier-sensible-680x510.jpg 680w, https:\/\/lafilledecorinthe.com\/wordpress\/wp-content\/uploads\/2015\/03\/papier-sensible-399x300.jpg 399w\" sizes=\"auto, (max-width: 1181px) 100vw, 1181px\" \/><\/a><figcaption class=\"wp-element-caption\">R\u00e9v\u00e9lation du papier photosensible 28\/03\/15<\/figcaption><\/figure>\n<\/div>\n\n<div class=\"wp-block-image\">\n<figure class=\"aligncenter\"><a href=\"https:\/\/lafilledecorinthe.com\/wordpress\/wp-content\/uploads\/2015\/03\/bo\u00eete-noire-1.jpg\"><img loading=\"lazy\" decoding=\"async\" width=\"945\" height=\"741\" src=\"https:\/\/lafilledecorinthe.com\/wordpress\/wp-content\/uploads\/2015\/03\/bo\u00eete-noire-1.jpg\" alt=\"La d\u00e9couverte de la cam\u00e9ra obscura portative  28\/03\/15\" class=\"wp-image-6253\" srcset=\"https:\/\/lafilledecorinthe.com\/wordpress\/wp-content\/uploads\/2015\/03\/bo\u00eete-noire-1.jpg 945w, https:\/\/lafilledecorinthe.com\/wordpress\/wp-content\/uploads\/2015\/03\/bo\u00eete-noire-1-680x533.jpg 680w, https:\/\/lafilledecorinthe.com\/wordpress\/wp-content\/uploads\/2015\/03\/bo\u00eete-noire-1-382x300.jpg 382w\" sizes=\"auto, (max-width: 945px) 100vw, 945px\" \/><\/a><figcaption class=\"wp-element-caption\">D\u00e9couverte de la cam\u00e9ra obscura portative 28\/03\/15<\/figcaption><\/figure>\n<\/div>\n\n\n<p>A l&rsquo;issue de l&rsquo;atelier, chaque enfant part avec son <a href=\"https:\/\/lafilledecorinthe.com\/wordpress\/wp-content\/uploads\/2015\/03\/portfolio.pdf\">portfolio<\/a>, m\u00e9moire de la visite et de ses propres essais.<\/p>\n\n\n<div class=\"wp-block-image\">\n<figure class=\"aligncenter\"><a href=\"https:\/\/lafilledecorinthe.com\/wordpress\/wp-content\/uploads\/2015\/03\/porte-folio.jpg\"><img loading=\"lazy\" decoding=\"async\" width=\"964\" height=\"687\" src=\"https:\/\/lafilledecorinthe.com\/wordpress\/wp-content\/uploads\/2015\/03\/porte-folio.jpg\" alt=\"porte-folio\" class=\"wp-image-6254\" srcset=\"https:\/\/lafilledecorinthe.com\/wordpress\/wp-content\/uploads\/2015\/03\/porte-folio.jpg 964w, https:\/\/lafilledecorinthe.com\/wordpress\/wp-content\/uploads\/2015\/03\/porte-folio-680x484.jpg 680w, https:\/\/lafilledecorinthe.com\/wordpress\/wp-content\/uploads\/2015\/03\/porte-folio-420x300.jpg 420w\" sizes=\"auto, (max-width: 964px) 100vw, 964px\" \/><\/a><\/figure>\n<\/div>\n\n\n<p class=\"has-text-align-center\"><\/p>\n\n\n\n<p class=\"has-text-align-left\">On parle de nous dans la presse ! Le num\u00e9ro de mai de la revue <a href=\"https:\/\/lafilledecorinthe.com\/wordpress\/wp-content\/uploads\/2015\/03\/Dada.pdf\">Dada<\/a>&nbsp;consacre une page \u00e0 l&rsquo;atelier. Bonne lecture !<\/p>\n","protected":false},"excerpt":{"rendered":"<p>Apr\u00e8s la visite de l&rsquo;exposition qui met en valeur les exp\u00e9rimentations photographiques de l&rsquo;artiste avant-gardiste Florence Henri, nous jouons \u00e0 notre tour \u00e0 cr\u00e9er diff\u00e9rentes variations autour d&rsquo;une image. A l&rsquo;issue de l&rsquo;atelier, chaque enfant part avec son portfolio, m\u00e9moire de la visite et de ses propres essais. On parle de nous dans la presse&#8230;<\/p>\n","protected":false},"author":2,"featured_media":6170,"comment_status":"open","ping_status":"open","sticky":false,"template":"","format":"standard","meta":{"_kad_post_transparent":"","_kad_post_title":"","_kad_post_layout":"","_kad_post_sidebar_id":"","_kad_post_content_style":"","_kad_post_vertical_padding":"","_kad_post_feature":"","_kad_post_feature_position":"","_kad_post_header":false,"_kad_post_footer":false,"_kad_post_classname":"","footnotes":""},"categories":[7],"tags":[9,992,48,190],"class_list":["post-6069","post","type-post","status-publish","format-standard","has-post-thumbnail","hentry","category-ateliers-enfants","tag-atelier","tag-florence-henri","tag-jeu-de-paume","tag-les-enfants-dabord"],"_links":{"self":[{"href":"https:\/\/lafilledecorinthe.com\/wordpress\/wp-json\/wp\/v2\/posts\/6069","targetHints":{"allow":["GET"]}}],"collection":[{"href":"https:\/\/lafilledecorinthe.com\/wordpress\/wp-json\/wp\/v2\/posts"}],"about":[{"href":"https:\/\/lafilledecorinthe.com\/wordpress\/wp-json\/wp\/v2\/types\/post"}],"author":[{"embeddable":true,"href":"https:\/\/lafilledecorinthe.com\/wordpress\/wp-json\/wp\/v2\/users\/2"}],"replies":[{"embeddable":true,"href":"https:\/\/lafilledecorinthe.com\/wordpress\/wp-json\/wp\/v2\/comments?post=6069"}],"version-history":[{"count":20,"href":"https:\/\/lafilledecorinthe.com\/wordpress\/wp-json\/wp\/v2\/posts\/6069\/revisions"}],"predecessor-version":[{"id":15052,"href":"https:\/\/lafilledecorinthe.com\/wordpress\/wp-json\/wp\/v2\/posts\/6069\/revisions\/15052"}],"wp:featuredmedia":[{"embeddable":true,"href":"https:\/\/lafilledecorinthe.com\/wordpress\/wp-json\/wp\/v2\/media\/6170"}],"wp:attachment":[{"href":"https:\/\/lafilledecorinthe.com\/wordpress\/wp-json\/wp\/v2\/media?parent=6069"}],"wp:term":[{"taxonomy":"category","embeddable":true,"href":"https:\/\/lafilledecorinthe.com\/wordpress\/wp-json\/wp\/v2\/categories?post=6069"},{"taxonomy":"post_tag","embeddable":true,"href":"https:\/\/lafilledecorinthe.com\/wordpress\/wp-json\/wp\/v2\/tags?post=6069"}],"curies":[{"name":"wp","href":"https:\/\/api.w.org\/{rel}","templated":true}]}}