{"id":6021,"date":"2015-02-26T09:42:14","date_gmt":"2015-02-26T08:42:14","guid":{"rendered":"http:\/\/lafilledecorinthe.com\/wordpress\/?p=6021"},"modified":"2025-12-07T21:47:58","modified_gmt":"2025-12-07T20:47:58","slug":"anime-ton-doudou-festival-image-par-image-2015","status":"publish","type":"post","link":"https:\/\/lafilledecorinthe.com\/wordpress\/2015\/02\/anime-ton-doudou-festival-image-par-image-2015\/","title":{"rendered":"\u00ab\u00a0Anime ton doudou\u00a0\u00bb, Festival \u00ab\u00a0Image par Image\u00a0\u00bb 2015"},"content":{"rendered":"\n<p>Ouverture exceptionnelle du cin\u00e9ma du centre culturel de Jouy-le-Moutier en ce dimanche ensoleill\u00e9 des vacances de f\u00e9vrier. Pas de grasse matin\u00e9e aujourd&rsquo;hui ! Une dizaine d&rsquo;enfants accompagn\u00e9e de leurs parents et de leur doudou ont particip\u00e9 \u00e0 l&rsquo;atelier <em>Anime ton doudou <\/em>avant de d\u00e9couvrir en avant-premi\u00e8re le dernier film de Sophie Roze et d&rsquo;Antoine Lanciaux, <a href=\"http:\/\/www.folimage.fr\/fr\/distribution\/neige-135.htm\" target=\"_blank\" rel=\"noopener\">Neige<\/a>.<\/p>\n\n\n<div class=\"wp-block-image\">\n<figure class=\"aligncenter\"><a href=\"https:\/\/lafilledecorinthe.com\/wordpress\/wp-content\/uploads\/2015\/02\/affiche_neige_juin2014.jpg\"><img loading=\"lazy\" decoding=\"async\" width=\"565\" height=\"800\" src=\"https:\/\/lafilledecorinthe.com\/wordpress\/wp-content\/uploads\/2015\/02\/affiche_neige_juin2014.jpg\" alt=\"affiche_neige_juin2014\" class=\"wp-image-6024\" srcset=\"https:\/\/lafilledecorinthe.com\/wordpress\/wp-content\/uploads\/2015\/02\/affiche_neige_juin2014.jpg 565w, https:\/\/lafilledecorinthe.com\/wordpress\/wp-content\/uploads\/2015\/02\/affiche_neige_juin2014-480x680.jpg 480w, https:\/\/lafilledecorinthe.com\/wordpress\/wp-content\/uploads\/2015\/02\/affiche_neige_juin2014-211x300.jpg 211w\" sizes=\"auto, (max-width: 565px) 100vw, 565px\" \/><\/a><\/figure>\n<\/div>\n\n\n<p class=\"has-text-align-center\"><\/p>\n\n\n\n<p>Apr\u00e8s une lecture attentive de l&rsquo;affiche, les enfants ont manipul\u00e9 des jouets optiques pour comprendre le principe de l&rsquo;image anim\u00e9e. Ils ont ensuite r\u00e9alis\u00e9 une mini-s\u00e9quence avec leur doudou en vedette &#8230;<\/p>\n\n\n<div class=\"wp-block-image\">\n<figure class=\"aligncenter\"><a href=\"https:\/\/lafilledecorinthe.com\/wordpress\/wp-content\/uploads\/2015\/02\/doudou2.jpg\"><img loading=\"lazy\" decoding=\"async\" width=\"800\" height=\"450\" src=\"https:\/\/lafilledecorinthe.com\/wordpress\/wp-content\/uploads\/2015\/02\/doudou2.jpg\" alt=\"doudou2\" class=\"wp-image-6060\" srcset=\"https:\/\/lafilledecorinthe.com\/wordpress\/wp-content\/uploads\/2015\/02\/doudou2.jpg 800w, https:\/\/lafilledecorinthe.com\/wordpress\/wp-content\/uploads\/2015\/02\/doudou2-680x382.jpg 680w, https:\/\/lafilledecorinthe.com\/wordpress\/wp-content\/uploads\/2015\/02\/doudou2-500x281.jpg 500w\" sizes=\"auto, (max-width: 800px) 100vw, 800px\" \/><\/a><\/figure>\n<\/div>\n\n\n<figure class=\"wp-block-embed is-type-video is-provider-youtube wp-block-embed-youtube wp-embed-aspect-16-9 wp-has-aspect-ratio\"><div class=\"wp-block-embed__wrapper\">\n<iframe loading=\"lazy\" title=\"Anime ton doudou\" width=\"720\" height=\"405\" src=\"https:\/\/www.youtube.com\/embed\/HoCriFxY2tM?feature=oembed\" frameborder=\"0\" allow=\"accelerometer; autoplay; clipboard-write; encrypted-media; gyroscope; picture-in-picture; web-share\" referrerpolicy=\"strict-origin-when-cross-origin\" allowfullscreen><\/iframe>\n<\/div><\/figure>\n\n\n\n<p><\/p>\n\n\n\n<p>Cette matin\u00e9e s&rsquo;inscrit dans le cadre du festival \u00ab\u00a0<a href=\"https:\/\/imageparimage.wordpress.com\/\" target=\"_blank\" rel=\"noopener\">Image par Image<\/a>\u00a0\u00bb qui f\u00eate ses 15 ans ! &nbsp; Une belle occasion pour porter un nouveau regard sur ce festival qui d\u00e9fend sans rel\u00e2che le cin\u00e9ma d&rsquo;animation. Dix-neuf cin\u00e9astes ont eu carte blanche pour animer les affiches des \u00e9ditions pr\u00e9c\u00e9dentes&nbsp; en cr\u00e9ant un cadavre exquis singulier. Feu vert \u00e0 la cr\u00e9ation personnelle pour une magnifique oeuvre collective. A voir absolument !<\/p>\n","protected":false},"excerpt":{"rendered":"<p>Ouverture exceptionnelle du cin\u00e9ma du centre culturel de Jouy-le-Moutier en ce dimanche ensoleill\u00e9 des vacances de f\u00e9vrier. Pas de grasse matin\u00e9e aujourd&rsquo;hui ! Une dizaine d&rsquo;enfants accompagn\u00e9e de leurs parents et de leur doudou ont particip\u00e9 \u00e0 l&rsquo;atelier Anime ton doudou avant de d\u00e9couvrir en avant-premi\u00e8re le dernier film de Sophie Roze et d&rsquo;Antoine Lanciaux,&#8230;<\/p>\n","protected":false},"author":2,"featured_media":6057,"comment_status":"open","ping_status":"open","sticky":false,"template":"","format":"standard","meta":{"_kad_post_transparent":"","_kad_post_title":"","_kad_post_layout":"","_kad_post_sidebar_id":"","_kad_post_content_style":"","_kad_post_vertical_padding":"","_kad_post_feature":"","_kad_post_feature_position":"","_kad_post_header":false,"_kad_post_footer":false,"_kad_post_classname":"","footnotes":""},"categories":[7],"tags":[987,986,990,9,988,300,991,989],"class_list":["post-6021","post","type-post","status-publish","format-standard","has-post-thumbnail","hentry","category-ateliers-enfants","tag-987","tag-aime-ton-doudou","tag-antoine-lanciaux","tag-atelier","tag-centre-culturel-de-jouy-le-moutier","tag-festival-image-par-image","tag-neige","tag-sophie-roze"],"_links":{"self":[{"href":"https:\/\/lafilledecorinthe.com\/wordpress\/wp-json\/wp\/v2\/posts\/6021","targetHints":{"allow":["GET"]}}],"collection":[{"href":"https:\/\/lafilledecorinthe.com\/wordpress\/wp-json\/wp\/v2\/posts"}],"about":[{"href":"https:\/\/lafilledecorinthe.com\/wordpress\/wp-json\/wp\/v2\/types\/post"}],"author":[{"embeddable":true,"href":"https:\/\/lafilledecorinthe.com\/wordpress\/wp-json\/wp\/v2\/users\/2"}],"replies":[{"embeddable":true,"href":"https:\/\/lafilledecorinthe.com\/wordpress\/wp-json\/wp\/v2\/comments?post=6021"}],"version-history":[{"count":35,"href":"https:\/\/lafilledecorinthe.com\/wordpress\/wp-json\/wp\/v2\/posts\/6021\/revisions"}],"predecessor-version":[{"id":15050,"href":"https:\/\/lafilledecorinthe.com\/wordpress\/wp-json\/wp\/v2\/posts\/6021\/revisions\/15050"}],"wp:featuredmedia":[{"embeddable":true,"href":"https:\/\/lafilledecorinthe.com\/wordpress\/wp-json\/wp\/v2\/media\/6057"}],"wp:attachment":[{"href":"https:\/\/lafilledecorinthe.com\/wordpress\/wp-json\/wp\/v2\/media?parent=6021"}],"wp:term":[{"taxonomy":"category","embeddable":true,"href":"https:\/\/lafilledecorinthe.com\/wordpress\/wp-json\/wp\/v2\/categories?post=6021"},{"taxonomy":"post_tag","embeddable":true,"href":"https:\/\/lafilledecorinthe.com\/wordpress\/wp-json\/wp\/v2\/tags?post=6021"}],"curies":[{"name":"wp","href":"https:\/\/api.w.org\/{rel}","templated":true}]}}