{"id":5986,"date":"2015-02-05T21:04:39","date_gmt":"2015-02-05T20:04:39","guid":{"rendered":"http:\/\/lafilledecorinthe.com\/wordpress\/?p=5986"},"modified":"2025-12-07T21:26:32","modified_gmt":"2025-12-07T20:26:32","slug":"un-autre-regard-college-edouard-herriot-de-livry-gargan","status":"publish","type":"post","link":"https:\/\/lafilledecorinthe.com\/wordpress\/2015\/02\/un-autre-regard-college-edouard-herriot-de-livry-gargan\/","title":{"rendered":"\u00ab\u00a0Un autre regard\u00a0\u00bb, Coll\u00e8ge Edouard Herriot de Livry-Gargan"},"content":{"rendered":"\n<p>Le Jeu de Paume et Cin\u00e9mas 93 s&rsquo;associent pour proposer un projet de <em>Cartes postales audiovisuelles <\/em>\u00e0 une classe de quatri\u00e8me, option cin\u00e9ma, du coll\u00e8ge Edouard Herriot de Livry-Gargan. Dans ce cadre, j&rsquo;ai anim\u00e9 avec la complicit\u00e9 de Nadia Elghozi, professeur de fran\u00e7ais, un atelier introductif \u00e0 la prise de vue. Munis d&rsquo;appareils photos, les \u00e9l\u00e8ves ont fait coexister dans un m\u00eame cadre deux notions contraires : net\/flou, int\u00e9rieur\/ext\u00e9rieur, terne\/color\u00e9, vide\/plein, lumineux\/sombre, naturel\/artificiel &#8230; L&rsquo;exercice leur a permis notamment de porter un regard neuf sur leur environnement quotidien.<\/p>\n\n\n<div class=\"wp-block-image\">\n<figure class=\"aligncenter\"><a href=\"https:\/\/lafilledecorinthe.com\/wordpress\/wp-content\/uploads\/2015\/02\/MG_7143_converti.jpg\"><img loading=\"lazy\" decoding=\"async\" width=\"5184\" height=\"3456\" src=\"https:\/\/lafilledecorinthe.com\/wordpress\/wp-content\/uploads\/2015\/02\/MG_7143_converti.jpg\" alt=\"naturel \/ artificiel\" class=\"wp-image-5996\" srcset=\"https:\/\/lafilledecorinthe.com\/wordpress\/wp-content\/uploads\/2015\/02\/MG_7143_converti.jpg 5184w, https:\/\/lafilledecorinthe.com\/wordpress\/wp-content\/uploads\/2015\/02\/MG_7143_converti-680x453.jpg 680w, https:\/\/lafilledecorinthe.com\/wordpress\/wp-content\/uploads\/2015\/02\/MG_7143_converti-1280x853.jpg 1280w, https:\/\/lafilledecorinthe.com\/wordpress\/wp-content\/uploads\/2015\/02\/MG_7143_converti-450x300.jpg 450w\" sizes=\"auto, (max-width: 5184px) 100vw, 5184px\" \/><\/a><figcaption class=\"wp-element-caption\">naturel \/ artificiel \u00a0 \u00a0 \u00a0photo de Sacha Guyonnet<\/figcaption><\/figure>\n<\/div>\n\n<div class=\"wp-block-image\">\n<figure class=\"aligncenter\"><a href=\"https:\/\/lafilledecorinthe.com\/wordpress\/wp-content\/uploads\/2015\/02\/IMG_7123_converti1.jpg\"><img loading=\"lazy\" decoding=\"async\" width=\"5184\" height=\"3456\" src=\"https:\/\/lafilledecorinthe.com\/wordpress\/wp-content\/uploads\/2015\/02\/IMG_7123_converti1.jpg\" alt=\"net \/ flou\" class=\"wp-image-6000\" srcset=\"https:\/\/lafilledecorinthe.com\/wordpress\/wp-content\/uploads\/2015\/02\/IMG_7123_converti1.jpg 5184w, https:\/\/lafilledecorinthe.com\/wordpress\/wp-content\/uploads\/2015\/02\/IMG_7123_converti1-680x453.jpg 680w, https:\/\/lafilledecorinthe.com\/wordpress\/wp-content\/uploads\/2015\/02\/IMG_7123_converti1-1280x853.jpg 1280w, https:\/\/lafilledecorinthe.com\/wordpress\/wp-content\/uploads\/2015\/02\/IMG_7123_converti1-450x300.jpg 450w\" sizes=\"auto, (max-width: 5184px) 100vw, 5184px\" \/><\/a><figcaption class=\"wp-element-caption\">net \/ flou \u00a0 \u00a0 \u00a0 photo de Laura de Abreu<\/figcaption><\/figure>\n<\/div>\n\n<div class=\"wp-block-image\">\n<figure class=\"aligncenter\"><a href=\"https:\/\/lafilledecorinthe.com\/wordpress\/wp-content\/uploads\/2015\/02\/DSC09928.jpg\"><img loading=\"lazy\" decoding=\"async\" width=\"2448\" height=\"3264\" src=\"https:\/\/lafilledecorinthe.com\/wordpress\/wp-content\/uploads\/2015\/02\/DSC09928.jpg\" alt=\"Int\u00e9rieur \/ ext\u00e9rieur\" class=\"wp-image-6001\" srcset=\"https:\/\/lafilledecorinthe.com\/wordpress\/wp-content\/uploads\/2015\/02\/DSC09928.jpg 2448w, https:\/\/lafilledecorinthe.com\/wordpress\/wp-content\/uploads\/2015\/02\/DSC09928-510x680.jpg 510w, https:\/\/lafilledecorinthe.com\/wordpress\/wp-content\/uploads\/2015\/02\/DSC09928-960x1280.jpg 960w, https:\/\/lafilledecorinthe.com\/wordpress\/wp-content\/uploads\/2015\/02\/DSC09928-225x300.jpg 225w\" sizes=\"auto, (max-width: 2448px) 100vw, 2448px\" \/><\/a><figcaption class=\"wp-element-caption\">int\u00e9rieur \/ ext\u00e9rieur \u00a0 photo de Souad Messaoud<\/figcaption><\/figure>\n<\/div>","protected":false},"excerpt":{"rendered":"<p>Le Jeu de Paume et Cin\u00e9mas 93 s&rsquo;associent pour proposer un projet de Cartes postales audiovisuelles \u00e0 une classe de quatri\u00e8me, option cin\u00e9ma, du coll\u00e8ge Edouard Herriot de Livry-Gargan. Dans ce cadre, j&rsquo;ai anim\u00e9 avec la complicit\u00e9 de Nadia Elghozi, professeur de fran\u00e7ais, un atelier introductif \u00e0 la prise de vue. Munis d&rsquo;appareils photos, les&#8230;<\/p>\n","protected":false},"author":2,"featured_media":5987,"comment_status":"open","ping_status":"open","sticky":false,"template":"","format":"standard","meta":{"_kad_post_transparent":"","_kad_post_title":"","_kad_post_layout":"","_kad_post_sidebar_id":"","_kad_post_content_style":"","_kad_post_vertical_padding":"","_kad_post_feature":"","_kad_post_feature_position":"","_kad_post_header":false,"_kad_post_footer":false,"_kad_post_classname":"","footnotes":""},"categories":[7],"tags":[837,603,985,48],"class_list":["post-5986","post","type-post","status-publish","format-standard","has-post-thumbnail","hentry","category-ateliers-enfants","tag-atelier-photographique","tag-cinemas-93","tag-college-edouard-herriot-de-livry-gargan","tag-jeu-de-paume"],"_links":{"self":[{"href":"https:\/\/lafilledecorinthe.com\/wordpress\/wp-json\/wp\/v2\/posts\/5986","targetHints":{"allow":["GET"]}}],"collection":[{"href":"https:\/\/lafilledecorinthe.com\/wordpress\/wp-json\/wp\/v2\/posts"}],"about":[{"href":"https:\/\/lafilledecorinthe.com\/wordpress\/wp-json\/wp\/v2\/types\/post"}],"author":[{"embeddable":true,"href":"https:\/\/lafilledecorinthe.com\/wordpress\/wp-json\/wp\/v2\/users\/2"}],"replies":[{"embeddable":true,"href":"https:\/\/lafilledecorinthe.com\/wordpress\/wp-json\/wp\/v2\/comments?post=5986"}],"version-history":[{"count":23,"href":"https:\/\/lafilledecorinthe.com\/wordpress\/wp-json\/wp\/v2\/posts\/5986\/revisions"}],"predecessor-version":[{"id":15024,"href":"https:\/\/lafilledecorinthe.com\/wordpress\/wp-json\/wp\/v2\/posts\/5986\/revisions\/15024"}],"wp:featuredmedia":[{"embeddable":true,"href":"https:\/\/lafilledecorinthe.com\/wordpress\/wp-json\/wp\/v2\/media\/5987"}],"wp:attachment":[{"href":"https:\/\/lafilledecorinthe.com\/wordpress\/wp-json\/wp\/v2\/media?parent=5986"}],"wp:term":[{"taxonomy":"category","embeddable":true,"href":"https:\/\/lafilledecorinthe.com\/wordpress\/wp-json\/wp\/v2\/categories?post=5986"},{"taxonomy":"post_tag","embeddable":true,"href":"https:\/\/lafilledecorinthe.com\/wordpress\/wp-json\/wp\/v2\/tags?post=5986"}],"curies":[{"name":"wp","href":"https:\/\/api.w.org\/{rel}","templated":true}]}}