{"id":5979,"date":"2015-03-12T15:12:17","date_gmt":"2015-03-12T14:12:17","guid":{"rendered":"http:\/\/lafilledecorinthe.com\/wordpress\/?p=5979"},"modified":"2025-12-06T19:52:09","modified_gmt":"2025-12-06T18:52:09","slug":"ecole-et-cinema-92-ernest-et-celestine","status":"publish","type":"post","link":"https:\/\/lafilledecorinthe.com\/wordpress\/2015\/03\/ecole-et-cinema-92-ernest-et-celestine\/","title":{"rendered":"\u00ab\u00a0Ecole et cin\u00e9ma 92\u00a0\u00bb Ernest et C\u00e9lestine"},"content":{"rendered":"<div class=\"wp-block-image\">\n<figure class=\"aligncenter\"><a href=\"https:\/\/lafilledecorinthe.com\/wordpress\/wp-content\/uploads\/2015\/03\/cauchemard_converti.jpg\"><img loading=\"lazy\" decoding=\"async\" width=\"800\" height=\"447\" src=\"https:\/\/lafilledecorinthe.com\/wordpress\/wp-content\/uploads\/2015\/03\/cauchemard_converti.jpg\" alt=\"Ernest et C\u00e9lestine de Benjamin Renner, Vincent Patar et St\u00e9phane Aubier, 2012\" class=\"wp-image-6112\" srcset=\"https:\/\/lafilledecorinthe.com\/wordpress\/wp-content\/uploads\/2015\/03\/cauchemard_converti.jpg 800w, https:\/\/lafilledecorinthe.com\/wordpress\/wp-content\/uploads\/2015\/03\/cauchemard_converti-680x379.jpg 680w, https:\/\/lafilledecorinthe.com\/wordpress\/wp-content\/uploads\/2015\/03\/cauchemard_converti-500x279.jpg 500w\" sizes=\"auto, (max-width: 800px) 100vw, 800px\" \/><\/a><figcaption class=\"wp-element-caption\"><em>Ernest et C\u00e9lestine<\/em> de Benjamin Renner, Vincent Patar et St\u00e9phane Aubier, 2012<\/figcaption><\/figure>\n<\/div>\n\n\n<p><strong>Projection-conf\u00e9rence :<\/strong><br><a title=\"\u00ab\u00a0Ernest et C\u00e9lestine\u00a0\u00bb, le film !\" href=\"https:\/\/lafilledecorinthe.com\/wordpress\/2012\/11\/ernest-et-celestine-le-film\/\"><em>Ernest et C\u00e9lestine <\/em><\/a>de Benjamin Renner, Vincent Patar et St\u00e9phane Aubier<br>Cin\u00e9ma Le Rex de Ch\u00e2tenay-Malabry<br>Samedi 14 mars 2015<br>Cin\u00e9ma Jean Vigo de Gennevilliers<br>Samedi 11 avril 2015<\/p>\n\n\n\n<p>Document accompagnant la conf\u00e9rence&nbsp;<a href=\"https:\/\/lafilledecorinthe.com\/wordpress\/wp-content\/uploads\/2015\/03\/Ernest-et-C\u00e9lestine2.pdf\">Ernest et C\u00e9lestine<\/a><a href=\"https:\/\/lafilledecorinthe.com\/wordpress\/wp-content\/uploads\/2015\/03\/Ernest-et-C\u00e9lestine.pdf\"><br><\/a><\/p>\n\n\n\n<p>S\u00e9quence :&nbsp;<a href=\"https:\/\/lafilledecorinthe.com\/wordpress\/wp-content\/uploads\/2015\/03\/Hiver-printemps-.pdf\">Hiver- printemps<\/a><\/p>\n\n\n\n<p>Parole des&nbsp;<a href=\"https:\/\/lafilledecorinthe.com\/wordpress\/wp-content\/uploads\/2015\/03\/chansons-dErnest-et-C\u00e9lestine-.pdf\">chansons d&rsquo;Ernest et C\u00e9lestine&nbsp;<\/a><a href=\"https:\/\/lafilledecorinthe.com\/wordpress\/wp-content\/uploads\/2015\/03\/La-chanson-dErnest-et-C\u00e9lestine-.pdf\"><br><\/a><\/p>\n\n\n\n<p><em>Le corbeau voulant imit\u00e9 l&rsquo;aigle, <\/em>film\u00a0de premi\u00e8re ann\u00e9e r\u00e9alis\u00e9 par Benjamin Renner \u00e0 l&rsquo;<a href=\"http:\/\/www.poudriere.eu\/fr\/\" target=\"_blank\" rel=\"noopener\">\u00e9cole de la Poudri\u00e8re<\/a>:<br><\/p>\n\n\n\n<figure class=\"wp-block-embed is-type-video is-provider-vimeo wp-block-embed-vimeo\"><div class=\"wp-block-embed__wrapper\">\n<iframe loading=\"lazy\" title=\"Le Corbeau voulant imiter l&#039;Aigle\" src=\"https:\/\/player.vimeo.com\/video\/40657305?dnt=1&amp;app_id=122963\" width=\"720\" height=\"576\" frameborder=\"0\" allow=\"autoplay; fullscreen; picture-in-picture; clipboard-write; encrypted-media; web-share\" referrerpolicy=\"strict-origin-when-cross-origin\"><\/iframe>\n<\/div><\/figure>\n\n\n\n<p>Deux interviews passionnants de Daniel Pennac et Vincent Courtois :<\/p>\n\n\n\n<figure class=\"wp-block-embed is-type-video is-provider-youtube wp-block-embed-youtube wp-embed-aspect-16-9 wp-has-aspect-ratio\"><div class=\"wp-block-embed__wrapper\">\n<iframe loading=\"lazy\" title=\"Interview Daniel Pennac.mov\" width=\"720\" height=\"405\" src=\"https:\/\/www.youtube.com\/embed\/Rx9oFAyzhfc?feature=oembed\" frameborder=\"0\" allow=\"accelerometer; autoplay; clipboard-write; encrypted-media; gyroscope; picture-in-picture; web-share\" referrerpolicy=\"strict-origin-when-cross-origin\" allowfullscreen><\/iframe>\n<\/div><\/figure>\n\n\n\n<p><\/p>\n\n\n\n<figure class=\"wp-block-embed is-type-video is-provider-youtube wp-block-embed-youtube wp-embed-aspect-4-3 wp-has-aspect-ratio\"><div class=\"wp-block-embed__wrapper\">\n<iframe loading=\"lazy\" title=\"Vincent Courtois - Compositeur de &quot;Ernest et C\u00e9lestine&quot;\" width=\"720\" height=\"540\" src=\"https:\/\/www.youtube.com\/embed\/EVgYPfp2bZM?start=2&#038;feature=oembed\" frameborder=\"0\" allow=\"accelerometer; autoplay; clipboard-write; encrypted-media; gyroscope; picture-in-picture; web-share\" referrerpolicy=\"strict-origin-when-cross-origin\" allowfullscreen><\/iframe>\n<\/div><\/figure>\n\n\n\n<p><\/p>\n\n\n\n<p>Davy Durand, l&rsquo;animateur qui a r\u00e9alis\u00e9 la sc\u00e8ne onirique du passage de l&rsquo;hiver au printemps est l&rsquo;auteur d&rsquo;autres petites merveilles (<a href=\"http:\/\/davydurand.blogspot.fr\/2015\/01\/un-cycle-24-heures-de-la-bd-2015.html\" target=\"_blank\" rel=\"noopener\">un cycle<\/a>, ses <a href=\"http:\/\/davydurand.blogspot.fr\/p\/courts-metrages.html\" target=\"_blank\" rel=\"noopener\">courts m\u00e9trages<\/a>) \u00e0 d\u00e9couvrir sur son site !<\/p>\n\n\n\n<figure class=\"wp-block-embed is-type-video is-provider-youtube wp-block-embed-youtube wp-embed-aspect-16-9 wp-has-aspect-ratio\"><div class=\"wp-block-embed__wrapper\">\n<iframe loading=\"lazy\" title=\"Le papillon et la libellule\" width=\"720\" height=\"405\" src=\"https:\/\/www.youtube.com\/embed\/oPWB7bOwbX4?feature=oembed\" frameborder=\"0\" allow=\"accelerometer; autoplay; clipboard-write; encrypted-media; gyroscope; picture-in-picture; web-share\" referrerpolicy=\"strict-origin-when-cross-origin\" allowfullscreen><\/iframe>\n<\/div><\/figure>\n","protected":false},"excerpt":{"rendered":"<p>Projection-conf\u00e9rence :Ernest et C\u00e9lestine de Benjamin Renner, Vincent Patar et St\u00e9phane AubierCin\u00e9ma Le Rex de Ch\u00e2tenay-MalabrySamedi 14 mars 2015Cin\u00e9ma Jean Vigo de GennevilliersSamedi 11 avril 2015 Document accompagnant la conf\u00e9rence&nbsp;Ernest et C\u00e9lestine S\u00e9quence :&nbsp;Hiver- printemps Parole des&nbsp;chansons d&rsquo;Ernest et C\u00e9lestine&nbsp; Le corbeau voulant imit\u00e9 l&rsquo;aigle, film\u00a0de premi\u00e8re ann\u00e9e r\u00e9alis\u00e9 par Benjamin Renner \u00e0 l&rsquo;\u00e9cole de&#8230;<\/p>\n","protected":false},"author":2,"featured_media":6112,"comment_status":"open","ping_status":"open","sticky":false,"template":"","format":"standard","meta":{"_kad_post_transparent":"","_kad_post_title":"","_kad_post_layout":"","_kad_post_sidebar_id":"","_kad_post_content_style":"","_kad_post_vertical_padding":"","_kad_post_feature":"","_kad_post_feature_position":"","_kad_post_header":false,"_kad_post_footer":false,"_kad_post_classname":"","footnotes":""},"categories":[8],"tags":[209,211,999,24,206,997,1000,316,213,998,315],"class_list":["post-5979","post","type-post","status-publish","format-standard","has-post-thumbnail","hentry","category-formations-adultes","tag-benjamin-renner","tag-daniel-pennac","tag-davy-durand","tag-ecole-et-cinema","tag-ernest-et-celestine","tag-la-chanson-dernest-et-celestine","tag-le-papillon-et-la-libellule","tag-stephane-aubier","tag-thomas-fersen","tag-vincent-courtois","tag-vincent-patar"],"_links":{"self":[{"href":"https:\/\/lafilledecorinthe.com\/wordpress\/wp-json\/wp\/v2\/posts\/5979","targetHints":{"allow":["GET"]}}],"collection":[{"href":"https:\/\/lafilledecorinthe.com\/wordpress\/wp-json\/wp\/v2\/posts"}],"about":[{"href":"https:\/\/lafilledecorinthe.com\/wordpress\/wp-json\/wp\/v2\/types\/post"}],"author":[{"embeddable":true,"href":"https:\/\/lafilledecorinthe.com\/wordpress\/wp-json\/wp\/v2\/users\/2"}],"replies":[{"embeddable":true,"href":"https:\/\/lafilledecorinthe.com\/wordpress\/wp-json\/wp\/v2\/comments?post=5979"}],"version-history":[{"count":76,"href":"https:\/\/lafilledecorinthe.com\/wordpress\/wp-json\/wp\/v2\/posts\/5979\/revisions"}],"predecessor-version":[{"id":14765,"href":"https:\/\/lafilledecorinthe.com\/wordpress\/wp-json\/wp\/v2\/posts\/5979\/revisions\/14765"}],"wp:featuredmedia":[{"embeddable":true,"href":"https:\/\/lafilledecorinthe.com\/wordpress\/wp-json\/wp\/v2\/media\/6112"}],"wp:attachment":[{"href":"https:\/\/lafilledecorinthe.com\/wordpress\/wp-json\/wp\/v2\/media?parent=5979"}],"wp:term":[{"taxonomy":"category","embeddable":true,"href":"https:\/\/lafilledecorinthe.com\/wordpress\/wp-json\/wp\/v2\/categories?post=5979"},{"taxonomy":"post_tag","embeddable":true,"href":"https:\/\/lafilledecorinthe.com\/wordpress\/wp-json\/wp\/v2\/tags?post=5979"}],"curies":[{"name":"wp","href":"https:\/\/api.w.org\/{rel}","templated":true}]}}