{"id":5949,"date":"2015-01-18T21:02:19","date_gmt":"2015-01-18T20:02:19","guid":{"rendered":"http:\/\/lafilledecorinthe.com\/wordpress\/?p=5949"},"modified":"2025-12-07T21:28:03","modified_gmt":"2025-12-07T20:28:03","slug":"coucou-nous-voila-au-select-dantony","status":"publish","type":"post","link":"https:\/\/lafilledecorinthe.com\/wordpress\/2015\/01\/coucou-nous-voila-au-select-dantony\/","title":{"rendered":"\u00ab\u00a0Coucou nous voil\u00e0 !\u00a0\u00bb au S\u00e9lect d&rsquo;Antony"},"content":{"rendered":"\n<p>Pour f\u00eater le premier anniversaire du S\u00e9lect r\u00e9nov\u00e9 un nouvel atelier doudou a \u00e9t\u00e9 programm\u00e9. Apr\u00e8s la projection des nouvelles aventures de Nounourse et ses amis, les enfants se sont retrouv\u00e9s pour fabriquer et animer un doudou marionnette.<\/p>\n\n\n<div class=\"wp-block-image\">\n<figure class=\"aligncenter\"><a href=\"https:\/\/lafilledecorinthe.com\/wordpress\/wp-content\/uploads\/2015\/01\/P1130190.jpg\"><img loading=\"lazy\" decoding=\"async\" width=\"640\" height=\"480\" src=\"https:\/\/lafilledecorinthe.com\/wordpress\/wp-content\/uploads\/2015\/01\/P1130190.jpg\" alt=\"Le mat\u00e9riel est pr\u00eat !\" class=\"wp-image-5954\" srcset=\"https:\/\/lafilledecorinthe.com\/wordpress\/wp-content\/uploads\/2015\/01\/P1130190.jpg 640w, https:\/\/lafilledecorinthe.com\/wordpress\/wp-content\/uploads\/2015\/01\/P1130190-400x300.jpg 400w\" sizes=\"auto, (max-width: 640px) 100vw, 640px\" \/><\/a><figcaption class=\"wp-element-caption\">Le mat\u00e9riel et le mod\u00e8le sont pr\u00eats !<\/figcaption><\/figure>\n<\/div>\n\n<div class=\"wp-block-image\">\n<figure class=\"aligncenter\"><a href=\"https:\/\/lafilledecorinthe.com\/wordpress\/wp-content\/uploads\/2015\/01\/P11301981.jpg\"><img loading=\"lazy\" decoding=\"async\" width=\"640\" height=\"480\" src=\"https:\/\/lafilledecorinthe.com\/wordpress\/wp-content\/uploads\/2015\/01\/P11301981.jpg\" alt=\"Un grand moment de complicit\u00e9 ou une histoire \u00e0 4 mains !\" class=\"wp-image-5955\" srcset=\"https:\/\/lafilledecorinthe.com\/wordpress\/wp-content\/uploads\/2015\/01\/P11301981.jpg 640w, https:\/\/lafilledecorinthe.com\/wordpress\/wp-content\/uploads\/2015\/01\/P11301981-400x300.jpg 400w\" sizes=\"auto, (max-width: 640px) 100vw, 640px\" \/><\/a><figcaption class=\"wp-element-caption\">Un grand moment de complicit\u00e9 ou une histoire \u00e0 4 mains !<\/figcaption><\/figure>\n<\/div>\n\n<div class=\"wp-block-image\">\n<figure class=\"aligncenter\"><a href=\"https:\/\/lafilledecorinthe.com\/wordpress\/wp-content\/uploads\/2015\/01\/P1130205.jpg\"><img loading=\"lazy\" decoding=\"async\" width=\"640\" height=\"480\" src=\"https:\/\/lafilledecorinthe.com\/wordpress\/wp-content\/uploads\/2015\/01\/P1130205.jpg\" alt=\"Il est temps maintenant d'animer nos nounourses ...\" class=\"wp-image-5958\" srcset=\"https:\/\/lafilledecorinthe.com\/wordpress\/wp-content\/uploads\/2015\/01\/P1130205.jpg 640w, https:\/\/lafilledecorinthe.com\/wordpress\/wp-content\/uploads\/2015\/01\/P1130205-400x300.jpg 400w\" sizes=\"auto, (max-width: 640px) 100vw, 640px\" \/><\/a><figcaption class=\"wp-element-caption\">Il est temps maintenant d&rsquo;animer nos nounourses &#8230;<\/figcaption><\/figure>\n<\/div>\n\n<div class=\"wp-block-image\">\n<figure class=\"aligncenter\"><a href=\"https:\/\/lafilledecorinthe.com\/wordpress\/wp-content\/uploads\/2015\/01\/P1130210.jpg\"><img loading=\"lazy\" decoding=\"async\" width=\"480\" height=\"640\" src=\"https:\/\/lafilledecorinthe.com\/wordpress\/wp-content\/uploads\/2015\/01\/P1130210.jpg\" alt=\"Quand on a 3 ans, bouger son doudou &quot;petit \u00e0 petit&quot; est une grande aventure...\" class=\"wp-image-5959\" srcset=\"https:\/\/lafilledecorinthe.com\/wordpress\/wp-content\/uploads\/2015\/01\/P1130210.jpg 480w, https:\/\/lafilledecorinthe.com\/wordpress\/wp-content\/uploads\/2015\/01\/P1130210-225x300.jpg 225w\" sizes=\"auto, (max-width: 480px) 100vw, 480px\" \/><\/a><figcaption class=\"wp-element-caption\">Quand on a 3 ans, bouger son doudou \u00ab\u00a0petit \u00e0 petit\u00a0\u00bb est une grande aventure&#8230;<\/figcaption><\/figure>\n<\/div>\n\n<div class=\"wp-block-image\">\n<figure class=\"aligncenter\"><a href=\"https:\/\/lafilledecorinthe.com\/wordpress\/wp-content\/uploads\/2015\/01\/P1130217.jpg\"><img loading=\"lazy\" decoding=\"async\" width=\"640\" height=\"480\" src=\"https:\/\/lafilledecorinthe.com\/wordpress\/wp-content\/uploads\/2015\/01\/P1130217.jpg\" alt=\"On a fait plus de quarante images pour quelques secondes de film !\" class=\"wp-image-5961\" srcset=\"https:\/\/lafilledecorinthe.com\/wordpress\/wp-content\/uploads\/2015\/01\/P1130217.jpg 640w, https:\/\/lafilledecorinthe.com\/wordpress\/wp-content\/uploads\/2015\/01\/P1130217-400x300.jpg 400w\" sizes=\"auto, (max-width: 640px) 100vw, 640px\" \/><\/a><figcaption class=\"wp-element-caption\">On a fait plus de quarante images pour quelques secondes de film !<\/figcaption><\/figure>\n<\/div>\n\n\n<p>Et voici le r\u00e9sultat !<\/p>\n\n\n\n<figure class=\"wp-block-embed is-type-video is-provider-youtube wp-block-embed-youtube wp-embed-aspect-16-9 wp-has-aspect-ratio\"><div class=\"wp-block-embed__wrapper\">\n<iframe loading=\"lazy\" title=\"Nounourse\" width=\"720\" height=\"405\" src=\"https:\/\/www.youtube.com\/embed\/WKcu8qwchKI?feature=oembed\" frameborder=\"0\" allow=\"accelerometer; autoplay; clipboard-write; encrypted-media; gyroscope; picture-in-picture; web-share\" referrerpolicy=\"strict-origin-when-cross-origin\" allowfullscreen><\/iframe>\n<\/div><\/figure>\n\n\n\n<p><\/p>\n\n\n\n<p>Un grand merci \u00e0 Jo\u00eblle pour la conception du doudou marionnette et l&rsquo;aide logistique &#8230;<\/p>\n","protected":false},"excerpt":{"rendered":"<p>Pour f\u00eater le premier anniversaire du S\u00e9lect r\u00e9nov\u00e9 un nouvel atelier doudou a \u00e9t\u00e9 programm\u00e9. Apr\u00e8s la projection des nouvelles aventures de Nounourse et ses amis, les enfants se sont retrouv\u00e9s pour fabriquer et animer un doudou marionnette. Et voici le r\u00e9sultat ! Un grand merci \u00e0 Jo\u00eblle pour la conception du doudou marionnette et&#8230;<\/p>\n","protected":false},"author":2,"featured_media":5950,"comment_status":"open","ping_status":"open","sticky":false,"template":"","format":"standard","meta":{"_kad_post_transparent":"","_kad_post_title":"","_kad_post_layout":"","_kad_post_sidebar_id":"","_kad_post_content_style":"","_kad_post_vertical_padding":"","_kad_post_feature":"","_kad_post_feature_position":"","_kad_post_header":false,"_kad_post_footer":false,"_kad_post_classname":"","footnotes":""},"categories":[7],"tags":[982,983,781,980,811,981],"class_list":["post-5949","post","type-post","status-publish","format-standard","has-post-thumbnail","hentry","category-ateliers-enfants","tag-antony","tag-atelier-enfants","tag-cinema","tag-coucou-nous-voila","tag-doudou","tag-select"],"_links":{"self":[{"href":"https:\/\/lafilledecorinthe.com\/wordpress\/wp-json\/wp\/v2\/posts\/5949","targetHints":{"allow":["GET"]}}],"collection":[{"href":"https:\/\/lafilledecorinthe.com\/wordpress\/wp-json\/wp\/v2\/posts"}],"about":[{"href":"https:\/\/lafilledecorinthe.com\/wordpress\/wp-json\/wp\/v2\/types\/post"}],"author":[{"embeddable":true,"href":"https:\/\/lafilledecorinthe.com\/wordpress\/wp-json\/wp\/v2\/users\/2"}],"replies":[{"embeddable":true,"href":"https:\/\/lafilledecorinthe.com\/wordpress\/wp-json\/wp\/v2\/comments?post=5949"}],"version-history":[{"count":15,"href":"https:\/\/lafilledecorinthe.com\/wordpress\/wp-json\/wp\/v2\/posts\/5949\/revisions"}],"predecessor-version":[{"id":15029,"href":"https:\/\/lafilledecorinthe.com\/wordpress\/wp-json\/wp\/v2\/posts\/5949\/revisions\/15029"}],"wp:featuredmedia":[{"embeddable":true,"href":"https:\/\/lafilledecorinthe.com\/wordpress\/wp-json\/wp\/v2\/media\/5950"}],"wp:attachment":[{"href":"https:\/\/lafilledecorinthe.com\/wordpress\/wp-json\/wp\/v2\/media?parent=5949"}],"wp:term":[{"taxonomy":"category","embeddable":true,"href":"https:\/\/lafilledecorinthe.com\/wordpress\/wp-json\/wp\/v2\/categories?post=5949"},{"taxonomy":"post_tag","embeddable":true,"href":"https:\/\/lafilledecorinthe.com\/wordpress\/wp-json\/wp\/v2\/tags?post=5949"}],"curies":[{"name":"wp","href":"https:\/\/api.w.org\/{rel}","templated":true}]}}