{"id":5800,"date":"2015-01-07T09:32:06","date_gmt":"2015-01-07T08:32:06","guid":{"rendered":"http:\/\/lafilledecorinthe.com\/wordpress\/?p=5800"},"modified":"2025-12-06T07:32:18","modified_gmt":"2025-12-06T06:32:18","slug":"enfances-au-cinema-le-gruffalo-et-droles-de-creatures","status":"publish","type":"post","link":"https:\/\/lafilledecorinthe.com\/wordpress\/2015\/01\/enfances-au-cinema-le-gruffalo-et-droles-de-creatures\/","title":{"rendered":"Enfances au cin\u00e9ma : Le Gruffalo et Dr\u00f4les de cr\u00e9atures"},"content":{"rendered":"\n<p>Projection Conf\u00e9rence<br>Cin\u00e9ma Les Ursulines \u00e0 Paris<br>Mardi 6 janvier 2015<\/p>\n\n\n\n<p>\u00ab\u00a0<em>\u00a0C&rsquo;est les r\u00eaves qui font grandir les enfants et les poussent en avant, mais pas trop pourtant, <\/em>chante Anne Sylvestre dans sa berceuse pour r\u00eaver. Il n&rsquo;y a pas que les r\u00eaves qui les font grandir, les livres aussi. Et certains plus que d&rsquo;autres : ceux qui ne cherchent pas \u00e0 tout prix \u00e0 dispenser des savoirs, mais qui donnent mati\u00e8re \u00e0 r\u00eaver, \u00e0 se poser des questions, \u00e0 jouer, \u00e0 s&rsquo;insurger, \u00e0 s&rsquo;\u00e9mouvoir.\u00a0\u00bb<br>Jo\u00eblle Turin, Ces livres qui font grandir les enfants, Didier jeunesse, 2012<\/p>\n\n\n\n<p>Les films aussi font grandir les enfants ! &nbsp;Les courts m\u00e9trages qui composent&nbsp;<em>Le Gruffalo&nbsp;<\/em>et&nbsp;<em>Dr\u00f4les de cr\u00e9atures<\/em>&nbsp;mettent en sc\u00e8ne la peur, l&rsquo;apparence, l&rsquo;alt\u00e9rit\u00e9 &#8230; Ils offrent une vari\u00e9t\u00e9 de points de vue sur ces questions qui troublent l&rsquo;\u00eatre humain d\u00e8s son plus jeune \u00e2ge. La programmation de <a href=\"http:\/\/www.enfancesaucinema.net\/\" target=\"_blank\" rel=\"noopener\"><em>Mon premier cin\u00e9ma<\/em><\/a> est, une fois de plus, riche et exigeante, elle fait confiance aux oeuvres et aux enfants.<\/p>\n\n\n\n<p>Pour compl\u00e9ter la projection-conf\u00e9rence &#8230;<\/p>\n\n\n\n<p>L&rsquo;animation du film <em>Le Gruffalo <\/em>a \u00e9t\u00e9 r\u00e9alis\u00e9e dans le studio allemand <a href=\"http:\/\/www.studiosoi.com\/blog\/\" target=\"_blank\" rel=\"noopener\">Studio Soi<\/a>, leur blog pr\u00e9sente de nombreux \u00e9l\u00e9ments des diff\u00e9rentes \u00e9tapes de la fabrication du film, une mine \u00e0 explorer&#8230;<\/p>\n\n\n\n<figure class=\"wp-block-embed is-type-video is-provider-youtube wp-block-embed-youtube wp-embed-aspect-16-9 wp-has-aspect-ratio\"><div class=\"wp-block-embed__wrapper\">\n<iframe loading=\"lazy\" title=\"A Gruffalo&#039;s Journey | The Gruffalo&#039;s Child: The Making Of Part 1\" width=\"720\" height=\"405\" src=\"https:\/\/www.youtube.com\/embed\/-aTTV54EvyI?start=103&#038;feature=oembed\" frameborder=\"0\" allow=\"accelerometer; autoplay; clipboard-write; encrypted-media; gyroscope; picture-in-picture; web-share\" referrerpolicy=\"strict-origin-when-cross-origin\" allowfullscreen><\/iframe>\n<\/div><\/figure>\n\n\n\n<p>Ren\u00e9 Aubry interpr\u00e8te avec ses musiciens le th\u00e8me de la souris.<\/p>\n\n\n\n<figure class=\"wp-block-embed is-type-video is-provider-youtube wp-block-embed-youtube wp-embed-aspect-16-9 wp-has-aspect-ratio\"><div class=\"wp-block-embed__wrapper\">\n<iframe loading=\"lazy\" title=\"RENE AUBRY.  The Mouse Theme from &quot;The Gruffalo&quot;\" width=\"720\" height=\"405\" src=\"https:\/\/www.youtube.com\/embed\/VySen7s6lxU?feature=oembed\" frameborder=\"0\" allow=\"accelerometer; autoplay; clipboard-write; encrypted-media; gyroscope; picture-in-picture; web-share\" referrerpolicy=\"strict-origin-when-cross-origin\" allowfullscreen><\/iframe>\n<\/div><\/figure>\n\n\n\n<p>Le programme <em>Dr\u00f4les de cr\u00e9atures <\/em>a \u00e9t\u00e9 con\u00e7u par l&rsquo;association <em>Cin\u00e9ma Public&nbsp;<\/em>pour l&rsquo;\u00e9dition 2013 de son festival <em>Cin\u00e9 Junior<\/em>. Il est accompagn\u00e9 d&rsquo;un excellent <a href=\"http:\/\/cinemapublic.org\/IMG\/pdf\/DossierPedagogique-DrolesDeCreatures.pdf\" target=\"_blank\" rel=\"noopener\">dossier p\u00e9dagogique<\/a> et de visuels. <a href=\"http:\/\/cinemapublic.org\/IMG\/pdf\/DossierPedagogique-DrolesDeCreatures.pdf\"><br><\/a><\/p>\n","protected":false},"excerpt":{"rendered":"<p>Projection Conf\u00e9renceCin\u00e9ma Les Ursulines \u00e0 ParisMardi 6 janvier 2015 \u00ab\u00a0\u00a0C&rsquo;est les r\u00eaves qui font grandir les enfants et les poussent en avant, mais pas trop pourtant, chante Anne Sylvestre dans sa berceuse pour r\u00eaver. Il n&rsquo;y a pas que les r\u00eaves qui les font grandir, les livres aussi. Et certains plus que d&rsquo;autres : ceux&#8230;<\/p>\n","protected":false},"author":2,"featured_media":5877,"comment_status":"open","ping_status":"open","sticky":false,"template":"","format":"standard","meta":{"_kad_post_transparent":"","_kad_post_title":"","_kad_post_layout":"","_kad_post_sidebar_id":"","_kad_post_content_style":"","_kad_post_vertical_padding":"","_kad_post_feature":"","_kad_post_feature_position":"","_kad_post_header":false,"_kad_post_footer":false,"_kad_post_classname":"","footnotes":""},"categories":[8],"tags":[972,971,969,974,967,353,970,966,354,23,968,973],"class_list":["post-5800","post","type-post","status-publish","format-standard","has-post-thumbnail","hentry","category-formations-adultes","tag-alterite","tag-apparence","tag-cinema-les-ursulines","tag-cinema-public","tag-droles-de-creatures","tag-enfances-au-cinema","tag-joelle-turin","tag-le-gruffalo","tag-mon-premier-cinema","tag-peur","tag-projection-conference","tag-studio-soi"],"_links":{"self":[{"href":"https:\/\/lafilledecorinthe.com\/wordpress\/wp-json\/wp\/v2\/posts\/5800","targetHints":{"allow":["GET"]}}],"collection":[{"href":"https:\/\/lafilledecorinthe.com\/wordpress\/wp-json\/wp\/v2\/posts"}],"about":[{"href":"https:\/\/lafilledecorinthe.com\/wordpress\/wp-json\/wp\/v2\/types\/post"}],"author":[{"embeddable":true,"href":"https:\/\/lafilledecorinthe.com\/wordpress\/wp-json\/wp\/v2\/users\/2"}],"replies":[{"embeddable":true,"href":"https:\/\/lafilledecorinthe.com\/wordpress\/wp-json\/wp\/v2\/comments?post=5800"}],"version-history":[{"count":57,"href":"https:\/\/lafilledecorinthe.com\/wordpress\/wp-json\/wp\/v2\/posts\/5800\/revisions"}],"predecessor-version":[{"id":14710,"href":"https:\/\/lafilledecorinthe.com\/wordpress\/wp-json\/wp\/v2\/posts\/5800\/revisions\/14710"}],"wp:featuredmedia":[{"embeddable":true,"href":"https:\/\/lafilledecorinthe.com\/wordpress\/wp-json\/wp\/v2\/media\/5877"}],"wp:attachment":[{"href":"https:\/\/lafilledecorinthe.com\/wordpress\/wp-json\/wp\/v2\/media?parent=5800"}],"wp:term":[{"taxonomy":"category","embeddable":true,"href":"https:\/\/lafilledecorinthe.com\/wordpress\/wp-json\/wp\/v2\/categories?post=5800"},{"taxonomy":"post_tag","embeddable":true,"href":"https:\/\/lafilledecorinthe.com\/wordpress\/wp-json\/wp\/v2\/tags?post=5800"}],"curies":[{"name":"wp","href":"https:\/\/api.w.org\/{rel}","templated":true}]}}