{"id":5783,"date":"2015-01-10T16:52:46","date_gmt":"2015-01-10T15:52:46","guid":{"rendered":"http:\/\/lafilledecorinthe.com\/wordpress\/?p=5783"},"modified":"2025-12-06T19:58:00","modified_gmt":"2025-12-06T18:58:00","slug":"ecole-et-cinema-92-u","status":"publish","type":"post","link":"https:\/\/lafilledecorinthe.com\/wordpress\/2015\/01\/ecole-et-cinema-92-u\/","title":{"rendered":"\u00ab\u00a0Ecole et cin\u00e9ma 92\u00a0\u00bb  U"},"content":{"rendered":"\n<p><\/p>\n\n\n\n<p><strong>Projection-conf\u00e9rence :<\/strong><br>U de Gr\u00e9goire Solotareff et Serge Ellissalde<br>Co-anim\u00e9e avec Marc Laugenie<br>Cin\u00e9ma le Rex de Ch\u00e2tenay-Malabry<br>Samedi 10 janvier 2015<br>Cin\u00e9ma Jean Vigo de Gennevilliers<br>Samedi 24 janvier 2015<\/p>\n\n\n\n<p>Document accompagnant la conf\u00e9rence :&nbsp;<a href=\"https:\/\/lafilledecorinthe.com\/wordpress\/wp-content\/uploads\/2015\/01\/U2.pdf\">U<\/a><a href=\"https:\/\/lafilledecorinthe.com\/wordpress\/wp-content\/uploads\/2015\/01\/U.pdf\"><br><\/a><\/p>\n\n\n<div class=\"wp-block-image\">\n<figure class=\"aligncenter\"><a href=\"https:\/\/lafilledecorinthe.com\/wordpress\/wp-content\/uploads\/2015\/01\/Dialogue-U-Lazarre_converti.jpg\"><img loading=\"lazy\" decoding=\"async\" width=\"800\" height=\"433\" src=\"https:\/\/lafilledecorinthe.com\/wordpress\/wp-content\/uploads\/2015\/01\/Dialogue-U-Lazarre_converti.jpg\" alt=\"Premier dialogue entre U et  Lazarre\" class=\"wp-image-5929\" srcset=\"https:\/\/lafilledecorinthe.com\/wordpress\/wp-content\/uploads\/2015\/01\/Dialogue-U-Lazarre_converti.jpg 800w, https:\/\/lafilledecorinthe.com\/wordpress\/wp-content\/uploads\/2015\/01\/Dialogue-U-Lazarre_converti-680x368.jpg 680w, https:\/\/lafilledecorinthe.com\/wordpress\/wp-content\/uploads\/2015\/01\/Dialogue-U-Lazarre_converti-500x270.jpg 500w\" sizes=\"auto, (max-width: 800px) 100vw, 800px\" \/><\/a><figcaption class=\"wp-element-caption\">Premier dialogue entre U et Lazarre \u00a0 0.06.51<\/figcaption><\/figure>\n<\/div>\n\n\n<p><a href=\"https:\/\/lafilledecorinthe.com\/wordpress\/wp-content\/uploads\/2015\/01\/texte.pdf\">Texte<\/a>&nbsp;du premier dialogue entre U et Lazarre<\/p>\n\n\n<div class=\"wp-block-image\">\n<figure class=\"aligncenter\"><a href=\"https:\/\/lafilledecorinthe.com\/wordpress\/wp-content\/uploads\/2015\/01\/Licorne_converti.jpg\"><img loading=\"lazy\" decoding=\"async\" width=\"800\" height=\"428\" src=\"https:\/\/lafilledecorinthe.com\/wordpress\/wp-content\/uploads\/2015\/01\/Licorne_converti.jpg\" alt=\"Danse autour du feu dans la for\u00eat   0.28.07\" class=\"wp-image-5933\" srcset=\"https:\/\/lafilledecorinthe.com\/wordpress\/wp-content\/uploads\/2015\/01\/Licorne_converti.jpg 800w, https:\/\/lafilledecorinthe.com\/wordpress\/wp-content\/uploads\/2015\/01\/Licorne_converti-680x363.jpg 680w, https:\/\/lafilledecorinthe.com\/wordpress\/wp-content\/uploads\/2015\/01\/Licorne_converti-500x267.jpg 500w\" sizes=\"auto, (max-width: 800px) 100vw, 800px\" \/><\/a><figcaption class=\"wp-element-caption\">Danse autour du feu dans la for\u00eat 0.28.07<\/figcaption><\/figure>\n<\/div>\n\n\n<p><a href=\"https:\/\/lafilledecorinthe.com\/wordpress\/wp-content\/uploads\/2015\/01\/d\u00e9coupage-.pdf\">D\u00e9coupage<\/a>&nbsp;de la s\u00e9quence <em>Danse autour du feu dans la for\u00eat<\/em><\/p>\n\n\n\n<p><a href=\"https:\/\/lafilledecorinthe.com\/wordpress\/wp-content\/uploads\/2015\/01\/Paroles.pdf\">Paroles<\/a>&nbsp;Zigeunerleben op.29 n\u00b0 3 de Robert Schumann, 1840<\/p>\n\n\n\n<figure class=\"wp-block-embed is-type-video is-provider-youtube wp-block-embed-youtube wp-embed-aspect-4-3 wp-has-aspect-ratio\"><div class=\"wp-block-embed__wrapper\">\n<iframe loading=\"lazy\" title=\"Hell&#039;s Bells\" width=\"720\" height=\"540\" src=\"https:\/\/www.youtube.com\/embed\/N8J6lQZdM-M?start=69&#038;feature=oembed\" frameborder=\"0\" allow=\"accelerometer; autoplay; clipboard-write; encrypted-media; gyroscope; picture-in-picture; web-share\" referrerpolicy=\"strict-origin-when-cross-origin\" allowfullscreen><\/iframe>\n<\/div><\/figure>\n\n\n\n<p>On trouve des merveilles dans les biblioth\u00e8ques d&rsquo;\u00e9cole&#8230;&nbsp;<a href=\"https:\/\/lafilledecorinthe.com\/wordpress\/wp-content\/uploads\/2015\/01\/le-corbeau-et-le-renard-.pdf\">Le corbeau et le renard&nbsp;<\/a>revisit\u00e9 par Gr\u00e9goire Solotareff.<\/p>\n","protected":false},"excerpt":{"rendered":"<p>Projection-conf\u00e9rence :U de Gr\u00e9goire Solotareff et Serge EllissaldeCo-anim\u00e9e avec Marc LaugenieCin\u00e9ma le Rex de Ch\u00e2tenay-MalabrySamedi 10 janvier 2015Cin\u00e9ma Jean Vigo de GennevilliersSamedi 24 janvier 2015 Document accompagnant la conf\u00e9rence :&nbsp;U Texte&nbsp;du premier dialogue entre U et Lazarre D\u00e9coupage&nbsp;de la s\u00e9quence Danse autour du feu dans la for\u00eat Paroles&nbsp;Zigeunerleben op.29 n\u00b0 3 de Robert Schumann, 1840&#8230;<\/p>\n","protected":false},"author":2,"featured_media":5912,"comment_status":"open","ping_status":"open","sticky":false,"template":"","format":"standard","meta":{"_kad_post_transparent":"","_kad_post_title":"","_kad_post_layout":"","_kad_post_sidebar_id":"","_kad_post_content_style":"","_kad_post_vertical_padding":"","_kad_post_feature":"","_kad_post_feature_position":"","_kad_post_header":false,"_kad_post_footer":false,"_kad_post_classname":"","footnotes":""},"categories":[8],"tags":[979,373,667,984,978,976,975,977],"class_list":["post-5783","post","type-post","status-publish","format-standard","has-post-thumbnail","hentry","category-formations-adultes","tag-danse-autour-du-feu-dans-la-foret","tag-ecole-et-cinema-92","tag-gregoire-solotareff","tag-le-corbeau-et-le-renard","tag-robert-schumann","tag-serge-ellissalde","tag-u","tag-zigeunerleben-op-29-n-3"],"_links":{"self":[{"href":"https:\/\/lafilledecorinthe.com\/wordpress\/wp-json\/wp\/v2\/posts\/5783","targetHints":{"allow":["GET"]}}],"collection":[{"href":"https:\/\/lafilledecorinthe.com\/wordpress\/wp-json\/wp\/v2\/posts"}],"about":[{"href":"https:\/\/lafilledecorinthe.com\/wordpress\/wp-json\/wp\/v2\/types\/post"}],"author":[{"embeddable":true,"href":"https:\/\/lafilledecorinthe.com\/wordpress\/wp-json\/wp\/v2\/users\/2"}],"replies":[{"embeddable":true,"href":"https:\/\/lafilledecorinthe.com\/wordpress\/wp-json\/wp\/v2\/comments?post=5783"}],"version-history":[{"count":36,"href":"https:\/\/lafilledecorinthe.com\/wordpress\/wp-json\/wp\/v2\/posts\/5783\/revisions"}],"predecessor-version":[{"id":14767,"href":"https:\/\/lafilledecorinthe.com\/wordpress\/wp-json\/wp\/v2\/posts\/5783\/revisions\/14767"}],"wp:featuredmedia":[{"embeddable":true,"href":"https:\/\/lafilledecorinthe.com\/wordpress\/wp-json\/wp\/v2\/media\/5912"}],"wp:attachment":[{"href":"https:\/\/lafilledecorinthe.com\/wordpress\/wp-json\/wp\/v2\/media?parent=5783"}],"wp:term":[{"taxonomy":"category","embeddable":true,"href":"https:\/\/lafilledecorinthe.com\/wordpress\/wp-json\/wp\/v2\/categories?post=5783"},{"taxonomy":"post_tag","embeddable":true,"href":"https:\/\/lafilledecorinthe.com\/wordpress\/wp-json\/wp\/v2\/tags?post=5783"}],"curies":[{"name":"wp","href":"https:\/\/api.w.org\/{rel}","templated":true}]}}