{"id":5743,"date":"2014-12-17T11:54:53","date_gmt":"2014-12-17T10:54:53","guid":{"rendered":"http:\/\/lafilledecorinthe.com\/wordpress\/?p=5743"},"modified":"2025-12-07T21:33:24","modified_gmt":"2025-12-07T20:33:24","slug":"atelier-cinema-danimation-maison-populaire-de-montreuil-12","status":"publish","type":"post","link":"https:\/\/lafilledecorinthe.com\/wordpress\/2014\/12\/atelier-cinema-danimation-maison-populaire-de-montreuil-12\/","title":{"rendered":"Atelier \u00a0\u00bb Cin\u00e9ma d&rsquo;animation \u00a0\u00bb Maison Populaire de Montreuil"},"content":{"rendered":"\n<p>Apr\u00e8s la d\u00e9couverte des images lenticulaires, chaque enfant s&rsquo;est lanc\u00e9 dans la r\u00e9alisation d&rsquo;un flipbook photographique ou dessin\u00e9. Certains sont termin\u00e9s mais nous attendons les derniers pour vous les montrer tous. Et oui c&rsquo;est long, tr\u00e8s long !<\/p>\n\n\n<div class=\"wp-block-image\">\n<figure class=\"aligncenter\"><a href=\"https:\/\/lafilledecorinthe.com\/wordpress\/wp-content\/uploads\/2014\/12\/flip.jpg\"><img loading=\"lazy\" decoding=\"async\" width=\"1871\" height=\"1322\" src=\"https:\/\/lafilledecorinthe.com\/wordpress\/wp-content\/uploads\/2014\/12\/flip.jpg\" alt=\"flip\" class=\"wp-image-5817\" srcset=\"https:\/\/lafilledecorinthe.com\/wordpress\/wp-content\/uploads\/2014\/12\/flip.jpg 1871w, https:\/\/lafilledecorinthe.com\/wordpress\/wp-content\/uploads\/2014\/12\/flip-680x480.jpg 680w, https:\/\/lafilledecorinthe.com\/wordpress\/wp-content\/uploads\/2014\/12\/flip-1280x904.jpg 1280w, https:\/\/lafilledecorinthe.com\/wordpress\/wp-content\/uploads\/2014\/12\/flip-424x300.jpg 424w\" sizes=\"auto, (max-width: 1871px) 100vw, 1871px\" \/><\/a><\/figure>\n<\/div>\n\n\n<p class=\"has-text-align-center\"><\/p>\n\n\n<div class=\"wp-block-image\">\n<figure class=\"aligncenter\"><a href=\"https:\/\/lafilledecorinthe.com\/wordpress\/wp-content\/uploads\/2014\/12\/flipphotos1.jpg\"><img loading=\"lazy\" decoding=\"async\" width=\"2592\" height=\"1936\" src=\"https:\/\/lafilledecorinthe.com\/wordpress\/wp-content\/uploads\/2014\/12\/flipphotos1.jpg\" alt=\"flipphotos\" class=\"wp-image-5821\" srcset=\"https:\/\/lafilledecorinthe.com\/wordpress\/wp-content\/uploads\/2014\/12\/flipphotos1.jpg 2592w, https:\/\/lafilledecorinthe.com\/wordpress\/wp-content\/uploads\/2014\/12\/flipphotos1-680x507.jpg 680w, https:\/\/lafilledecorinthe.com\/wordpress\/wp-content\/uploads\/2014\/12\/flipphotos1-1280x956.jpg 1280w, https:\/\/lafilledecorinthe.com\/wordpress\/wp-content\/uploads\/2014\/12\/flipphotos1-401x300.jpg 401w\" sizes=\"auto, (max-width: 2592px) 100vw, 2592px\" \/><\/a><\/figure>\n<\/div>\n\n\n<p class=\"has-text-align-center\"><\/p>\n\n\n<div class=\"wp-block-image\">\n<figure class=\"aligncenter\"><a href=\"https:\/\/lafilledecorinthe.com\/wordpress\/wp-content\/uploads\/2014\/12\/flipdessin\u00e9.jpg\"><img loading=\"lazy\" decoding=\"async\" width=\"2592\" height=\"1936\" src=\"https:\/\/lafilledecorinthe.com\/wordpress\/wp-content\/uploads\/2014\/12\/flipdessin\u00e9.jpg\" alt=\"flipdessin\u00e9\" class=\"wp-image-5824\" srcset=\"https:\/\/lafilledecorinthe.com\/wordpress\/wp-content\/uploads\/2014\/12\/flipdessin\u00e9.jpg 2592w, https:\/\/lafilledecorinthe.com\/wordpress\/wp-content\/uploads\/2014\/12\/flipdessin\u00e9-680x507.jpg 680w, https:\/\/lafilledecorinthe.com\/wordpress\/wp-content\/uploads\/2014\/12\/flipdessin\u00e9-1280x956.jpg 1280w, https:\/\/lafilledecorinthe.com\/wordpress\/wp-content\/uploads\/2014\/12\/flipdessin\u00e9-401x300.jpg 401w\" sizes=\"auto, (max-width: 2592px) 100vw, 2592px\" \/><\/a><\/figure>\n<\/div>\n\n\n<p class=\"has-text-align-center\"><\/p>\n\n\n\n<p>Pour la deuxi\u00e8me ann\u00e9e nous participons \u00e0 la f\u00eate du <a href=\"http:\/\/www.lejourlepluscourt.com\/\">jour le plus court<\/a>\u00a0en cr\u00e9ant une bande-annonce pour donner envie de d\u00e9couvrir les courts m\u00e9trages programm\u00e9s.<\/p>\n\n\n<div class=\"wp-block-image\">\n<figure class=\"aligncenter\"><a href=\"https:\/\/lafilledecorinthe.com\/wordpress\/wp-content\/uploads\/2014\/12\/court1.jpg\"><img loading=\"lazy\" decoding=\"async\" width=\"800\" height=\"582\" src=\"https:\/\/lafilledecorinthe.com\/wordpress\/wp-content\/uploads\/2014\/12\/court1.jpg\" alt=\"court1\" class=\"wp-image-5825\" srcset=\"https:\/\/lafilledecorinthe.com\/wordpress\/wp-content\/uploads\/2014\/12\/court1.jpg 800w, https:\/\/lafilledecorinthe.com\/wordpress\/wp-content\/uploads\/2014\/12\/court1-680x494.jpg 680w, https:\/\/lafilledecorinthe.com\/wordpress\/wp-content\/uploads\/2014\/12\/court1-412x300.jpg 412w\" sizes=\"auto, (max-width: 800px) 100vw, 800px\" \/><\/a><\/figure>\n<\/div>\n\n\n<p class=\"has-text-align-center\"><\/p>\n\n\n<div class=\"wp-block-image\">\n<figure class=\"aligncenter\"><a href=\"https:\/\/lafilledecorinthe.com\/wordpress\/wp-content\/uploads\/2014\/12\/court.jpg\"><img loading=\"lazy\" decoding=\"async\" width=\"800\" height=\"597\" src=\"https:\/\/lafilledecorinthe.com\/wordpress\/wp-content\/uploads\/2014\/12\/court.jpg\" alt=\"court\" class=\"wp-image-5829\" srcset=\"https:\/\/lafilledecorinthe.com\/wordpress\/wp-content\/uploads\/2014\/12\/court.jpg 800w, https:\/\/lafilledecorinthe.com\/wordpress\/wp-content\/uploads\/2014\/12\/court-680x507.jpg 680w, https:\/\/lafilledecorinthe.com\/wordpress\/wp-content\/uploads\/2014\/12\/court-402x300.jpg 402w\" sizes=\"auto, (max-width: 800px) 100vw, 800px\" \/><\/a><\/figure>\n<\/div>\n\n\n<p class=\"has-text-align-center\"><\/p>\n\n\n<div class=\"wp-block-image\">\n<figure class=\"aligncenter\"><a href=\"https:\/\/lafilledecorinthe.com\/wordpress\/wp-content\/uploads\/2014\/12\/court3.jpg\"><img loading=\"lazy\" decoding=\"async\" width=\"800\" height=\"543\" src=\"https:\/\/lafilledecorinthe.com\/wordpress\/wp-content\/uploads\/2014\/12\/court3.jpg\" alt=\"court3\" class=\"wp-image-5830\" srcset=\"https:\/\/lafilledecorinthe.com\/wordpress\/wp-content\/uploads\/2014\/12\/court3.jpg 800w, https:\/\/lafilledecorinthe.com\/wordpress\/wp-content\/uploads\/2014\/12\/court3-680x461.jpg 680w, https:\/\/lafilledecorinthe.com\/wordpress\/wp-content\/uploads\/2014\/12\/court3-441x300.jpg 441w\" sizes=\"auto, (max-width: 800px) 100vw, 800px\" \/><\/a><\/figure>\n<\/div>\n\n\n<p class=\"has-text-align-center\"><\/p>\n\n\n\n<figure class=\"wp-block-embed is-type-video is-provider-vimeo wp-block-embed-vimeo wp-embed-aspect-16-9 wp-has-aspect-ratio\"><div class=\"wp-block-embed__wrapper\">\n<iframe loading=\"lazy\" title=\"Bande annonce &quot;le jour le plus court&quot;\" src=\"https:\/\/player.vimeo.com\/video\/114114504?dnt=1&amp;app_id=122963\" width=\"720\" height=\"405\" frameborder=\"0\" allow=\"autoplay; fullscreen; picture-in-picture; clipboard-write; encrypted-media; web-share\" referrerpolicy=\"strict-origin-when-cross-origin\"><\/iframe>\n<\/div><\/figure>\n\n\n\n<p>Pour conna\u00eetre l&rsquo;ensemble de la programmation de la Maison Populaire, c&rsquo;est <a href=\"http:\/\/www.maisonpop.fr\/spip.php?article1872\" target=\"_blank\" rel=\"noopener\">ici <\/a>!<\/p>\n\n\n\n<p>Les visuels de la Maison Populaire nous inspirent. Apr\u00e8s la <a title=\"Atelier \u00ab&nbsp;cin\u00e9ma d\u2019animation&nbsp;\u00bb Maison Populaire de Montreuil\" href=\"https:\/\/lafilledecorinthe.com\/wordpress\/2013\/12\/atelier-cinema-danimation-maison-populaire-de-montreuil-7\/\">fus\u00e9e<\/a> de l&rsquo;an dernier, c&rsquo;est au tour de la petite coccinelle de s&rsquo;animer. Merci Mathieu !<\/p>\n\n\n\n<figure class=\"wp-block-embed is-type-video is-provider-youtube wp-block-embed-youtube wp-embed-aspect-16-9 wp-has-aspect-ratio\"><div class=\"wp-block-embed__wrapper\">\n<iframe loading=\"lazy\" title=\"Bonne ann\u00e9e !\" width=\"720\" height=\"405\" src=\"https:\/\/www.youtube.com\/embed\/TqF9xwy8_ao?feature=oembed\" frameborder=\"0\" allow=\"accelerometer; autoplay; clipboard-write; encrypted-media; gyroscope; picture-in-picture; web-share\" referrerpolicy=\"strict-origin-when-cross-origin\" allowfullscreen><\/iframe>\n<\/div><\/figure>\n\n\n\n<p><\/p>\n\n\n\n<p><\/p>\n","protected":false},"excerpt":{"rendered":"<p>Apr\u00e8s la d\u00e9couverte des images lenticulaires, chaque enfant s&rsquo;est lanc\u00e9 dans la r\u00e9alisation d&rsquo;un flipbook photographique ou dessin\u00e9. Certains sont termin\u00e9s mais nous attendons les derniers pour vous les montrer tous. Et oui c&rsquo;est long, tr\u00e8s long ! Pour la deuxi\u00e8me ann\u00e9e nous participons \u00e0 la f\u00eate du jour le plus court\u00a0en cr\u00e9ant une bande-annonce&#8230;<\/p>\n","protected":false},"author":2,"featured_media":5814,"comment_status":"open","ping_status":"open","sticky":false,"template":"","format":"standard","meta":{"_kad_post_transparent":"","_kad_post_title":"","_kad_post_layout":"","_kad_post_sidebar_id":"","_kad_post_content_style":"","_kad_post_vertical_padding":"","_kad_post_feature":"","_kad_post_feature_position":"","_kad_post_header":false,"_kad_post_footer":false,"_kad_post_classname":"","footnotes":""},"categories":[7],"tags":[195,237,196],"class_list":["post-5743","post","type-post","status-publish","format-standard","has-post-thumbnail","hentry","category-ateliers-enfants","tag-atelier-cinema-danimation","tag-le-jour-le-plus-court","tag-maison-populaire-de-montreuil"],"_links":{"self":[{"href":"https:\/\/lafilledecorinthe.com\/wordpress\/wp-json\/wp\/v2\/posts\/5743","targetHints":{"allow":["GET"]}}],"collection":[{"href":"https:\/\/lafilledecorinthe.com\/wordpress\/wp-json\/wp\/v2\/posts"}],"about":[{"href":"https:\/\/lafilledecorinthe.com\/wordpress\/wp-json\/wp\/v2\/types\/post"}],"author":[{"embeddable":true,"href":"https:\/\/lafilledecorinthe.com\/wordpress\/wp-json\/wp\/v2\/users\/2"}],"replies":[{"embeddable":true,"href":"https:\/\/lafilledecorinthe.com\/wordpress\/wp-json\/wp\/v2\/comments?post=5743"}],"version-history":[{"count":46,"href":"https:\/\/lafilledecorinthe.com\/wordpress\/wp-json\/wp\/v2\/posts\/5743\/revisions"}],"predecessor-version":[{"id":15033,"href":"https:\/\/lafilledecorinthe.com\/wordpress\/wp-json\/wp\/v2\/posts\/5743\/revisions\/15033"}],"wp:featuredmedia":[{"embeddable":true,"href":"https:\/\/lafilledecorinthe.com\/wordpress\/wp-json\/wp\/v2\/media\/5814"}],"wp:attachment":[{"href":"https:\/\/lafilledecorinthe.com\/wordpress\/wp-json\/wp\/v2\/media?parent=5743"}],"wp:term":[{"taxonomy":"category","embeddable":true,"href":"https:\/\/lafilledecorinthe.com\/wordpress\/wp-json\/wp\/v2\/categories?post=5743"},{"taxonomy":"post_tag","embeddable":true,"href":"https:\/\/lafilledecorinthe.com\/wordpress\/wp-json\/wp\/v2\/tags?post=5743"}],"curies":[{"name":"wp","href":"https:\/\/api.w.org\/{rel}","templated":true}]}}