{"id":5687,"date":"2014-12-13T21:26:51","date_gmt":"2014-12-13T20:26:51","guid":{"rendered":"http:\/\/lafilledecorinthe.com\/wordpress\/?p=5687"},"modified":"2025-12-06T18:57:05","modified_gmt":"2025-12-06T17:57:05","slug":"maternelle-et-cinema-dans-le-val-de-marne","status":"publish","type":"post","link":"https:\/\/lafilledecorinthe.com\/wordpress\/2014\/12\/maternelle-et-cinema-dans-le-val-de-marne\/","title":{"rendered":"\u00ab\u00a0Maternelle et cin\u00e9ma\u00a0\u00bb dans le Val-de-Marne"},"content":{"rendered":"\n<p>A l&rsquo;initiative de l&rsquo;association nationale <em>Ecole et cin\u00e9ma, <\/em>un projet<em>&nbsp;<\/em>de sensibilisation au cin\u00e9ma pour les \u00e9l\u00e8ves de l&rsquo;\u00e9cole maternelle a vu le jour. Plusieurs classes volontaires du Val-de-Marne se sont inscrites dans ce nouveau dispositif exp\u00e9rimental,<em>&nbsp;<a href=\"http:\/\/www.enfants-de-cinema.com\/maternelle\/Maternelle_et_cinema\/Page_accueil.html\" target=\"_blank\" rel=\"noopener\">Maternelle et cin\u00e9ma<\/a><\/em>.<\/p>\n\n\n\n<p>Ce samedi matin, le cin\u00e9ma du Palais \u00e0 Cr\u00e9teil accueillait les enseignants pour une d\u00e9couverte en salle des deux premiers programmes de cette ann\u00e9e :&nbsp;<em>La petite fabrique du monde<\/em> et <em>La petite fabrique des mots<\/em>. &nbsp;Un temps de formation et d&rsquo;\u00e9change accompagnait les deux projections. L&rsquo;accent a \u00e9t\u00e9 mis sur deux courts m\u00e9trages en particulier, <em>La cr\u00e9ation <\/em>de Cristina L\u00e0strego Testa et <em>Dudu<\/em> de Betty Bone.<\/p>\n\n\n<div class=\"wp-block-image\">\n<figure class=\"aligncenter\"><a href=\"https:\/\/lafilledecorinthe.com\/wordpress\/wp-content\/uploads\/2014\/12\/Cr\u00e9ation-croco_converti.jpg\"><img loading=\"lazy\" decoding=\"async\" width=\"1023\" height=\"575\" src=\"https:\/\/lafilledecorinthe.com\/wordpress\/wp-content\/uploads\/2014\/12\/Cr\u00e9ation-croco_converti.jpg\" alt=\"La Cr\u00e9ation de Cristina Lastrego et Francesco Testa, 2010\" class=\"wp-image-5759\" srcset=\"https:\/\/lafilledecorinthe.com\/wordpress\/wp-content\/uploads\/2014\/12\/Cr\u00e9ation-croco_converti.jpg 1023w, https:\/\/lafilledecorinthe.com\/wordpress\/wp-content\/uploads\/2014\/12\/Cr\u00e9ation-croco_converti-680x382.jpg 680w, https:\/\/lafilledecorinthe.com\/wordpress\/wp-content\/uploads\/2014\/12\/Cr\u00e9ation-croco_converti-500x281.jpg 500w\" sizes=\"auto, (max-width: 1023px) 100vw, 1023px\" \/><\/a><figcaption class=\"wp-element-caption\">La Cr\u00e9ation de Cristina Lastrego et Francesco Testa, 2010<\/figcaption><\/figure>\n<\/div>\n\n<div class=\"wp-block-image\">\n<figure class=\"aligncenter\"><a href=\"https:\/\/lafilledecorinthe.com\/wordpress\/wp-content\/uploads\/2014\/12\/Dudu_converti.jpg\"><img loading=\"lazy\" decoding=\"async\" width=\"640\" height=\"436\" src=\"https:\/\/lafilledecorinthe.com\/wordpress\/wp-content\/uploads\/2014\/12\/Dudu_converti.jpg\" alt=\"Dudu de Betty Bone, 2006\" class=\"wp-image-5762\" srcset=\"https:\/\/lafilledecorinthe.com\/wordpress\/wp-content\/uploads\/2014\/12\/Dudu_converti.jpg 640w, https:\/\/lafilledecorinthe.com\/wordpress\/wp-content\/uploads\/2014\/12\/Dudu_converti-440x300.jpg 440w\" sizes=\"auto, (max-width: 640px) 100vw, 640px\" \/><\/a><figcaption class=\"wp-element-caption\">Dudu de Betty Bone, 2006<\/figcaption><\/figure>\n<\/div>\n\n\n<p>Quelques sites et documents pour prolonger cette matin\u00e9e&#8230;<\/p>\n\n\n\n<p>Pr\u00e9sentation de l&rsquo;ensemble des courts m\u00e9trages de <a href=\"https:\/\/media.wix.com\/ugd\/2f95da_f12ef009f6530fcc3a08bd5a4d56619e.pdf\" target=\"_blank\" rel=\"noopener\"><em>La petite fabrique du monde<\/em><\/a><\/p>\n\n\n\n<p>Images s\u00e9quentielles de la&nbsp;<a href=\"https:\/\/lafilledecorinthe.com\/wordpress\/wp-content\/uploads\/2014\/12\/Cr\u00e9ation-.pdf\">Cr\u00e9ation<\/a>, fiche&nbsp;<a href=\"https:\/\/lafilledecorinthe.com\/wordpress\/wp-content\/uploads\/2014\/12\/Pour-aller-plus-loin.pdf\">Pour aller plus loin<\/a>.<\/p>\n\n\n<div class=\"wp-block-image\">\n<figure class=\"aligncenter\"><a href=\"https:\/\/lafilledecorinthe.com\/wordpress\/wp-content\/uploads\/2014\/12\/le-livres-des-terres-imaginees.jpeg\"><img loading=\"lazy\" decoding=\"async\" width=\"567\" height=\"568\" src=\"https:\/\/lafilledecorinthe.com\/wordpress\/wp-content\/uploads\/2014\/12\/le-livres-des-terres-imaginees.jpeg\" alt=\"le-livres-des-terres-imaginees\" class=\"wp-image-13204\" srcset=\"https:\/\/lafilledecorinthe.com\/wordpress\/wp-content\/uploads\/2014\/12\/le-livres-des-terres-imaginees.jpeg 567w, https:\/\/lafilledecorinthe.com\/wordpress\/wp-content\/uploads\/2014\/12\/le-livres-des-terres-imaginees-200x200.jpeg 200w, https:\/\/lafilledecorinthe.com\/wordpress\/wp-content\/uploads\/2014\/12\/le-livres-des-terres-imaginees-299x300.jpeg 299w\" sizes=\"auto, (max-width: 567px) 100vw, 567px\" \/><\/a><figcaption class=\"wp-element-caption\">Le livre des terres imagin\u00e9es, Guillaune Duprat, Seuil Jeunesse, 2008<\/figcaption><\/figure>\n<\/div>\n\n\n<p>Les livres et le site de <a href=\"https:\/\/cosmologik.wordpress.com\" target=\"_blank\" rel=\"noopener\">Guillaume Duprat<\/a>&nbsp;.<\/p>\n\n\n\n<p>Notes sur le s\u00e9minaire&nbsp;<a href=\"https:\/\/lafilledecorinthe.com\/wordpress\/wp-content\/uploads\/2014\/12\/R\u00e9cits-et-images-de-la-cr\u00e9ation.pdf\">R\u00e9cits et images de la cr\u00e9ation<\/a><\/p>\n\n\n\n<p>Document d&rsquo;accompagnement sur&nbsp;<a href=\"https:\/\/lafilledecorinthe.com\/wordpress\/wp-content\/uploads\/2014\/12\/Dudu-.pdf\">Dudu<\/a>.<\/p>\n\n\n\n<p>Dossier p\u00e9dagogique&nbsp;<a href=\"https:\/\/lafilledecorinthe.com\/wordpress\/wp-content\/uploads\/2014\/12\/%22La-petite-fabrique-des-mots%22.pdf\">La petite fabrique des mots<\/a><\/p>\n","protected":false},"excerpt":{"rendered":"<p>A l&rsquo;initiative de l&rsquo;association nationale Ecole et cin\u00e9ma, un projet&nbsp;de sensibilisation au cin\u00e9ma pour les \u00e9l\u00e8ves de l&rsquo;\u00e9cole maternelle a vu le jour. Plusieurs classes volontaires du Val-de-Marne se sont inscrites dans ce nouveau dispositif exp\u00e9rimental,&nbsp;Maternelle et cin\u00e9ma. Ce samedi matin, le cin\u00e9ma du Palais \u00e0 Cr\u00e9teil accueillait les enseignants pour une d\u00e9couverte en salle&#8230;<\/p>\n","protected":false},"author":2,"featured_media":5755,"comment_status":"open","ping_status":"open","sticky":false,"template":"","format":"standard","meta":{"_kad_post_transparent":"","_kad_post_title":"","_kad_post_layout":"","_kad_post_sidebar_id":"","_kad_post_content_style":"","_kad_post_vertical_padding":"","_kad_post_feature":"","_kad_post_feature_position":"","_kad_post_header":false,"_kad_post_footer":false,"_kad_post_classname":"","footnotes":""},"categories":[8],"tags":[961,962,963,921,625,965,964,960],"class_list":["post-5687","post","type-post","status-publish","format-standard","has-post-thumbnail","hentry","category-formations-adultes","tag-cinema-du-palais","tag-creteil","tag-guillaume-duprat","tag-la-petite-fabrique-des-mots","tag-la-petite-fabrique-du-monde","tag-maternelle-et-cinema","tag-recits-et-images-de-la-creation","tag-val-de-marne"],"_links":{"self":[{"href":"https:\/\/lafilledecorinthe.com\/wordpress\/wp-json\/wp\/v2\/posts\/5687","targetHints":{"allow":["GET"]}}],"collection":[{"href":"https:\/\/lafilledecorinthe.com\/wordpress\/wp-json\/wp\/v2\/posts"}],"about":[{"href":"https:\/\/lafilledecorinthe.com\/wordpress\/wp-json\/wp\/v2\/types\/post"}],"author":[{"embeddable":true,"href":"https:\/\/lafilledecorinthe.com\/wordpress\/wp-json\/wp\/v2\/users\/2"}],"replies":[{"embeddable":true,"href":"https:\/\/lafilledecorinthe.com\/wordpress\/wp-json\/wp\/v2\/comments?post=5687"}],"version-history":[{"count":48,"href":"https:\/\/lafilledecorinthe.com\/wordpress\/wp-json\/wp\/v2\/posts\/5687\/revisions"}],"predecessor-version":[{"id":14736,"href":"https:\/\/lafilledecorinthe.com\/wordpress\/wp-json\/wp\/v2\/posts\/5687\/revisions\/14736"}],"wp:featuredmedia":[{"embeddable":true,"href":"https:\/\/lafilledecorinthe.com\/wordpress\/wp-json\/wp\/v2\/media\/5755"}],"wp:attachment":[{"href":"https:\/\/lafilledecorinthe.com\/wordpress\/wp-json\/wp\/v2\/media?parent=5687"}],"wp:term":[{"taxonomy":"category","embeddable":true,"href":"https:\/\/lafilledecorinthe.com\/wordpress\/wp-json\/wp\/v2\/categories?post=5687"},{"taxonomy":"post_tag","embeddable":true,"href":"https:\/\/lafilledecorinthe.com\/wordpress\/wp-json\/wp\/v2\/tags?post=5687"}],"curies":[{"name":"wp","href":"https:\/\/api.w.org\/{rel}","templated":true}]}}