{"id":561,"date":"2012-03-04T22:18:41","date_gmt":"2012-03-04T21:18:41","guid":{"rendered":"http:\/\/lafilledecorinthe.com\/wordpress\/?p=561"},"modified":"2025-12-10T18:41:42","modified_gmt":"2025-12-10T17:41:42","slug":"lhiver-dernier-de-john-shank","status":"publish","type":"post","link":"https:\/\/lafilledecorinthe.com\/wordpress\/2012\/03\/lhiver-dernier-de-john-shank\/","title":{"rendered":"\u00ab\u00a0L&rsquo;hiver dernier\u00a0\u00bb de John Shank"},"content":{"rendered":"\n<p>\u00a0D\u00e8s les premiers plans du film, je suis intrigu\u00e9e par cet homme qui marche dans la neige. \u00a0Il fait froid, il fait noir, il a du mal \u00e0 avancer, il est seul. Une voix off couvre le \u00a0silence, cette voix parle d&rsquo;attachement \u00e0 la terre, de filiation. D&rsquo;autres images se superposent. Je revois la marche du colporteur savoyard jou\u00e9 par Richard Berry dans le tr\u00e8s beau film \u00ab\u00a0La trace\u00a0\u00bb.<\/p>\n\n\n<div class=\"wp-block-image\">\n<figure class=\"aligncenter size-medium\"><a href=\"https:\/\/lafilledecorinthe.com\/wordpress\/wp-content\/uploads\/2012\/03\/trace-ph52.jpg\"><img loading=\"lazy\" decoding=\"async\" width=\"680\" height=\"462\" src=\"https:\/\/lafilledecorinthe.com\/wordpress\/wp-content\/uploads\/2012\/03\/trace-ph52-680x462.jpg\" alt=\"\" class=\"wp-image-564\" srcset=\"https:\/\/lafilledecorinthe.com\/wordpress\/wp-content\/uploads\/2012\/03\/trace-ph52-680x462.jpg 680w, https:\/\/lafilledecorinthe.com\/wordpress\/wp-content\/uploads\/2012\/03\/trace-ph52-1280x870.jpg 1280w, https:\/\/lafilledecorinthe.com\/wordpress\/wp-content\/uploads\/2012\/03\/trace-ph52-441x300.jpg 441w\" sizes=\"auto, (max-width: 680px) 100vw, 680px\" \/><\/a><figcaption class=\"wp-element-caption\">\u00ab\u00a0La trace\u00a0\u00bb de Bernard Favre 1983<\/figcaption><\/figure>\n<\/div>\n\n\n<p>Vivre de la terre n&rsquo;a jamais \u00e9t\u00e9 facile mais au XXI<sup>\u00e8me<\/sup> si\u00e8cle, c&rsquo;est le fil de la transmission entre les g\u00e9n\u00e9rations qui est cass\u00e9. Johann est seul, son p\u00e8re lui a laiss\u00e9 en h\u00e9ritage, \u00a0 \u00a0une terre, des b\u00eates et des valeurs qui n&rsquo;ont plus cours. Les lois du march\u00e9 s&rsquo;imposent aux \u00a0petits paysans du nord de l&rsquo;Aveyron. Johann refuse de vendre ses veaux aux Italiens, il refuse l&rsquo;\u00e9levage en batterie. Mais il n&rsquo;a plus les moyens de choisir son mode de travail, son compte en banque est vide. L&rsquo;incendie de sa grange ne fera que pr\u00e9cipiter une fin in\u00e9luctable, la saisie de ses b\u00eates et la fin de son exploitation. Vincent Rottiers incarne de fa\u00e7on magistrale ce paysan jusqu&rsquo;au-boutiste. Le clair-obscur de l&rsquo;image magnifie son visage et renforce sa solitude. Solitude encore plus perceptible par les paysages grandioses de l&rsquo;Aubrac qui n&rsquo;ont rien \u00e0 envier \u00e0 ceux de Monument Valley.<br>Le film est ponctu\u00e9 de r\u00e9f\u00e9rences au western et au mythe du cow-boy ; les chevauch\u00e9s, le b\u00e9tail, le fusil et surtout les nuits \u00e0 la belle \u00e9toile pr\u00e8s du feu qui cr\u00e9pite.<\/p>\n\n\n<div class=\"wp-block-image\">\n<figure class=\"aligncenter\"><a href=\"https:\/\/lafilledecorinthe.com\/wordpress\/wp-content\/uploads\/2012\/03\/l_hiver_dernier-37_1_1.jpg\"><img decoding=\"async\" src=\"https:\/\/lafilledecorinthe.com\/wordpress\/wp-content\/uploads\/2012\/03\/l_hiver_dernier-37_1_1.jpg\" alt=\"\" class=\"wp-image-563\" title=\"l_hiver_dernier-37_1_\"\/><\/a><\/figure>\n<\/div>\n\n\n<p><\/p>\n\n\n\n<p>Pourtant toutes les nuits de Johanne ne sont pas solitaires, la cam\u00e9ra filme avec beaucoup de pudeur sa relation avec sa voisine fauconni\u00e8re. Il partage son lit mais pas ses soucis ! Lorsque Johann est \u00e0 la ferme, un jeune gar\u00e7on vient travailler \u00e0 ses c\u00f4t\u00e9s. Nous saurons qu&rsquo;il s&rsquo;appelle Pierre, qu&rsquo;il est le fils d&rsquo;un voisin, lorsque Johann le pr\u00e9sentera \u00e0 sa soeur. Sa pr\u00e9sence discr\u00e8te, attentive, in\u00e9branlable en fait-elle l&rsquo;h\u00e9ritier moral de Yohann ?<\/p>\n\n\n\n<p>A la fin du film, une autre marche cin\u00e9matographique s&rsquo;impose \u00e0 moi, celle de Mona, jou\u00e9e par Sandrine Bonnaire dans \u00ab\u00a0Sans toit, ni loi\u00a0\u00bb. Comme elle, Johann paie le prix fort, l&rsquo;hiver est dur ! Hiver dernier ou dernier Hiver ?<\/p>\n\n\n\n<figure class=\"wp-block-image size-full\"><img loading=\"lazy\" decoding=\"async\" width=\"409\" height=\"567\" src=\"https:\/\/lafilledecorinthe.com\/wordpress\/wp-content\/uploads\/2012\/03\/19090336.jpg\" alt=\"\" class=\"wp-image-15538\"\/><\/figure>\n\n\n\n<p>Malgr\u00e9 des critiques \u00e9logieuses ( pas toutes !), le film est distribu\u00e9, 15 jours apr\u00e8s sa sortie, dans seulement quatre petites salles \u00e0 Paris. Pr\u00e9cipitez-vous !<\/p>\n","protected":false},"excerpt":{"rendered":"<p>\u00a0D\u00e8s les premiers plans du film, je suis intrigu\u00e9e par cet homme qui marche dans la neige. \u00a0Il fait froid, il fait noir, il a du mal \u00e0 avancer, il est seul. Une voix off couvre le \u00a0silence, cette voix parle d&rsquo;attachement \u00e0 la terre, de filiation. D&rsquo;autres images se superposent. Je revois la marche&#8230;<\/p>\n","protected":false},"author":2,"featured_media":569,"comment_status":"open","ping_status":"open","sticky":false,"template":"","format":"standard","meta":{"_kad_post_transparent":"","_kad_post_title":"","_kad_post_layout":"","_kad_post_sidebar_id":"","_kad_post_content_style":"","_kad_post_vertical_padding":"","_kad_post_feature":"","_kad_post_feature_position":"","_kad_post_header":false,"_kad_post_footer":false,"_kad_post_classname":"","footnotes":""},"categories":[6,13],"tags":[72,56],"class_list":["post-561","post","type-post","status-publish","format-standard","has-post-thumbnail","hentry","category-blog","category-sorties-culturelles","tag-john-shank","tag-sans-toit-ni-loi"],"_links":{"self":[{"href":"https:\/\/lafilledecorinthe.com\/wordpress\/wp-json\/wp\/v2\/posts\/561","targetHints":{"allow":["GET"]}}],"collection":[{"href":"https:\/\/lafilledecorinthe.com\/wordpress\/wp-json\/wp\/v2\/posts"}],"about":[{"href":"https:\/\/lafilledecorinthe.com\/wordpress\/wp-json\/wp\/v2\/types\/post"}],"author":[{"embeddable":true,"href":"https:\/\/lafilledecorinthe.com\/wordpress\/wp-json\/wp\/v2\/users\/2"}],"replies":[{"embeddable":true,"href":"https:\/\/lafilledecorinthe.com\/wordpress\/wp-json\/wp\/v2\/comments?post=561"}],"version-history":[{"count":20,"href":"https:\/\/lafilledecorinthe.com\/wordpress\/wp-json\/wp\/v2\/posts\/561\/revisions"}],"predecessor-version":[{"id":15539,"href":"https:\/\/lafilledecorinthe.com\/wordpress\/wp-json\/wp\/v2\/posts\/561\/revisions\/15539"}],"wp:featuredmedia":[{"embeddable":true,"href":"https:\/\/lafilledecorinthe.com\/wordpress\/wp-json\/wp\/v2\/media\/569"}],"wp:attachment":[{"href":"https:\/\/lafilledecorinthe.com\/wordpress\/wp-json\/wp\/v2\/media?parent=561"}],"wp:term":[{"taxonomy":"category","embeddable":true,"href":"https:\/\/lafilledecorinthe.com\/wordpress\/wp-json\/wp\/v2\/categories?post=561"},{"taxonomy":"post_tag","embeddable":true,"href":"https:\/\/lafilledecorinthe.com\/wordpress\/wp-json\/wp\/v2\/tags?post=561"}],"curies":[{"name":"wp","href":"https:\/\/api.w.org\/{rel}","templated":true}]}}