{"id":5580,"date":"2014-11-22T11:33:20","date_gmt":"2014-11-22T10:33:20","guid":{"rendered":"http:\/\/lafilledecorinthe.com\/wordpress\/?p=5580"},"modified":"2025-12-08T21:49:47","modified_gmt":"2025-12-08T20:49:47","slug":"catherine-fons-libraire","status":"publish","type":"post","link":"https:\/\/lafilledecorinthe.com\/wordpress\/2014\/11\/catherine-fons-libraire\/","title":{"rendered":"Catherine Fons, libraire"},"content":{"rendered":"\n<p><em>Lieu de perdition pour ma carte bleue, les librairies exercent sur moi un pouvoir d&rsquo;attraction irr\u00e9pressible.&nbsp;J&rsquo;aime l&rsquo;objet livre ! J&rsquo;aime admirer les vitrines accrocheuses, j&rsquo;aime fl\u00e2ner dans les rayons, j&rsquo;aime lire les r\u00e9sum\u00e9s des quatri\u00e8mes de couverture, j&rsquo;aime confronter mes choix avec les avis des libraires&#8230; Alors quand la librairie est tenue par une amie, les visites sont doublement agr\u00e9ables. Depuis presque deux ans, Catherine et Sarah animent avec passion la librairie <a href=\"http:\/\/www.librairie-petitsmots.fr\/\">Les Petits mots<\/a>&nbsp;\u00e0 Meudon. Juste entre&nbsp;l&rsquo;effervescence de la rentr\u00e9e litt\u00e9raire et la folie des f\u00eates de fin d&rsquo;ann\u00e9e,&nbsp;un petit moment de calme pour parler d&rsquo;un m\u00e9tier entre r\u00eave et r\u00e9alit\u00e9.<\/em><\/p>\n\n\n\n<p><strong>Peux-tu te pr\u00e9senter en quelques mots ?<\/strong><\/p>\n\n\n\n<p>Je suis aujourd\u2019hui libraire. C\u2019est une profession que j\u2019exerce depuis deux ans, j\u2019ai repris la librairie du centre-ville de Meudon d\u00e9but janvier 2013 .<\/p>\n\n\n\n<p><strong>Qu\u2019est-ce qui a \u00e9t\u00e9 le plus formateur pour toi dans ton enfance ?<\/strong><\/p>\n\n\n\n<p>Le sport ! J\u2019ai fait beaucoup de handball et de tennis. J\u2019aime la performance, me d\u00e9passer, obtenir des r\u00e9sultats. Le sport m\u2019offrait un contexte r\u00e9jouissant pour progresser que n\u2019avait pas l\u2019\u00e9cole. Mon p\u00e8re exer\u00e7ait une grosse pression sur mes r\u00e9sultats scolaire<i>s.<\/i><\/p>\n\n\n\n<p><strong>Une image qui t\u2019accompagne&#8230;<\/strong><\/p>\n\n\n\n<p>Les illustrations d\u2019<em>Apoutsiak<\/em> de Paul-Emile Victor. Je me cachais dans un placard pour le lire. J\u2019avais besoin d\u2019\u00eatre seule, comme dans une bulle protectrice.<\/p>\n\n\n<div class=\"wp-block-image\">\n<figure class=\"aligncenter\"><a href=\"https:\/\/lafilledecorinthe.com\/wordpress\/wp-content\/uploads\/2014\/11\/APOUTSIAK-VICTORG1.jpg\"><img loading=\"lazy\" decoding=\"async\" width=\"400\" height=\"314\" src=\"https:\/\/lafilledecorinthe.com\/wordpress\/wp-content\/uploads\/2014\/11\/APOUTSIAK-VICTORG1.jpg\" alt=\"APOUTSIAK-VICTORG\" class=\"wp-image-5599\" srcset=\"https:\/\/lafilledecorinthe.com\/wordpress\/wp-content\/uploads\/2014\/11\/APOUTSIAK-VICTORG1.jpg 400w, https:\/\/lafilledecorinthe.com\/wordpress\/wp-content\/uploads\/2014\/11\/APOUTSIAK-VICTORG1-382x300.jpg 382w\" sizes=\"auto, (max-width: 400px) 100vw, 400px\" \/><\/a><figcaption class=\"wp-element-caption\">Apoutsiak de Paul-Emile Victor, Flammarion, 1948<\/figcaption><\/figure>\n<\/div>\n\n\n<p>Je me revois encore quand j\u2019ai r\u00e9ussi \u00e0 lire mon premier livre toute seule. C\u2019\u00e9tait<em> Oui Oui au cirque<\/em> d\u2019Enid Blyton. J\u2019\u00e9tais \u00e0 l\u2019arri\u00e8re de la voiture de mon p\u00e8re, nous allions chez le m\u00e9decin.<\/p>\n\n\n<div class=\"wp-block-image\">\n<figure class=\"aligncenter\"><a href=\"https:\/\/lafilledecorinthe.com\/wordpress\/wp-content\/uploads\/2014\/11\/Oui-oui.jpg\"><img loading=\"lazy\" decoding=\"async\" width=\"736\" height=\"537\" src=\"https:\/\/lafilledecorinthe.com\/wordpress\/wp-content\/uploads\/2014\/11\/Oui-oui.jpg\" alt=\"Oui, oui  dessin\u00e9 par Harmsen Van Der Beek\" class=\"wp-image-5602\" srcset=\"https:\/\/lafilledecorinthe.com\/wordpress\/wp-content\/uploads\/2014\/11\/Oui-oui.jpg 736w, https:\/\/lafilledecorinthe.com\/wordpress\/wp-content\/uploads\/2014\/11\/Oui-oui-680x496.jpg 680w, https:\/\/lafilledecorinthe.com\/wordpress\/wp-content\/uploads\/2014\/11\/Oui-oui-411x300.jpg 411w\" sizes=\"auto, (max-width: 736px) 100vw, 736px\" \/><\/a><figcaption class=\"wp-element-caption\">Oui, oui dessin\u00e9 par Harmsen Van Der Beek<\/figcaption><\/figure>\n<\/div>\n\n\n<p>Les images de plaisir de mon enfance sont li\u00e9es au sport ou \u00e0 la lecture.<\/p>\n\n\n\n<p><strong>Tes \u00e9tudes et tes premiers emplois ne te destinaient pas forc\u00e9ment \u00e0 devenir libraire, peux-tu nous parler des grandes \u00e9tapes qui ont ponctu\u00e9 ton parcours professionnel ?<\/strong><\/p>\n\n\n\n<p>J\u2019ai fait des \u00e9tudes de commerce et j\u2019ai travaill\u00e9 une vingtaine d\u2019ann\u00e9es dans une grosse entreprise am\u00e9ricaine sp\u00e9cialis\u00e9e dans le chocolat et le caf\u00e9. Je m\u2019occupais du marketing, de la vente, des achats&#8230;Il est arriv\u00e9 un moment o\u00f9 je n\u2019\u00e9tais plus satisfaite, ni de ce que je faisais, ni de l\u2019entreprise dans laquelle je travaillais&#8230;<\/p>\n\n\n\n<p><strong>Devenir libraire \u00e7a repr\u00e9sentait quoi pour toi ?<\/strong><\/p>\n\n\n\n<p>La concr\u00e9tisation d\u2019un r\u00eave qui s\u2019est av\u00e9r\u00e9 \u00eatre tr\u00e8s \u00e9loign\u00e9 de la r\u00e9alit\u00e9 ! Je me voyais lire toute la journ\u00e9e, d\u00e9couvrir de nouveaux auteurs&#8230; &nbsp;J\u2019avais besoin d\u2019un changement professionnel, j\u2019ai h\u00e9sit\u00e9 entre des m\u00e9tiers li\u00e9s aux livres ou des m\u00e9tiers en relation avec le sport, mes deux passions !&nbsp; J\u2019ai commenc\u00e9 une formation de libraire et j\u2019ai fait plusieurs stages dans des librairies avant de me d\u00e9cider.<\/p>\n\n\n\n<p><strong>Tu es une grosse lectrice ?<\/strong><\/p>\n\n\n\n<p>Oui, je lis beaucoup. La lecture a \u00e9t\u00e9 tr\u00e8s importante dans mon enfance et mon adolescence. Puis entre 20 et 30 ans, lorsque j\u2019ai eu mes enfants, j\u2019ai fait une pause, je n\u2019avais plus le temps. Je me souviens du livre qui a fait red\u00e9marrer ma vie de lectrice, c\u2019est <em>Les piliers de la terre<\/em> de Ken Follett. Un des livres qui m\u2019a beaucoup marqu\u00e9 est <em>Le coeur cousu<\/em> de Carole Martinez. C\u2019est un livre qui m\u2019a vraiment parl\u00e9 !<\/p>\n\n\n<div class=\"wp-block-image\">\n<figure class=\"aligncenter\"><a href=\"https:\/\/lafilledecorinthe.com\/wordpress\/wp-content\/uploads\/2014\/11\/Le-coeur-cousu-de-Carole-Martinez.jpg\"><img loading=\"lazy\" decoding=\"async\" width=\"337\" height=\"500\" src=\"https:\/\/lafilledecorinthe.com\/wordpress\/wp-content\/uploads\/2014\/11\/Le-coeur-cousu-de-Carole-Martinez.jpg\" alt=\"Le coeur cousu de Carole Martinez, Gallimard, 2007\" class=\"wp-image-5605\" srcset=\"https:\/\/lafilledecorinthe.com\/wordpress\/wp-content\/uploads\/2014\/11\/Le-coeur-cousu-de-Carole-Martinez.jpg 337w, https:\/\/lafilledecorinthe.com\/wordpress\/wp-content\/uploads\/2014\/11\/Le-coeur-cousu-de-Carole-Martinez-202x300.jpg 202w\" sizes=\"auto, (max-width: 337px) 100vw, 337px\" \/><\/a><figcaption class=\"wp-element-caption\">Le coeur cousu de Carole Martinez, Gallimard, 2007<\/figcaption><\/figure>\n<\/div>\n\n\n<p><strong>Plus g\u00e9n\u00e9ralement, face \u00e0 la production pl\u00e9thorique, comment r\u00e9alises-tu le choix des livres que tu proposes dans ta librairie ?<\/strong><\/p>\n\n\n\n<p>C\u2019est un v\u00e9ritable cauchemar ! Je me dois d\u2019\u00eatre r\u00e9aliste. Ce que j\u2019aimerais garder dans mon fond n\u2019est pas toujours en ad\u00e9quation avec ce que mes clients recherchent : la nouveaut\u00e9, les livres dont on parle ! J\u2019ai un tout petit fond, de l\u2019ordre de 10% de mon stock. Tous les mois, je re\u00e7ois les catalogues d\u2019offices et de nouveaut\u00e9s des \u00e9diteurs. Des repr\u00e9sentants peuvent nous accompagner mais il est vraiment difficile de choisir. Une th\u00e9matique peut nous accrocher, il y a aussi les auteurs que l\u2019on conna\u00eet. Il faut r\u00e9agir tr\u00e8s rapidement. Les prix litt\u00e9raires sont tr\u00e8s prescripteurs, l\u2019\u00e9mission <em>La grande librairie<\/em> aussi.<\/p>\n\n\n<div class=\"wp-block-image\">\n<figure class=\"aligncenter\"><a href=\"https:\/\/lafilledecorinthe.com\/wordpress\/wp-content\/uploads\/2014\/11\/lectorat.jpg\"><img loading=\"lazy\" decoding=\"async\" width=\"640\" height=\"761\" src=\"https:\/\/lafilledecorinthe.com\/wordpress\/wp-content\/uploads\/2014\/11\/lectorat.jpg\" alt=\"Jan Van Eych, 1436\" class=\"wp-image-5608\" srcset=\"https:\/\/lafilledecorinthe.com\/wordpress\/wp-content\/uploads\/2014\/11\/lectorat.jpg 640w, https:\/\/lafilledecorinthe.com\/wordpress\/wp-content\/uploads\/2014\/11\/lectorat-571x680.jpg 571w, https:\/\/lafilledecorinthe.com\/wordpress\/wp-content\/uploads\/2014\/11\/lectorat-252x300.jpg 252w\" sizes=\"auto, (max-width: 640px) 100vw, 640px\" \/><\/a><figcaption class=\"wp-element-caption\">Jan Van Eych, 1436<\/figcaption><\/figure>\n<\/div>\n\n\n<p><strong>Tu as aussi mis en place un site de commande en ligne, est-ce un compl\u00e9ment indispensable \u00e0 la vente directe ?<\/strong><\/p>\n\n\n\n<p>Indispensable ? Non, mais tr\u00e8s utile ! C\u2019est une seconde vitrine. J\u2019annonce les \u00e9v\u00e8nements, les d\u00e9dicaces qui vont avoir lieu. C\u2019est aussi un outil pour les professionnels, les documentalistes des \u00e9tablissements scolaires font leur commande via le site. J\u2019aimerais qu\u2019il soit plus \u00e0 jour mais je cours continuellement apr\u00e8s le temps&#8230;<\/p>\n\n\n\n<p><strong>Justement, en quoi consiste ton travail au quotidien ?&nbsp;<\/strong><\/p>\n\n\n\n<p>L\u2019essentiel est l\u2019accueil du client, r\u00e9pondre \u00e0 sa demande le plus rapidement possible. Toutes nos autres t\u00e2ches sont fractionn\u00e9es par cette activit\u00e9 principale. La logistique est aussi fondamentale ; passer les commandes, recevoir les colis, g\u00e9rer les factures et les litiges, recevoir les repr\u00e9sentants&#8230; Ranger les livres, les mettre en valeur, am\u00e9nager la vitrine&#8230;<\/p>\n\n\n\n<p><strong>Lors du r\u00e9am\u00e9nagement de la librairie, tu as gard\u00e9 le rayon papeterie&#8230; C\u2019est un choix ou une n\u00e9cessit\u00e9 ?&nbsp;<\/strong><\/p>\n\n\n\n<p>A Meudon, il n\u2019y a plus d\u2019autres papeteries en dehors du rayon de Monoprix. Il y a plein d\u2019articles qu\u2019ils n\u2019ont pas. J\u2019ai donc une vraie demande. La papeterie est aussi en ad\u00e9quation avec le profil de ma librairie qui est orient\u00e9 vers le scolaire. La papeterie correspond \u00e0 15-20% de mon chiffre d\u2019affaire mais elle offre une meilleure marge que les livres.<\/p>\n\n\n<div class=\"wp-block-image\">\n<figure class=\"aligncenter\"><a href=\"https:\/\/lafilledecorinthe.com\/wordpress\/wp-content\/uploads\/2014\/11\/IMG_4799.jpg\"><img loading=\"lazy\" decoding=\"async\" width=\"2592\" height=\"1936\" src=\"https:\/\/lafilledecorinthe.com\/wordpress\/wp-content\/uploads\/2014\/11\/IMG_4799.jpg\" alt=\"IMG_4799\" class=\"wp-image-5609\" srcset=\"https:\/\/lafilledecorinthe.com\/wordpress\/wp-content\/uploads\/2014\/11\/IMG_4799.jpg 2592w, https:\/\/lafilledecorinthe.com\/wordpress\/wp-content\/uploads\/2014\/11\/IMG_4799-680x507.jpg 680w, https:\/\/lafilledecorinthe.com\/wordpress\/wp-content\/uploads\/2014\/11\/IMG_4799-1280x956.jpg 1280w, https:\/\/lafilledecorinthe.com\/wordpress\/wp-content\/uploads\/2014\/11\/IMG_4799-401x300.jpg 401w\" sizes=\"auto, (max-width: 2592px) 100vw, 2592px\" \/><\/a><\/figure>\n<\/div>\n\n\n<p class=\"has-text-align-center\"><\/p>\n\n\n\n<p><strong>Au bout de deux ans, ton bilan comptable est-il encourageant ?<\/strong><\/p>\n\n\n\n<p>Oui, j\u2019ai gagn\u00e9 de l\u2019argent d\u00e8s ma premi\u00e8re ann\u00e9e. Mais l\u2019\u00e9conomie d\u2019une librairie reste fragile. Les frais fixes sont importants, nous avons un seuil incompressible : loyer, salaire de mon employ\u00e9e&#8230; Entre septembre et d\u00e9cembre, de la rentr\u00e9e litt\u00e9raire aux f\u00eates de No\u00ebl, je fais 60% de mon chiffre d\u2019affaire.<\/p>\n\n\n<div class=\"wp-block-image\">\n<figure class=\"aligncenter\"><a href=\"https:\/\/lafilledecorinthe.com\/wordpress\/wp-content\/uploads\/2014\/11\/IMG_4795.jpg\"><img loading=\"lazy\" decoding=\"async\" width=\"2592\" height=\"1936\" src=\"https:\/\/lafilledecorinthe.com\/wordpress\/wp-content\/uploads\/2014\/11\/IMG_4795.jpg\" alt=\"IMG_4795\" class=\"wp-image-5611\" srcset=\"https:\/\/lafilledecorinthe.com\/wordpress\/wp-content\/uploads\/2014\/11\/IMG_4795.jpg 2592w, https:\/\/lafilledecorinthe.com\/wordpress\/wp-content\/uploads\/2014\/11\/IMG_4795-680x507.jpg 680w, https:\/\/lafilledecorinthe.com\/wordpress\/wp-content\/uploads\/2014\/11\/IMG_4795-1280x956.jpg 1280w, https:\/\/lafilledecorinthe.com\/wordpress\/wp-content\/uploads\/2014\/11\/IMG_4795-401x300.jpg 401w\" sizes=\"auto, (max-width: 2592px) 100vw, 2592px\" \/><\/a><\/figure>\n<\/div>\n\n\n<p class=\"has-text-align-center\"><\/p>\n\n\n\n<p><strong>J\u2019aimerais te faire r\u00e9agir \u00e0 cette page de <i>Literary Life<\/i> de Posy Simmonds&#8230;&nbsp;<\/strong><\/p>\n\n\n<div class=\"wp-block-image\">\n<figure class=\"aligncenter\"><a href=\"https:\/\/lafilledecorinthe.com\/wordpress\/wp-content\/uploads\/2014\/11\/librairie-2.jpeg\"><img loading=\"lazy\" decoding=\"async\" width=\"5817\" height=\"3432\" src=\"https:\/\/lafilledecorinthe.com\/wordpress\/wp-content\/uploads\/2014\/11\/librairie-2.jpeg\" alt=\"Extrait de la page 6 &quot;Salauds&quot; Literary Life de Posy Simmonds\" class=\"wp-image-5614\" srcset=\"https:\/\/lafilledecorinthe.com\/wordpress\/wp-content\/uploads\/2014\/11\/librairie-2.jpeg 5817w, https:\/\/lafilledecorinthe.com\/wordpress\/wp-content\/uploads\/2014\/11\/librairie-2-680x401.jpeg 680w, https:\/\/lafilledecorinthe.com\/wordpress\/wp-content\/uploads\/2014\/11\/librairie-2-1280x755.jpeg 1280w, https:\/\/lafilledecorinthe.com\/wordpress\/wp-content\/uploads\/2014\/11\/librairie-2-500x294.jpeg 500w\" sizes=\"auto, (max-width: 5817px) 100vw, 5817px\" \/><\/a><figcaption class=\"wp-element-caption\">Extrait de la page 6 \u00ab\u00a0Salauds\u00a0\u00bb Literary Life de Posy Simmonds<\/figcaption><\/figure>\n<\/div>\n\n\n<p><strong>Quel est pour toi l\u2019avenir du \u00abpetit libraire ind\u00e9pendant\u00bb ?<\/strong><\/p>\n\n\n\n<p>C\u2019est la loi Lang sur le prix unique du livre qui permet aux petites librairies de continuer \u00e0 exister face \u00e0 la grande distribution. On est oblig\u00e9 d\u2019\u00e9voluer, de vivre avec son temps&#8230;&nbsp;Cr\u00e9er un site, faire appel \u00e0 un coursier pour satisfaire le plus rapidement possible les clients sont des moyens pour lutter contre l&rsquo;h\u00e9g\u00e9monie d\u2019Amazon.<\/p>\n\n\n\n<p><strong>Les libraires font-ils de bons personnages litt\u00e9raires ?<\/strong><\/p>\n\n\n\n<p>Oui ! <em>La Jolie libraire dans la lumi\u00e8re<\/em> de Frank Andriat.&nbsp; <em>A L\u2019ombre du vent<\/em> de Carlos Ruiz Zafon. <em>Au bon roman<\/em> de Laurence Coss\u00e9&#8230;<\/p>\n\n\n<div class=\"wp-block-image\">\n<figure class=\"aligncenter\"><a href=\"https:\/\/lafilledecorinthe.com\/wordpress\/wp-content\/uploads\/2014\/11\/Au-bon-roman.jpg\"><img loading=\"lazy\" decoding=\"async\" width=\"400\" height=\"680\" src=\"https:\/\/lafilledecorinthe.com\/wordpress\/wp-content\/uploads\/2014\/11\/Au-bon-roman.jpg\" alt=\"Au bon roman de Laurence Coss\u00e9, 2009\" class=\"wp-image-5615\" srcset=\"https:\/\/lafilledecorinthe.com\/wordpress\/wp-content\/uploads\/2014\/11\/Au-bon-roman.jpg 400w, https:\/\/lafilledecorinthe.com\/wordpress\/wp-content\/uploads\/2014\/11\/Au-bon-roman-176x300.jpg 176w\" sizes=\"auto, (max-width: 400px) 100vw, 400px\" \/><\/a><figcaption class=\"wp-element-caption\">Au bon roman de Laurence Coss\u00e9, 2009<\/figcaption><\/figure>\n<\/div>","protected":false},"excerpt":{"rendered":"<p>Lieu de perdition pour ma carte bleue, les librairies exercent sur moi un pouvoir d&rsquo;attraction irr\u00e9pressible.&nbsp;J&rsquo;aime l&rsquo;objet livre ! J&rsquo;aime admirer les vitrines accrocheuses, j&rsquo;aime fl\u00e2ner dans les rayons, j&rsquo;aime lire les r\u00e9sum\u00e9s des quatri\u00e8mes de couverture, j&rsquo;aime confronter mes choix avec les avis des libraires&#8230; Alors quand la librairie est tenue par une amie,&#8230;<\/p>\n","protected":false},"author":2,"featured_media":5581,"comment_status":"open","ping_status":"open","sticky":false,"template":"","format":"standard","meta":{"_kad_post_transparent":"","_kad_post_title":"","_kad_post_layout":"","_kad_post_sidebar_id":"","_kad_post_content_style":"","_kad_post_vertical_padding":"","_kad_post_feature":"","_kad_post_feature_position":"","_kad_post_header":false,"_kad_post_footer":false,"_kad_post_classname":"","footnotes":""},"categories":[259],"tags":[935,942,930,936,934,940,938,932,937,933,931,939,941],"class_list":["post-5580","post","type-post","status-publish","format-standard","has-post-thumbnail","hentry","category-rencontres","tag-apoutsiak","tag-au-bon-roman-de-laurence-cosse","tag-catherine-fons","tag-harmsen-van-der-beek","tag-interview","tag-la-jolie-libraire-dans-la-lumiere-de-frank-andriat","tag-le-coeur-cousu-de-carole-martinez","tag-les-petits-mots","tag-les-piliers-de-la-terre-de-ken-follett","tag-libraire","tag-librairie","tag-literary-life-de-posy-simmonds","tag-lombre-du-vent-de-carlos-ruiz-zafon"],"_links":{"self":[{"href":"https:\/\/lafilledecorinthe.com\/wordpress\/wp-json\/wp\/v2\/posts\/5580","targetHints":{"allow":["GET"]}}],"collection":[{"href":"https:\/\/lafilledecorinthe.com\/wordpress\/wp-json\/wp\/v2\/posts"}],"about":[{"href":"https:\/\/lafilledecorinthe.com\/wordpress\/wp-json\/wp\/v2\/types\/post"}],"author":[{"embeddable":true,"href":"https:\/\/lafilledecorinthe.com\/wordpress\/wp-json\/wp\/v2\/users\/2"}],"replies":[{"embeddable":true,"href":"https:\/\/lafilledecorinthe.com\/wordpress\/wp-json\/wp\/v2\/comments?post=5580"}],"version-history":[{"count":26,"href":"https:\/\/lafilledecorinthe.com\/wordpress\/wp-json\/wp\/v2\/posts\/5580\/revisions"}],"predecessor-version":[{"id":15221,"href":"https:\/\/lafilledecorinthe.com\/wordpress\/wp-json\/wp\/v2\/posts\/5580\/revisions\/15221"}],"wp:featuredmedia":[{"embeddable":true,"href":"https:\/\/lafilledecorinthe.com\/wordpress\/wp-json\/wp\/v2\/media\/5581"}],"wp:attachment":[{"href":"https:\/\/lafilledecorinthe.com\/wordpress\/wp-json\/wp\/v2\/media?parent=5580"}],"wp:term":[{"taxonomy":"category","embeddable":true,"href":"https:\/\/lafilledecorinthe.com\/wordpress\/wp-json\/wp\/v2\/categories?post=5580"},{"taxonomy":"post_tag","embeddable":true,"href":"https:\/\/lafilledecorinthe.com\/wordpress\/wp-json\/wp\/v2\/tags?post=5580"}],"curies":[{"name":"wp","href":"https:\/\/api.w.org\/{rel}","templated":true}]}}