{"id":5515,"date":"2014-11-12T18:45:20","date_gmt":"2014-11-12T17:45:20","guid":{"rendered":"http:\/\/lafilledecorinthe.com\/wordpress\/?p=5515"},"modified":"2025-12-10T13:32:33","modified_gmt":"2025-12-10T12:32:33","slug":"filmmuseum-eye-damsterdam-2","status":"publish","type":"post","link":"https:\/\/lafilledecorinthe.com\/wordpress\/2014\/11\/filmmuseum-eye-damsterdam-2\/","title":{"rendered":"Filmmuseum Eye d&rsquo;Amsterdam    2"},"content":{"rendered":"\n<p class=\"has-text-align-left\">Depuis ma premi\u00e8re <a title=\"\u00ab\u00a0EYE Filmmuseum\u00a0\u00bb d\u2019Amsterdam\" href=\"https:\/\/lafilledecorinthe.com\/wordpress\/2013\/03\/eye-filmmuseum-damsterdam\/\">visite<\/a> au mus\u00e9e du cin\u00e9ma d&rsquo;Amsterdam, je n&rsquo;avais qu&rsquo;une envie.<br>Y retourner ! C&rsquo;est l&rsquo;artiste britannique, Anthony McCall, qui investit les salles du Filmmuseum Eye jusqu&rsquo;\u00e0 fin novembre. J&rsquo;\u00e9tais impatiente d&rsquo;interagir avec les diff\u00e9rentes installations\u00a0et de jouer avec les faisceaux lumineux ! Si plaisir il y a eu, je suis toutefois rest\u00e9e sur ma faim !<\/p>\n\n\n<div class=\"wp-block-image\">\n<figure class=\"aligncenter\"><a href=\"https:\/\/lafilledecorinthe.com\/wordpress\/wp-content\/uploads\/2014\/11\/Ams5.jpg\"><img loading=\"lazy\" decoding=\"async\" width=\"597\" height=\"800\" src=\"https:\/\/lafilledecorinthe.com\/wordpress\/wp-content\/uploads\/2014\/11\/Ams5.jpg\" alt=\"&quot;Face to face&quot; (II) 2014\" class=\"wp-image-5545\" srcset=\"https:\/\/lafilledecorinthe.com\/wordpress\/wp-content\/uploads\/2014\/11\/Ams5.jpg 597w, https:\/\/lafilledecorinthe.com\/wordpress\/wp-content\/uploads\/2014\/11\/Ams5-507x680.jpg 507w, https:\/\/lafilledecorinthe.com\/wordpress\/wp-content\/uploads\/2014\/11\/Ams5-223x300.jpg 223w\" sizes=\"auto, (max-width: 597px) 100vw, 597px\" \/><\/a><figcaption class=\"wp-element-caption\">\u00ab\u00a0Face to face\u00a0\u00bb (II) 2014<\/figcaption><\/figure>\n<\/div>\n\n<div class=\"wp-block-image\">\n<figure class=\"aligncenter\"><a href=\"https:\/\/lafilledecorinthe.com\/wordpress\/wp-content\/uploads\/2014\/11\/Ams4.jpg\"><img loading=\"lazy\" decoding=\"async\" width=\"800\" height=\"597\" src=\"https:\/\/lafilledecorinthe.com\/wordpress\/wp-content\/uploads\/2014\/11\/Ams4.jpg\" alt=\"Ams4\" class=\"wp-image-5542\" srcset=\"https:\/\/lafilledecorinthe.com\/wordpress\/wp-content\/uploads\/2014\/11\/Ams4.jpg 800w, https:\/\/lafilledecorinthe.com\/wordpress\/wp-content\/uploads\/2014\/11\/Ams4-680x507.jpg 680w, https:\/\/lafilledecorinthe.com\/wordpress\/wp-content\/uploads\/2014\/11\/Ams4-402x300.jpg 402w\" sizes=\"auto, (max-width: 800px) 100vw, 800px\" \/><\/a><\/figure>\n<\/div>\n\n\n<p>Il est dommage de pr\u00e9senter ses anciennes oeuvres <em>Line describing a cone<\/em> et <em>Four Projected Movements <\/em>avec les moyens num\u00e9riques actuels. J&rsquo;avais envie de voir, de toucher, de sentir l&rsquo;\u00e9volution de son travail et l\u00e0 tout est liss\u00e9 ! Je voulais aussi d\u00e9couvrir ses projections verticales&#8230; Aucune n&rsquo;est propos\u00e9e !<\/p>\n\n\n\n<p>Heureusement pour adoucir ma frustration, notre visite a lieu pendant le festival d&rsquo;animation d&rsquo;Amsterdam, <em>Klik !<\/em> Une occasion r\u00eav\u00e9e de d\u00e9couvrir des petites merveilles qui jouent \u00e0 leur tour avec la lumi\u00e8re et qui r\u00e9investissent l&rsquo;\u00e9cran. Voici mes coups de coeur &#8230;<\/p>\n\n\n\n<p>Le superbe clip de Darcy Prendergast tourn\u00e9 pendant six mois dans des entrepots abandonn\u00e9s autour de Melbourne. Plus de 10000 photos ont \u00e9t\u00e9 n\u00e9cessaires \u00e0 sa r\u00e9alisation.<\/p>\n\n\n\n<figure class=\"wp-block-embed is-type-video is-provider-youtube wp-block-embed-youtube wp-embed-aspect-16-9 wp-has-aspect-ratio\"><div class=\"wp-block-embed__wrapper\">\n<iframe loading=\"lazy\" title=\"Rippled- All India Radio\" width=\"720\" height=\"405\" src=\"https:\/\/www.youtube.com\/embed\/9ZohmoG981s?start=3&#038;feature=oembed\" frameborder=\"0\" allow=\"accelerometer; autoplay; clipboard-write; encrypted-media; gyroscope; picture-in-picture; web-share\" referrerpolicy=\"strict-origin-when-cross-origin\" allowfullscreen><\/iframe>\n<\/div><\/figure>\n\n\n\n<p><\/p>\n\n\n\n<p>Les ondes fascinent aussi l&rsquo;artiste am\u00e9ricain Daniel Sierra, qu&rsquo;elles soient visuelles ou sonores, leur fusion cr\u00e9e un spectacle envo\u00fbtant&#8230;<br><\/p>\n\n\n\n<figure class=\"wp-block-embed is-type-video is-provider-youtube wp-block-embed-youtube wp-embed-aspect-16-9 wp-has-aspect-ratio\"><div class=\"wp-block-embed__wrapper\">\n<iframe loading=\"lazy\" title=\"OSCILLATE by Daniel Sierra\" width=\"720\" height=\"405\" src=\"https:\/\/www.youtube.com\/embed\/upS3PEjQKNQ?start=3&#038;feature=oembed\" frameborder=\"0\" allow=\"accelerometer; autoplay; clipboard-write; encrypted-media; gyroscope; picture-in-picture; web-share\" referrerpolicy=\"strict-origin-when-cross-origin\" allowfullscreen><\/iframe>\n<\/div><\/figure>\n\n\n\n<p><br>&#8230; L&rsquo;hypnotique court m\u00e9trage du talentueux <a href=\"http:\/\/www.animalcolm.com\/\" target=\"_blank\" rel=\"noopener\">Malcon Sutherland<\/a>. Des formes color\u00e9es apparaissent sur un fond noir, m\u00fbes par un mouvement r\u00e9p\u00e9titif elles vont in\u00e9luctablement retourn\u00e9es dans le n\u00e9ant&#8230;<br><\/p>\n\n\n\n<figure class=\"wp-block-embed is-type-video is-provider-youtube wp-block-embed-youtube wp-embed-aspect-16-9 wp-has-aspect-ratio\"><div class=\"wp-block-embed__wrapper\">\n<iframe loading=\"lazy\" title=\"Light Forms\" width=\"720\" height=\"405\" src=\"https:\/\/www.youtube.com\/embed\/KaCro4z_c2Q?start=1&#038;feature=oembed\" frameborder=\"0\" allow=\"accelerometer; autoplay; clipboard-write; encrypted-media; gyroscope; picture-in-picture; web-share\" referrerpolicy=\"strict-origin-when-cross-origin\" allowfullscreen><\/iframe>\n<\/div><\/figure>\n\n\n\n<p><\/p>\n\n\n\n<p>Et pour finir, le magnifique spectacle du cin\u00e9aste allemand Max Hattler. Un voyage record dans l&rsquo;infiniment grand et l&rsquo;infiniment petit qui m\u00e9rite amplement ce titre \u00e0 rallonge !<br><\/p>\n\n\n\n<figure class=\"wp-block-embed is-type-video is-provider-vimeo wp-block-embed-vimeo wp-embed-aspect-16-9 wp-has-aspect-ratio\"><div class=\"wp-block-embed__wrapper\">\n<iframe loading=\"lazy\" title=\"A Very Large Increase in the Size, Amount, or Importance of Something Over a Very Short Period of Time (by Max Hattler)\" src=\"https:\/\/player.vimeo.com\/video\/57544315?dnt=1&amp;app_id=122963\" width=\"720\" height=\"405\" frameborder=\"0\" allow=\"autoplay; fullscreen; picture-in-picture; clipboard-write; encrypted-media; web-share\" referrerpolicy=\"strict-origin-when-cross-origin\"><\/iframe>\n<\/div><\/figure>\n","protected":false},"excerpt":{"rendered":"<p>Depuis ma premi\u00e8re visite au mus\u00e9e du cin\u00e9ma d&rsquo;Amsterdam, je n&rsquo;avais qu&rsquo;une envie.Y retourner ! C&rsquo;est l&rsquo;artiste britannique, Anthony McCall, qui investit les salles du Filmmuseum Eye jusqu&rsquo;\u00e0 fin novembre. J&rsquo;\u00e9tais impatiente d&rsquo;interagir avec les diff\u00e9rentes installations\u00a0et de jouer avec les faisceaux lumineux ! Si plaisir il y a eu, je suis toutefois rest\u00e9e sur&#8230;<\/p>\n","protected":false},"author":2,"featured_media":5540,"comment_status":"open","ping_status":"open","sticky":false,"template":"","format":"standard","meta":{"_kad_post_transparent":"","_kad_post_title":"","_kad_post_layout":"","_kad_post_sidebar_id":"","_kad_post_content_style":"","_kad_post_vertical_padding":"","_kad_post_feature":"","_kad_post_feature_position":"","_kad_post_header":false,"_kad_post_footer":false,"_kad_post_classname":"","footnotes":""},"categories":[6],"tags":[343,923,927,926,925,922,924,929,928],"class_list":["post-5515","post","type-post","status-publish","format-standard","has-post-thumbnail","hentry","category-blog","tag-amsterdam","tag-anthony-mccall","tag-daniel-sierra","tag-darcy-prendergast","tag-festival-danimation","tag-filmmuseum-eye","tag-klik","tag-malcon-sutherland","tag-max-hattler"],"_links":{"self":[{"href":"https:\/\/lafilledecorinthe.com\/wordpress\/wp-json\/wp\/v2\/posts\/5515","targetHints":{"allow":["GET"]}}],"collection":[{"href":"https:\/\/lafilledecorinthe.com\/wordpress\/wp-json\/wp\/v2\/posts"}],"about":[{"href":"https:\/\/lafilledecorinthe.com\/wordpress\/wp-json\/wp\/v2\/types\/post"}],"author":[{"embeddable":true,"href":"https:\/\/lafilledecorinthe.com\/wordpress\/wp-json\/wp\/v2\/users\/2"}],"replies":[{"embeddable":true,"href":"https:\/\/lafilledecorinthe.com\/wordpress\/wp-json\/wp\/v2\/comments?post=5515"}],"version-history":[{"count":60,"href":"https:\/\/lafilledecorinthe.com\/wordpress\/wp-json\/wp\/v2\/posts\/5515\/revisions"}],"predecessor-version":[{"id":15416,"href":"https:\/\/lafilledecorinthe.com\/wordpress\/wp-json\/wp\/v2\/posts\/5515\/revisions\/15416"}],"wp:featuredmedia":[{"embeddable":true,"href":"https:\/\/lafilledecorinthe.com\/wordpress\/wp-json\/wp\/v2\/media\/5540"}],"wp:attachment":[{"href":"https:\/\/lafilledecorinthe.com\/wordpress\/wp-json\/wp\/v2\/media?parent=5515"}],"wp:term":[{"taxonomy":"category","embeddable":true,"href":"https:\/\/lafilledecorinthe.com\/wordpress\/wp-json\/wp\/v2\/categories?post=5515"},{"taxonomy":"post_tag","embeddable":true,"href":"https:\/\/lafilledecorinthe.com\/wordpress\/wp-json\/wp\/v2\/tags?post=5515"}],"curies":[{"name":"wp","href":"https:\/\/api.w.org\/{rel}","templated":true}]}}