{"id":5494,"date":"2014-11-05T21:53:42","date_gmt":"2014-11-05T20:53:42","guid":{"rendered":"http:\/\/lafilledecorinthe.com\/wordpress\/?p=5494"},"modified":"2025-12-06T21:34:09","modified_gmt":"2025-12-06T20:34:09","slug":"ma-premiere-seance-au-magic-cinema-de-bobigny","status":"publish","type":"post","link":"https:\/\/lafilledecorinthe.com\/wordpress\/2014\/11\/ma-premiere-seance-au-magic-cinema-de-bobigny\/","title":{"rendered":"\u00ab\u00a0Ma premi\u00e8re s\u00e9ance\u00a0\u00bb au Magic cin\u00e9ma de Bobigny"},"content":{"rendered":"\n<p>Le dispositif <em>Ma premi\u00e8re s\u00e9ance <\/em>initi\u00e9e au cin\u00e9ma <em>L&rsquo;\u00e9toile<\/em> de la Courneuve par l&rsquo;association Cin\u00e9mas 93 est propos\u00e9 maintenant \u00e0 l&rsquo;ensemble du d\u00e9partement. Une trentaine d&rsquo;enseignants d&rsquo;\u00e9cole maternelle se sont port\u00e9s volontaires pour accompagner leur classe dans la d\u00e9couverte de trois programmations con\u00e7ues sp\u00e9cifiquement pour le jeune public.<\/p>\n\n\n<div class=\"wp-block-image\">\n<figure class=\"aligncenter\"><a href=\"https:\/\/lafilledecorinthe.com\/wordpress\/wp-content\/uploads\/2014\/11\/affiche_qui_voila.jpg\"><img loading=\"lazy\" decoding=\"async\" width=\"532\" height=\"800\" src=\"https:\/\/lafilledecorinthe.com\/wordpress\/wp-content\/uploads\/2014\/11\/affiche_qui_voila.jpg\" alt=\"affiche_qui_voila\" class=\"wp-image-5500\" srcset=\"https:\/\/lafilledecorinthe.com\/wordpress\/wp-content\/uploads\/2014\/11\/affiche_qui_voila.jpg 532w, https:\/\/lafilledecorinthe.com\/wordpress\/wp-content\/uploads\/2014\/11\/affiche_qui_voila-452x680.jpg 452w, https:\/\/lafilledecorinthe.com\/wordpress\/wp-content\/uploads\/2014\/11\/affiche_qui_voila-199x300.jpg 199w\" sizes=\"auto, (max-width: 532px) 100vw, 532px\" \/><\/a><\/figure>\n<\/div>\n\n\n<p class=\"has-text-align-center\"><\/p>\n\n\n<div class=\"wp-block-image\">\n<figure class=\"aligncenter\"><a href=\"https:\/\/lafilledecorinthe.com\/wordpress\/wp-content\/uploads\/2014\/11\/AfficheAPETITSPAS.png\"><img loading=\"lazy\" decoding=\"async\" width=\"565\" height=\"800\" src=\"https:\/\/lafilledecorinthe.com\/wordpress\/wp-content\/uploads\/2014\/11\/AfficheAPETITSPAS.png\" alt=\"AfficheAPETITSPAS\" class=\"wp-image-5501\" srcset=\"https:\/\/lafilledecorinthe.com\/wordpress\/wp-content\/uploads\/2014\/11\/AfficheAPETITSPAS.png 565w, https:\/\/lafilledecorinthe.com\/wordpress\/wp-content\/uploads\/2014\/11\/AfficheAPETITSPAS-480x680.png 480w, https:\/\/lafilledecorinthe.com\/wordpress\/wp-content\/uploads\/2014\/11\/AfficheAPETITSPAS-211x300.png 211w\" sizes=\"auto, (max-width: 565px) 100vw, 565px\" \/><\/a><\/figure>\n<\/div>\n\n\n<p class=\"has-text-align-center\"><\/p>\n\n\n<div class=\"wp-block-image\">\n<figure class=\"aligncenter\"><a href=\"https:\/\/lafilledecorinthe.com\/wordpress\/wp-content\/uploads\/2014\/11\/PETITEFABRIQUE_CP_recto.jpg\"><img loading=\"lazy\" decoding=\"async\" width=\"540\" height=\"800\" src=\"https:\/\/lafilledecorinthe.com\/wordpress\/wp-content\/uploads\/2014\/11\/PETITEFABRIQUE_CP_recto.jpg\" alt=\"PETITEFABRIQUE_CP_recto\" class=\"wp-image-5502\" srcset=\"https:\/\/lafilledecorinthe.com\/wordpress\/wp-content\/uploads\/2014\/11\/PETITEFABRIQUE_CP_recto.jpg 540w, https:\/\/lafilledecorinthe.com\/wordpress\/wp-content\/uploads\/2014\/11\/PETITEFABRIQUE_CP_recto-459x680.jpg 459w, https:\/\/lafilledecorinthe.com\/wordpress\/wp-content\/uploads\/2014\/11\/PETITEFABRIQUE_CP_recto-202x300.jpg 202w\" sizes=\"auto, (max-width: 540px) 100vw, 540px\" \/><\/a><\/figure>\n<\/div>\n\n\n<p class=\"has-text-align-left\"><\/p>\n\n\n<div class=\"wp-block-image\">\n<figure class=\"aligncenter\"><a href=\"https:\/\/lafilledecorinthe.com\/wordpress\/wp-content\/uploads\/2014\/11\/IMG_4584.jpg\"><img loading=\"lazy\" decoding=\"async\" width=\"2592\" height=\"1936\" src=\"https:\/\/lafilledecorinthe.com\/wordpress\/wp-content\/uploads\/2014\/11\/IMG_4584.jpg\" alt=\"Formation &quot;Ma premi\u00e8re s\u00e9ance&quot;, 5\/11\/14\" class=\"wp-image-5505\" srcset=\"https:\/\/lafilledecorinthe.com\/wordpress\/wp-content\/uploads\/2014\/11\/IMG_4584.jpg 2592w, https:\/\/lafilledecorinthe.com\/wordpress\/wp-content\/uploads\/2014\/11\/IMG_4584-680x507.jpg 680w, https:\/\/lafilledecorinthe.com\/wordpress\/wp-content\/uploads\/2014\/11\/IMG_4584-1280x956.jpg 1280w, https:\/\/lafilledecorinthe.com\/wordpress\/wp-content\/uploads\/2014\/11\/IMG_4584-401x300.jpg 401w\" sizes=\"auto, (max-width: 2592px) 100vw, 2592px\" \/><\/a><figcaption class=\"wp-element-caption\">Formation \u00ab\u00a0Ma premi\u00e8re s\u00e9ance\u00a0\u00bb, 5\/11\/14<\/figcaption><\/figure>\n<\/div>\n\n\n<p class=\"has-text-align-left\">Apr\u00e8s mon intervention qui portait sur des pistes de travail transversales aux trois programmes, les enseignants ont particip\u00e9 \u00e0 un atelier de light painting anim\u00e9 par la r\u00e9alisatrice <a href=\"http:\/\/mariepaccou.com\/\" target=\"_blank\" rel=\"noopener\">Marie Paccou<\/a>.<\/p>\n\n\n\n<figure class=\"wp-block-embed is-type-video is-provider-youtube wp-block-embed-youtube wp-embed-aspect-4-3 wp-has-aspect-ratio\"><div class=\"wp-block-embed__wrapper\">\n<iframe loading=\"lazy\" title=\"lightpaintingcin\u00e9ma\" width=\"720\" height=\"540\" src=\"https:\/\/www.youtube.com\/embed\/9vCl4ZqrRLI?start=2&#038;feature=oembed\" frameborder=\"0\" allow=\"accelerometer; autoplay; clipboard-write; encrypted-media; gyroscope; picture-in-picture; web-share\" referrerpolicy=\"strict-origin-when-cross-origin\" allowfullscreen><\/iframe>\n<\/div><\/figure>\n\n\n\n<p><\/p>\n\n\n\n<p>Bibliographie&nbsp;<a href=\"https:\/\/lafilledecorinthe.com\/wordpress\/wp-content\/uploads\/2014\/11\/ma-premi\u00e8re-s\u00e9ance.pdf\">ma premi\u00e8re s\u00e9ance<\/a><\/p>\n","protected":false},"excerpt":{"rendered":"<p>Le dispositif Ma premi\u00e8re s\u00e9ance initi\u00e9e au cin\u00e9ma L&rsquo;\u00e9toile de la Courneuve par l&rsquo;association Cin\u00e9mas 93 est propos\u00e9 maintenant \u00e0 l&rsquo;ensemble du d\u00e9partement. Une trentaine d&rsquo;enseignants d&rsquo;\u00e9cole maternelle se sont port\u00e9s volontaires pour accompagner leur classe dans la d\u00e9couverte de trois programmations con\u00e7ues sp\u00e9cifiquement pour le jeune public. Apr\u00e8s mon intervention qui portait sur des&#8230;<\/p>\n","protected":false},"author":2,"featured_media":5499,"comment_status":"open","ping_status":"open","sticky":false,"template":"","format":"standard","meta":{"_kad_post_transparent":"","_kad_post_title":"","_kad_post_layout":"","_kad_post_sidebar_id":"","_kad_post_content_style":"","_kad_post_vertical_padding":"","_kad_post_feature":"","_kad_post_feature_position":"","_kad_post_header":false,"_kad_post_footer":false,"_kad_post_classname":"","footnotes":""},"categories":[8],"tags":[920,918,921,600,917,919],"class_list":["post-5494","post","type-post","status-publish","format-standard","has-post-thumbnail","hentry","category-formations-adultes","tag-a-petits-pas","tag-bobigny","tag-la-petite-fabrique-des-mots","tag-ma-premiere-seance","tag-magic-cinema","tag-qui-voila"],"_links":{"self":[{"href":"https:\/\/lafilledecorinthe.com\/wordpress\/wp-json\/wp\/v2\/posts\/5494","targetHints":{"allow":["GET"]}}],"collection":[{"href":"https:\/\/lafilledecorinthe.com\/wordpress\/wp-json\/wp\/v2\/posts"}],"about":[{"href":"https:\/\/lafilledecorinthe.com\/wordpress\/wp-json\/wp\/v2\/types\/post"}],"author":[{"embeddable":true,"href":"https:\/\/lafilledecorinthe.com\/wordpress\/wp-json\/wp\/v2\/users\/2"}],"replies":[{"embeddable":true,"href":"https:\/\/lafilledecorinthe.com\/wordpress\/wp-json\/wp\/v2\/comments?post=5494"}],"version-history":[{"count":17,"href":"https:\/\/lafilledecorinthe.com\/wordpress\/wp-json\/wp\/v2\/posts\/5494\/revisions"}],"predecessor-version":[{"id":14557,"href":"https:\/\/lafilledecorinthe.com\/wordpress\/wp-json\/wp\/v2\/posts\/5494\/revisions\/14557"}],"wp:featuredmedia":[{"embeddable":true,"href":"https:\/\/lafilledecorinthe.com\/wordpress\/wp-json\/wp\/v2\/media\/5499"}],"wp:attachment":[{"href":"https:\/\/lafilledecorinthe.com\/wordpress\/wp-json\/wp\/v2\/media?parent=5494"}],"wp:term":[{"taxonomy":"category","embeddable":true,"href":"https:\/\/lafilledecorinthe.com\/wordpress\/wp-json\/wp\/v2\/categories?post=5494"},{"taxonomy":"post_tag","embeddable":true,"href":"https:\/\/lafilledecorinthe.com\/wordpress\/wp-json\/wp\/v2\/tags?post=5494"}],"curies":[{"name":"wp","href":"https:\/\/api.w.org\/{rel}","templated":true}]}}