{"id":5478,"date":"2014-10-27T12:44:53","date_gmt":"2014-10-27T11:44:53","guid":{"rendered":"http:\/\/lafilledecorinthe.com\/wordpress\/?p=5478"},"modified":"2025-12-08T21:25:55","modified_gmt":"2025-12-08T20:25:55","slug":"les-enfants-dabord-au-jeu-de-paume-8","status":"publish","type":"post","link":"https:\/\/lafilledecorinthe.com\/wordpress\/2014\/10\/les-enfants-dabord-au-jeu-de-paume-8\/","title":{"rendered":"\u00ab\u00a0Les enfants d&rsquo;abord !\u00a0\u00bb au Jeu de Paume 8"},"content":{"rendered":"\n<p>\u00ab\u00a0Les enfants d&rsquo;abord !\u00a0\u00bb f\u00eatent leur troisi\u00e8me saison avec le photographe am\u00e9ricain, Garry Winogrand. Les enfants observent, s&rsquo;interrogent, \u00e9changent et exp\u00e9rimentent sur le th\u00e8me \u00ab\u00a0Mouvements dans la ville\u00a0\u00bb.<\/p>\n\n\n<div class=\"wp-block-image\">\n<figure class=\"aligncenter\"><a href=\"https:\/\/lafilledecorinthe.com\/wordpress\/wp-content\/uploads\/2014\/10\/IMG_4556.jpg\"><img loading=\"lazy\" decoding=\"async\" width=\"2545\" height=\"1829\" src=\"https:\/\/lafilledecorinthe.com\/wordpress\/wp-content\/uploads\/2014\/10\/IMG_4556.jpg\" alt=\"Atelier du 25\/10\/14\" class=\"wp-image-5480\" srcset=\"https:\/\/lafilledecorinthe.com\/wordpress\/wp-content\/uploads\/2014\/10\/IMG_4556.jpg 2545w, https:\/\/lafilledecorinthe.com\/wordpress\/wp-content\/uploads\/2014\/10\/IMG_4556-680x488.jpg 680w, https:\/\/lafilledecorinthe.com\/wordpress\/wp-content\/uploads\/2014\/10\/IMG_4556-1280x919.jpg 1280w, https:\/\/lafilledecorinthe.com\/wordpress\/wp-content\/uploads\/2014\/10\/IMG_4556-417x300.jpg 417w\" sizes=\"auto, (max-width: 2545px) 100vw, 2545px\" \/><\/a><figcaption class=\"wp-element-caption\">Atelier du 25\/10\/14<\/figcaption><\/figure>\n<\/div>\n\n<div class=\"wp-block-image\">\n<figure class=\"aligncenter\"><a href=\"https:\/\/lafilledecorinthe.com\/wordpress\/wp-content\/uploads\/2014\/10\/expo.jpg\"><img loading=\"lazy\" decoding=\"async\" width=\"2235\" height=\"1533\" src=\"https:\/\/lafilledecorinthe.com\/wordpress\/wp-content\/uploads\/2014\/10\/expo.jpg\" alt=\"Atelier du 29 novembre 2014\" class=\"wp-image-5675\" srcset=\"https:\/\/lafilledecorinthe.com\/wordpress\/wp-content\/uploads\/2014\/10\/expo.jpg 2235w, https:\/\/lafilledecorinthe.com\/wordpress\/wp-content\/uploads\/2014\/10\/expo-680x466.jpg 680w, https:\/\/lafilledecorinthe.com\/wordpress\/wp-content\/uploads\/2014\/10\/expo-1280x877.jpg 1280w, https:\/\/lafilledecorinthe.com\/wordpress\/wp-content\/uploads\/2014\/10\/expo-437x300.jpg 437w\" sizes=\"auto, (max-width: 2235px) 100vw, 2235px\" \/><\/a><figcaption class=\"wp-element-caption\">Atelier du 29 \/11\/ 14<\/figcaption><\/figure>\n<\/div>\n\n<div class=\"wp-block-image\">\n<figure class=\"aligncenter\"><a href=\"https:\/\/lafilledecorinthe.com\/wordpress\/wp-content\/uploads\/2014\/10\/photographes.jpg\"><img loading=\"lazy\" decoding=\"async\" width=\"2592\" height=\"1936\" src=\"https:\/\/lafilledecorinthe.com\/wordpress\/wp-content\/uploads\/2014\/10\/photographes.jpg\" alt=\"Atelier du 29\/11\/14\" class=\"wp-image-5676\" srcset=\"https:\/\/lafilledecorinthe.com\/wordpress\/wp-content\/uploads\/2014\/10\/photographes.jpg 2592w, https:\/\/lafilledecorinthe.com\/wordpress\/wp-content\/uploads\/2014\/10\/photographes-680x507.jpg 680w, https:\/\/lafilledecorinthe.com\/wordpress\/wp-content\/uploads\/2014\/10\/photographes-1280x956.jpg 1280w, https:\/\/lafilledecorinthe.com\/wordpress\/wp-content\/uploads\/2014\/10\/photographes-401x300.jpg 401w\" sizes=\"auto, (max-width: 2592px) 100vw, 2592px\" \/><\/a><figcaption class=\"wp-element-caption\">Atelier du 29\/11\/14<\/figcaption><\/figure>\n<\/div>\n\n\n<figure class=\"wp-block-embed is-type-video is-provider-vimeo wp-block-embed-vimeo wp-embed-aspect-16-9 wp-has-aspect-ratio\"><div class=\"wp-block-embed__wrapper\">\n<iframe loading=\"lazy\" title=\"Paul et Pierre\" src=\"https:\/\/player.vimeo.com\/video\/113196736?dnt=1&amp;app_id=122963\" width=\"720\" height=\"405\" frameborder=\"0\" allow=\"autoplay; fullscreen; picture-in-picture; clipboard-write; encrypted-media; web-share\" referrerpolicy=\"strict-origin-when-cross-origin\"><\/iframe>\n<\/div><\/figure>\n\n\n\n<p><\/p>\n\n\n\n<p>Deux autres <a href=\"http:\/\/www.jeudepaume.org\/index.php?page=article&amp;idArt=1644\" target=\"_blank\" rel=\"noopener\">dates<\/a> sont propos\u00e9es, \u00e0 vos agendas !<\/p>\n","protected":false},"excerpt":{"rendered":"<p>\u00ab\u00a0Les enfants d&rsquo;abord !\u00a0\u00bb f\u00eatent leur troisi\u00e8me saison avec le photographe am\u00e9ricain, Garry Winogrand. Les enfants observent, s&rsquo;interrogent, \u00e9changent et exp\u00e9rimentent sur le th\u00e8me \u00ab\u00a0Mouvements dans la ville\u00a0\u00bb. Deux autres dates sont propos\u00e9es, \u00e0 vos agendas !<\/p>\n","protected":false},"author":2,"featured_media":5479,"comment_status":"open","ping_status":"open","sticky":false,"template":"","format":"standard","meta":{"_kad_post_transparent":"","_kad_post_title":"","_kad_post_layout":"","_kad_post_sidebar_id":"","_kad_post_content_style":"","_kad_post_vertical_padding":"","_kad_post_feature":"","_kad_post_feature_position":"","_kad_post_header":false,"_kad_post_footer":false,"_kad_post_classname":"","footnotes":""},"categories":[7],"tags":[9,907,48,916,949],"class_list":["post-5478","post","type-post","status-publish","format-standard","has-post-thumbnail","hentry","category-ateliers-enfants","tag-atelier","tag-garry-winogrand","tag-jeu-de-paume","tag-les-enfans-dabord","tag-mouvements-dans-la-ville"],"_links":{"self":[{"href":"https:\/\/lafilledecorinthe.com\/wordpress\/wp-json\/wp\/v2\/posts\/5478","targetHints":{"allow":["GET"]}}],"collection":[{"href":"https:\/\/lafilledecorinthe.com\/wordpress\/wp-json\/wp\/v2\/posts"}],"about":[{"href":"https:\/\/lafilledecorinthe.com\/wordpress\/wp-json\/wp\/v2\/types\/post"}],"author":[{"embeddable":true,"href":"https:\/\/lafilledecorinthe.com\/wordpress\/wp-json\/wp\/v2\/users\/2"}],"replies":[{"embeddable":true,"href":"https:\/\/lafilledecorinthe.com\/wordpress\/wp-json\/wp\/v2\/comments?post=5478"}],"version-history":[{"count":14,"href":"https:\/\/lafilledecorinthe.com\/wordpress\/wp-json\/wp\/v2\/posts\/5478\/revisions"}],"predecessor-version":[{"id":15197,"href":"https:\/\/lafilledecorinthe.com\/wordpress\/wp-json\/wp\/v2\/posts\/5478\/revisions\/15197"}],"wp:featuredmedia":[{"embeddable":true,"href":"https:\/\/lafilledecorinthe.com\/wordpress\/wp-json\/wp\/v2\/media\/5479"}],"wp:attachment":[{"href":"https:\/\/lafilledecorinthe.com\/wordpress\/wp-json\/wp\/v2\/media?parent=5478"}],"wp:term":[{"taxonomy":"category","embeddable":true,"href":"https:\/\/lafilledecorinthe.com\/wordpress\/wp-json\/wp\/v2\/categories?post=5478"},{"taxonomy":"post_tag","embeddable":true,"href":"https:\/\/lafilledecorinthe.com\/wordpress\/wp-json\/wp\/v2\/tags?post=5478"}],"curies":[{"name":"wp","href":"https:\/\/api.w.org\/{rel}","templated":true}]}}