{"id":5385,"date":"2014-10-24T07:53:28","date_gmt":"2014-10-24T06:53:28","guid":{"rendered":"http:\/\/lafilledecorinthe.com\/wordpress\/?p=5385"},"modified":"2025-12-08T21:28:42","modified_gmt":"2025-12-08T20:28:42","slug":"atelier-cinema-danimation-maison-populaire-de-montreuil-11","status":"publish","type":"post","link":"https:\/\/lafilledecorinthe.com\/wordpress\/2014\/10\/atelier-cinema-danimation-maison-populaire-de-montreuil-11\/","title":{"rendered":"Atelier \u00ab\u00a0cin\u00e9ma d&rsquo;animation\u00a0\u00bb Maison Populaire de Montreuil"},"content":{"rendered":"\n<p>Les premi\u00e8res s\u00e9ances de l&rsquo;atelier ont \u00e9t\u00e9 consacr\u00e9es \u00e0 la d\u00e9couverte des pr\u00e9curseurs du cin\u00e9ma et aux jouets optiques du XIX \u00e8me si\u00e8cle. Thaumatrope, ph\u00e9nakistiscope, zootrope, folioscope, praxinoscope sont des objets fabuleux \u00e0 manipuler et \u00e0 fabriquer&#8230;<br><\/p>\n\n\n\n<figure class=\"wp-block-embed is-type-video is-provider-youtube wp-block-embed-youtube wp-embed-aspect-16-9 wp-has-aspect-ratio\"><div class=\"wp-block-embed__wrapper\">\n<iframe loading=\"lazy\" title=\"Nos thaumatropes\" width=\"720\" height=\"405\" src=\"https:\/\/www.youtube.com\/embed\/P-Vex87Wu0s?feature=oembed\" frameborder=\"0\" allow=\"accelerometer; autoplay; clipboard-write; encrypted-media; gyroscope; picture-in-picture; web-share\" referrerpolicy=\"strict-origin-when-cross-origin\" allowfullscreen><\/iframe>\n<\/div><\/figure>\n\n\n\n<p><\/p>\n\n\n\n<p>Apr\u00e8s les pantomines lumineuses d&rsquo;Emile Reynaud, les instantan\u00e9s d&rsquo;Eadweard Muybridge et les vues des fr\u00e8res Lumi\u00e8re, nous nous sommes int\u00e9ress\u00e9s aux trucs de&nbsp;Georges M\u00e9li\u00e8s. Son truc de substitution par arr\u00eat de la cam\u00e9ra a un lien direct avec le cin\u00e9ma \u00ab\u00a0image par image\u00a0\u00bb, nous lui avons rendu hommage&#8230;<\/p>\n\n\n\n<figure class=\"wp-block-embed is-type-video is-provider-youtube wp-block-embed-youtube wp-embed-aspect-16-9 wp-has-aspect-ratio\"><div class=\"wp-block-embed__wrapper\">\n<iframe loading=\"lazy\" title=\"Me\u0301lie\u0300s\" width=\"720\" height=\"405\" src=\"https:\/\/www.youtube.com\/embed\/v-Vs2Xd2FB4?feature=oembed\" frameborder=\"0\" allow=\"accelerometer; autoplay; clipboard-write; encrypted-media; gyroscope; picture-in-picture; web-share\" referrerpolicy=\"strict-origin-when-cross-origin\" allowfullscreen><\/iframe>\n<\/div><\/figure>\n\n\n\n<p>La r\u00e9alisation de ce film est aussi l&rsquo;occasion d&rsquo;apprendre que le cin\u00e9ma est un travail d&rsquo;\u00e9quipe, nous rendons hommage aux m\u00e9tiers de l&rsquo;ombre&#8230;<\/p>\n\n\n<div class=\"wp-block-image\">\n<figure class=\"aligncenter\"><a href=\"https:\/\/lafilledecorinthe.com\/wordpress\/wp-content\/uploads\/2014\/10\/IMG_4430.jpg\"><img loading=\"lazy\" decoding=\"async\" width=\"2161\" height=\"1565\" src=\"https:\/\/lafilledecorinthe.com\/wordpress\/wp-content\/uploads\/2014\/10\/IMG_4430.jpg\" alt=\"Un com\u00e9dien entour\u00e9 de quatre accessoiristes.\" class=\"wp-image-5463\" srcset=\"https:\/\/lafilledecorinthe.com\/wordpress\/wp-content\/uploads\/2014\/10\/IMG_4430.jpg 2161w, https:\/\/lafilledecorinthe.com\/wordpress\/wp-content\/uploads\/2014\/10\/IMG_4430-680x492.jpg 680w, https:\/\/lafilledecorinthe.com\/wordpress\/wp-content\/uploads\/2014\/10\/IMG_4430-1280x926.jpg 1280w, https:\/\/lafilledecorinthe.com\/wordpress\/wp-content\/uploads\/2014\/10\/IMG_4430-414x300.jpg 414w\" sizes=\"auto, (max-width: 2161px) 100vw, 2161px\" \/><\/a><figcaption class=\"wp-element-caption\">Un com\u00e9dien entour\u00e9 de quatre <a href=\"http:\/\/www.youtube.com\/watch?v=xnUbeePgLxI\" target=\"_blank\" rel=\"noopener\">accessoiristes<\/a>.<\/figcaption><\/figure>\n<\/div>\n\n<div class=\"wp-block-image\">\n<figure class=\"aligncenter\"><a href=\"https:\/\/lafilledecorinthe.com\/wordpress\/wp-content\/uploads\/2014\/10\/IMG_4423.jpg\"><img loading=\"lazy\" decoding=\"async\" width=\"1866\" height=\"1307\" src=\"https:\/\/lafilledecorinthe.com\/wordpress\/wp-content\/uploads\/2014\/10\/IMG_4423.jpg\" alt=\"La star et sa doublure !\" class=\"wp-image-5464\" srcset=\"https:\/\/lafilledecorinthe.com\/wordpress\/wp-content\/uploads\/2014\/10\/IMG_4423.jpg 1866w, https:\/\/lafilledecorinthe.com\/wordpress\/wp-content\/uploads\/2014\/10\/IMG_4423-680x476.jpg 680w, https:\/\/lafilledecorinthe.com\/wordpress\/wp-content\/uploads\/2014\/10\/IMG_4423-1280x896.jpg 1280w, https:\/\/lafilledecorinthe.com\/wordpress\/wp-content\/uploads\/2014\/10\/IMG_4423-428x300.jpg 428w\" sizes=\"auto, (max-width: 1866px) 100vw, 1866px\" \/><\/a><figcaption class=\"wp-element-caption\">Une star et sa doublure !<\/figcaption><\/figure>\n<\/div>\n\n<div class=\"wp-block-image\">\n<figure class=\"aligncenter\"><a href=\"https:\/\/lafilledecorinthe.com\/wordpress\/wp-content\/uploads\/2014\/10\/IMG_4432.jpg\"><img loading=\"lazy\" decoding=\"async\" width=\"2076\" height=\"1527\" src=\"https:\/\/lafilledecorinthe.com\/wordpress\/wp-content\/uploads\/2014\/10\/IMG_4432.jpg\" alt=\"Et bien s\u00fbr un op\u00e9rateur de prises de vue...\" class=\"wp-image-5468\" srcset=\"https:\/\/lafilledecorinthe.com\/wordpress\/wp-content\/uploads\/2014\/10\/IMG_4432.jpg 2076w, https:\/\/lafilledecorinthe.com\/wordpress\/wp-content\/uploads\/2014\/10\/IMG_4432-680x500.jpg 680w, https:\/\/lafilledecorinthe.com\/wordpress\/wp-content\/uploads\/2014\/10\/IMG_4432-1280x941.jpg 1280w, https:\/\/lafilledecorinthe.com\/wordpress\/wp-content\/uploads\/2014\/10\/IMG_4432-407x300.jpg 407w\" sizes=\"auto, (max-width: 2076px) 100vw, 2076px\" \/><\/a><figcaption class=\"wp-element-caption\">Un op\u00e9rateur de prises de vue<\/figcaption><\/figure>\n<\/div>\n\n<div class=\"wp-block-image\">\n<figure class=\"aligncenter\"><a href=\"https:\/\/lafilledecorinthe.com\/wordpress\/wp-content\/uploads\/2014\/10\/IMG_4425.jpg\"><img loading=\"lazy\" decoding=\"async\" width=\"800\" height=\"586\" src=\"https:\/\/lafilledecorinthe.com\/wordpress\/wp-content\/uploads\/2014\/10\/IMG_4425.jpg\" alt=\"Une costumi\u00e8re pour un \u00e9change de collants express\" class=\"wp-image-5576\" srcset=\"https:\/\/lafilledecorinthe.com\/wordpress\/wp-content\/uploads\/2014\/10\/IMG_4425.jpg 800w, https:\/\/lafilledecorinthe.com\/wordpress\/wp-content\/uploads\/2014\/10\/IMG_4425-680x498.jpg 680w, https:\/\/lafilledecorinthe.com\/wordpress\/wp-content\/uploads\/2014\/10\/IMG_4425-409x300.jpg 409w\" sizes=\"auto, (max-width: 800px) 100vw, 800px\" \/><\/a><figcaption class=\"wp-element-caption\">Une costumi\u00e8re pour un \u00e9change de collants express<\/figcaption><\/figure>\n<\/div>","protected":false},"excerpt":{"rendered":"<p>Les premi\u00e8res s\u00e9ances de l&rsquo;atelier ont \u00e9t\u00e9 consacr\u00e9es \u00e0 la d\u00e9couverte des pr\u00e9curseurs du cin\u00e9ma et aux jouets optiques du XIX \u00e8me si\u00e8cle. Thaumatrope, ph\u00e9nakistiscope, zootrope, folioscope, praxinoscope sont des objets fabuleux \u00e0 manipuler et \u00e0 fabriquer&#8230; Apr\u00e8s les pantomines lumineuses d&rsquo;Emile Reynaud, les instantan\u00e9s d&rsquo;Eadweard Muybridge et les vues des fr\u00e8res Lumi\u00e8re, nous nous&#8230;<\/p>\n","protected":false},"author":2,"featured_media":5450,"comment_status":"open","ping_status":"open","sticky":false,"template":"","format":"standard","meta":{"_kad_post_transparent":"","_kad_post_title":"","_kad_post_layout":"","_kad_post_sidebar_id":"","_kad_post_content_style":"","_kad_post_vertical_padding":"","_kad_post_feature":"","_kad_post_feature_position":"","_kad_post_header":false,"_kad_post_footer":false,"_kad_post_classname":"","footnotes":""},"categories":[7],"tags":[195,912,199,913,588,106,196,915,911,198,914],"class_list":["post-5385","post","type-post","status-publish","format-standard","has-post-thumbnail","hentry","category-ateliers-enfants","tag-atelier-cinema-danimation","tag-eadweard-muybridge","tag-emile-reynaud","tag-freres-lumiere","tag-georges-melies","tag-jouets-optiques","tag-maison-populaire-de-montreuil","tag-metiers-de-lombre","tag-precurseurs-du-cinema","tag-thaumatrope","tag-truc-de-substitution-par-arret-de-la-camera"],"_links":{"self":[{"href":"https:\/\/lafilledecorinthe.com\/wordpress\/wp-json\/wp\/v2\/posts\/5385","targetHints":{"allow":["GET"]}}],"collection":[{"href":"https:\/\/lafilledecorinthe.com\/wordpress\/wp-json\/wp\/v2\/posts"}],"about":[{"href":"https:\/\/lafilledecorinthe.com\/wordpress\/wp-json\/wp\/v2\/types\/post"}],"author":[{"embeddable":true,"href":"https:\/\/lafilledecorinthe.com\/wordpress\/wp-json\/wp\/v2\/users\/2"}],"replies":[{"embeddable":true,"href":"https:\/\/lafilledecorinthe.com\/wordpress\/wp-json\/wp\/v2\/comments?post=5385"}],"version-history":[{"count":32,"href":"https:\/\/lafilledecorinthe.com\/wordpress\/wp-json\/wp\/v2\/posts\/5385\/revisions"}],"predecessor-version":[{"id":15193,"href":"https:\/\/lafilledecorinthe.com\/wordpress\/wp-json\/wp\/v2\/posts\/5385\/revisions\/15193"}],"wp:featuredmedia":[{"embeddable":true,"href":"https:\/\/lafilledecorinthe.com\/wordpress\/wp-json\/wp\/v2\/media\/5450"}],"wp:attachment":[{"href":"https:\/\/lafilledecorinthe.com\/wordpress\/wp-json\/wp\/v2\/media?parent=5385"}],"wp:term":[{"taxonomy":"category","embeddable":true,"href":"https:\/\/lafilledecorinthe.com\/wordpress\/wp-json\/wp\/v2\/categories?post=5385"},{"taxonomy":"post_tag","embeddable":true,"href":"https:\/\/lafilledecorinthe.com\/wordpress\/wp-json\/wp\/v2\/tags?post=5385"}],"curies":[{"name":"wp","href":"https:\/\/api.w.org\/{rel}","templated":true}]}}