{"id":5241,"date":"2014-09-23T10:03:20","date_gmt":"2014-09-23T09:03:20","guid":{"rendered":"http:\/\/lafilledecorinthe.com\/wordpress\/?p=5241"},"modified":"2025-12-03T17:15:55","modified_gmt":"2025-12-03T16:15:55","slug":"small-universe-derik-kessels-arles-2014","status":"publish","type":"post","link":"https:\/\/lafilledecorinthe.com\/wordpress\/2014\/09\/small-universe-derik-kessels-arles-2014\/","title":{"rendered":"Small Universe d&rsquo;Erik Kessels, Arles 2014"},"content":{"rendered":"\n<p>Collectionneur et sp\u00e9cialiste de la photo amateur, Erik Kessel est un habitu\u00e9 des rencontres d&rsquo;Arles. Cette ann\u00e9e, ce n&rsquo;est pas une installation sur la photographie vernaculaire qu&rsquo;il pr\u00e9sente mais les travaux de neuf artistes hollandais r\u00e9unis sous son regard d\u00e9cal\u00e9 &#8230;<\/p>\n\n\n\n<p>\u00a0\u00bb <em>Les hollandais font partie des gens les plus grands de la plan\u00e8te, et pourtant ils vivent dans l&rsquo;un des plus petits pays du monde &#8230;<\/em> \u00a0\u00bb &nbsp; &nbsp; &nbsp; &nbsp; &nbsp; &nbsp;<a href=\"http:\/\/www.rencontres-arles.com\/C.aspx?VP3=CMS3&amp;VF=ARLAR1_52_VForm&amp;FRM=Frame:ARLAR1_103\" target=\"_blank\" rel=\"noopener\">la suite<\/a><\/p>\n\n\n\n<p>Pr\u00e9sentation subjective de l&rsquo;exploration de ce <em>Petit univers<\/em>.<\/p>\n\n\n\n<p>La pi\u00e8ce consacr\u00e9e \u00e0 Hans Eijkelboom est au coeur de ce parcours. Ses toutes premi\u00e8res s\u00e9ries sont \u00e0 l&rsquo;honneur. Elles sont embl\u00e9matiques de son travail. Hans Eijkelboom&nbsp;suit pour chacune d&rsquo;elle un protocole dans lequel il se met en sc\u00e8ne pour interroger son identit\u00e9 et ses relations aux autres.<\/p>\n\n\n<div class=\"wp-block-image\">\n<figure class=\"aligncenter\"><a href=\"https:\/\/lafilledecorinthe.com\/wordpress\/wp-content\/uploads\/2014\/09\/identit\u00e9.jpg\"><img loading=\"lazy\" decoding=\"async\" width=\"800\" height=\"448\" src=\"https:\/\/lafilledecorinthe.com\/wordpress\/wp-content\/uploads\/2014\/09\/identit\u00e9.jpg\" alt=\"Hans Eijkelboom, Identit\u00e9s, 1976\" class=\"wp-image-5253\" srcset=\"https:\/\/lafilledecorinthe.com\/wordpress\/wp-content\/uploads\/2014\/09\/identit\u00e9.jpg 800w, https:\/\/lafilledecorinthe.com\/wordpress\/wp-content\/uploads\/2014\/09\/identit\u00e9-680x380.jpg 680w, https:\/\/lafilledecorinthe.com\/wordpress\/wp-content\/uploads\/2014\/09\/identit\u00e9-500x280.jpg 500w\" sizes=\"auto, (max-width: 800px) 100vw, 800px\" \/><\/a><figcaption class=\"wp-element-caption\">Hans Eijkelboom, Identity, 1976<\/figcaption><\/figure>\n<\/div>\n\n\n<p>Par exemple, pour la s\u00e9rie <em>Identity, <\/em>il demande \u00e0 dix anciennes connaissances les souvenirs qu&rsquo;elles gardent de lui et quel pourrait \u00eatre son m\u00e9tier actuel. Il se d\u00e9guise en chacune des propositions et r\u00e9alise un autoportrait en bucheron, en pilier de bar, en policier&#8230; Ses correspondants re\u00e7oivent ensuite une lettre avec ces mots : <em>tu as compl\u00e8tement devin\u00e9, voici une photo de moi<\/em>.<\/p>\n\n\n<div class=\"wp-block-image\">\n<figure class=\"aligncenter\"><a href=\"https:\/\/lafilledecorinthe.com\/wordpress\/wp-content\/uploads\/2014\/09\/10-euros.jpg\"><img loading=\"lazy\" decoding=\"async\" width=\"800\" height=\"597\" src=\"https:\/\/lafilledecorinthe.com\/wordpress\/wp-content\/uploads\/2014\/09\/10-euros.jpg\" alt=\"Hans Eijkelboom, tenue \u00e0 10 euros, 2005-2006\" class=\"wp-image-5258\" srcset=\"https:\/\/lafilledecorinthe.com\/wordpress\/wp-content\/uploads\/2014\/09\/10-euros.jpg 800w, https:\/\/lafilledecorinthe.com\/wordpress\/wp-content\/uploads\/2014\/09\/10-euros-680x507.jpg 680w, https:\/\/lafilledecorinthe.com\/wordpress\/wp-content\/uploads\/2014\/09\/10-euros-402x300.jpg 402w\" sizes=\"auto, (max-width: 800px) 100vw, 800px\" \/><\/a><figcaption class=\"wp-element-caption\">Hans Eijkelboom, 10-euro outfits, 2005-2006<\/figcaption><\/figure>\n<\/div>\n\n\n<p>La s\u00e9rie <em>10-euros outfits&nbsp;<\/em>date quant \u00e0 elle des ann\u00e9es 2000. Hans Eijkelboom&nbsp;se photographie dans la rue avec une nouvelle tenue dont le prix ne doit pas exc\u00e9der 10 euros. Ces trente-deux nouveaux autoportraits participent aux r\u00e9cents travaux de Hans&nbsp;Eijkelboom qui interrogent les choix vestimentaires dans la construction de l&rsquo;identit\u00e9 individuelle et collective.<\/p>\n\n\n\n<p>Erik Fens reprend quant \u00e0 lui le geste fondateur des premiers photographes ; photographier de son balcon. Ce lieu familier lui permet d&rsquo;observer tout \u00e0 loisir le reflet d&rsquo;un arbre sur le capot des voitures gar\u00e9es \u00e0 son pied. La fusion de l&rsquo;arbre et de la voiture est \u00e0 chaque clich\u00e9 renouvel\u00e9e. Erok Fens joue avec la qualit\u00e9 de la lumi\u00e8re, la couleur des carrosseries et le cadrage. La r\u00e9p\u00e9tition est ici po\u00e9tique&#8230; <em>Ni tout \u00e0 fait la m\u00eame, ni tout \u00e0 fait une autre.<\/em><\/p>\n\n\n<div class=\"wp-block-image\">\n<figure class=\"aligncenter\"><a href=\"https:\/\/lafilledecorinthe.com\/wordpress\/wp-content\/uploads\/2014\/09\/Tree-car.jpg\"><img loading=\"lazy\" decoding=\"async\" width=\"800\" height=\"597\" src=\"https:\/\/lafilledecorinthe.com\/wordpress\/wp-content\/uploads\/2014\/09\/Tree-car.jpg\" alt=\"Erik Fens, Tree car\" class=\"wp-image-5267\" srcset=\"https:\/\/lafilledecorinthe.com\/wordpress\/wp-content\/uploads\/2014\/09\/Tree-car.jpg 800w, https:\/\/lafilledecorinthe.com\/wordpress\/wp-content\/uploads\/2014\/09\/Tree-car-680x507.jpg 680w, https:\/\/lafilledecorinthe.com\/wordpress\/wp-content\/uploads\/2014\/09\/Tree-car-402x300.jpg 402w\" sizes=\"auto, (max-width: 800px) 100vw, 800px\" \/><\/a><figcaption class=\"wp-element-caption\">Erik Fens, Tree car<\/figcaption><\/figure>\n<\/div>\n\n\n<p>Face \u00e0 l&rsquo;oeuvre de Hans de Vries, j&rsquo;ai le sentiment de me trouver face \u00e0 un objet non identifi\u00e9. Quelques explications s&rsquo;imposent&#8230; Cet artiste atypique est actif dans les ann\u00e9es 70. Il porte une attention accrue \u00e0 certains \u00e9l\u00e9ments de sa vie quotidienne. Il poss\u00e8de avec son \u00e9pouse un magnifique g\u00e9ranium. G\u00e9n\u00e9reux, ils d\u00e9cident de faire des boutures pour partager avec leur proche le plaisir que leur apporte cette plante.<\/p>\n\n\n<div class=\"wp-block-image\">\n<figure class=\"aligncenter\"><a href=\"https:\/\/lafilledecorinthe.com\/wordpress\/wp-content\/uploads\/2014\/09\/g\u00e9ranium.jpg\"><img loading=\"lazy\" decoding=\"async\" width=\"800\" height=\"597\" src=\"https:\/\/lafilledecorinthe.com\/wordpress\/wp-content\/uploads\/2014\/09\/g\u00e9ranium.jpg\" alt=\"Hans de Vries, the history of the lemon geranium\" class=\"wp-image-5289\" srcset=\"https:\/\/lafilledecorinthe.com\/wordpress\/wp-content\/uploads\/2014\/09\/g\u00e9ranium.jpg 800w, https:\/\/lafilledecorinthe.com\/wordpress\/wp-content\/uploads\/2014\/09\/g\u00e9ranium-680x507.jpg 680w, https:\/\/lafilledecorinthe.com\/wordpress\/wp-content\/uploads\/2014\/09\/g\u00e9ranium-402x300.jpg 402w\" sizes=\"auto, (max-width: 800px) 100vw, 800px\" \/><\/a><figcaption class=\"wp-element-caption\">Hans de Vries, the history of the lemon geranium<\/figcaption><\/figure>\n<\/div>\n\n<div class=\"wp-block-image\">\n<figure class=\"aligncenter\"><a href=\"https:\/\/lafilledecorinthe.com\/wordpress\/wp-content\/uploads\/2014\/09\/g\u00e9ranium1.jpg\"><img loading=\"lazy\" decoding=\"async\" width=\"800\" height=\"533\" src=\"https:\/\/lafilledecorinthe.com\/wordpress\/wp-content\/uploads\/2014\/09\/g\u00e9ranium1.jpg\" alt=\"Hans de Vries, the history of the lemon geranium\" class=\"wp-image-5290\" srcset=\"https:\/\/lafilledecorinthe.com\/wordpress\/wp-content\/uploads\/2014\/09\/g\u00e9ranium1.jpg 800w, https:\/\/lafilledecorinthe.com\/wordpress\/wp-content\/uploads\/2014\/09\/g\u00e9ranium1-680x453.jpg 680w, https:\/\/lafilledecorinthe.com\/wordpress\/wp-content\/uploads\/2014\/09\/g\u00e9ranium1-450x300.jpg 450w\" sizes=\"auto, (max-width: 800px) 100vw, 800px\" \/><\/a><figcaption class=\"wp-element-caption\">Hans de Vries, the history of the lemon geranium<\/figcaption><\/figure>\n<\/div>\n\n\n<p>La plante devient un vrai personnage, Hans de Vries s&rsquo;informe r\u00e9guli\u00e8rement de l&rsquo;\u00e9volution des boutures. Ses notes manuscrites et ses photos constituent le journal de bord de cette \u00e9trange lign\u00e9e. Il \u00e9labore peu \u00e0 peu un r\u00e9seau qui n&rsquo;a rien de virtuel.<\/p>\n\n\n\n<p>Jos Houweling et Hans Van Der Meer&nbsp;\u00e9tablissent tous les deux une typologie photographique de l&rsquo;espace urbain. La confrontation de leur travaux est int\u00e9ressante. Jos Houweling r\u00e9alise ses prises de vue dans la capitale hollandaise au d\u00e9but des ann\u00e9es 70, la municipalit\u00e9 d&rsquo;Amsterdam ayant souhait\u00e9 publier un livre \u00e0 l&rsquo;occasion des 700 ans de la ville.<\/p>\n\n\n<div class=\"wp-block-image\">\n<figure class=\"aligncenter\"><a href=\"https:\/\/lafilledecorinthe.com\/wordpress\/wp-content\/uploads\/2014\/09\/Jos-Houweling-1.jpg\"><img loading=\"lazy\" decoding=\"async\" width=\"800\" height=\"514\" src=\"https:\/\/lafilledecorinthe.com\/wordpress\/wp-content\/uploads\/2014\/09\/Jos-Houweling-1.jpg\" alt=\"Jos Houweling, 700 cents, 1975\" class=\"wp-image-5303\" srcset=\"https:\/\/lafilledecorinthe.com\/wordpress\/wp-content\/uploads\/2014\/09\/Jos-Houweling-1.jpg 800w, https:\/\/lafilledecorinthe.com\/wordpress\/wp-content\/uploads\/2014\/09\/Jos-Houweling-1-680x436.jpg 680w, https:\/\/lafilledecorinthe.com\/wordpress\/wp-content\/uploads\/2014\/09\/Jos-Houweling-1-466x300.jpg 466w\" sizes=\"auto, (max-width: 800px) 100vw, 800px\" \/><\/a><figcaption class=\"wp-element-caption\">Jos Houweling, 700 cents, 1975<\/figcaption><\/figure>\n<\/div>\n\n\n<p>Jos Houweling dresse un inventaire \u00e0 la Pr\u00e9vert, il prend en cadrage serr\u00e9 des ensembles de plaques d&rsquo;\u00e9gout, d&rsquo;horloges, de landaus, d&rsquo;habitants \u00e0 leur fen\u00eatre&#8230; Ses juxtapositions forment un ensemble tr\u00e8s vivant o\u00f9 la diversit\u00e9 r\u00e8gne. Trente plus tard,&nbsp;Hans Van Der Meer s&rsquo;int\u00e9resse quant \u00e0 lui aux villes moyennes des Pays Bas.<\/p>\n\n\n<div class=\"wp-block-image\">\n<figure class=\"aligncenter\"><a href=\"https:\/\/lafilledecorinthe.com\/wordpress\/wp-content\/uploads\/2014\/09\/Hans-Van-der-Meer.jpg\"><img loading=\"lazy\" decoding=\"async\" width=\"800\" height=\"597\" src=\"https:\/\/lafilledecorinthe.com\/wordpress\/wp-content\/uploads\/2014\/09\/Hans-Van-der-Meer.jpg\" alt=\"Hans Van Der Meer, The netherlands of the shelf, 2008\" class=\"wp-image-5305\" srcset=\"https:\/\/lafilledecorinthe.com\/wordpress\/wp-content\/uploads\/2014\/09\/Hans-Van-der-Meer.jpg 800w, https:\/\/lafilledecorinthe.com\/wordpress\/wp-content\/uploads\/2014\/09\/Hans-Van-der-Meer-680x507.jpg 680w, https:\/\/lafilledecorinthe.com\/wordpress\/wp-content\/uploads\/2014\/09\/Hans-Van-der-Meer-402x300.jpg 402w\" sizes=\"auto, (max-width: 800px) 100vw, 800px\" \/><\/a><figcaption class=\"wp-element-caption\">Hans Van Der Meer, The netherlands of the shelf, 2008<\/figcaption><\/figure>\n<\/div>\n\n\n<p>Sa d\u00e9marche est tout autre. Il prend essentiellement des places en plan large, son point de vue est l\u00e9g\u00e8rement sur\u00e9lev\u00e9. A partir de cet ensemble de photographies, il \u00e9tablit une typologie du mat\u00e9riel urbain sous la forme d&rsquo;un catalogue glac\u00e9 et gla\u00e7ant. On est tr\u00e8s loin de la fantaisie des ann\u00e9es 70.<\/p>\n\n\n\n<p>Maurice Van Es et Milou Abel explorent la relation du photographe avec son mod\u00e8le. Pour l&rsquo;un c&rsquo;est son jeune fr\u00e8re adolescent r\u00e9fractaire \u00e0 toute photo, pour l&rsquo;autre c&rsquo;est une inconnue \u00e9trange rep\u00e9r\u00e9e dans la rue. Quelle distance, quel point de vue et quelle empathie adoptent-ils pour nous raconter un moment de leur histoire ?<\/p>\n\n\n<div class=\"wp-block-image\">\n<figure class=\"aligncenter\"><a href=\"https:\/\/lafilledecorinthe.com\/wordpress\/wp-content\/uploads\/2014\/09\/New-life.jpg\"><img loading=\"lazy\" decoding=\"async\" width=\"800\" height=\"533\" src=\"https:\/\/lafilledecorinthe.com\/wordpress\/wp-content\/uploads\/2014\/09\/New-life.jpg\" alt=\"Maurice Van Es, New life, 2011-2013\" class=\"wp-image-5312\" srcset=\"https:\/\/lafilledecorinthe.com\/wordpress\/wp-content\/uploads\/2014\/09\/New-life.jpg 800w, https:\/\/lafilledecorinthe.com\/wordpress\/wp-content\/uploads\/2014\/09\/New-life-680x453.jpg 680w, https:\/\/lafilledecorinthe.com\/wordpress\/wp-content\/uploads\/2014\/09\/New-life-450x300.jpg 450w\" sizes=\"auto, (max-width: 800px) 100vw, 800px\" \/><\/a><figcaption class=\"wp-element-caption\"><a href=\"http:\/\/www.mauricevanes.nl\/\" target=\"_blank\" rel=\"noopener\">Maurice Van Es<\/a>, New life, 2011-2013<\/figcaption><\/figure>\n<\/div>\n\n<div class=\"wp-block-image\">\n<figure class=\"aligncenter\"><a href=\"https:\/\/lafilledecorinthe.com\/wordpress\/wp-content\/uploads\/2014\/09\/Milou.jpg\"><img loading=\"lazy\" decoding=\"async\" width=\"800\" height=\"533\" src=\"https:\/\/lafilledecorinthe.com\/wordpress\/wp-content\/uploads\/2014\/09\/Milou.jpg\" alt=\"Milou Abel, I'm you, 2011\" class=\"wp-image-5313\" srcset=\"https:\/\/lafilledecorinthe.com\/wordpress\/wp-content\/uploads\/2014\/09\/Milou.jpg 800w, https:\/\/lafilledecorinthe.com\/wordpress\/wp-content\/uploads\/2014\/09\/Milou-680x453.jpg 680w, https:\/\/lafilledecorinthe.com\/wordpress\/wp-content\/uploads\/2014\/09\/Milou-450x300.jpg 450w\" sizes=\"auto, (max-width: 800px) 100vw, 800px\" \/><\/a><figcaption class=\"wp-element-caption\"><a href=\"http:\/\/www.milou-abel.com\/\" target=\"_blank\" rel=\"noopener\">Milou Abel<\/a>, Ik ben jou, 2011<\/figcaption><\/figure>\n<\/div>\n\n\n<p>Avant de se pr\u00e9senter sous la forme d&rsquo;une installation, le projet <em>Ik ben jou<\/em> de Milou Abel a fait l&rsquo;objet d&rsquo;un tr\u00e8s beau livre \u00e0 double reliure. Les photographies de Milou Abel s&rsquo;entrelacent avec des photographies personnelles du mod\u00e8le. Le jeu de d\u00e9voilement et de recouvrement est passionnant.<br><object type=\"application\/x-shockwave-flash\" data=\"http:\/\/www.vimeo.com\/moogaloop.swf?clip_id=44666284\" width=\"500\" height=\"375\"><param name=\"movie\" value=\"http:\/\/www.vimeo.com\/moogaloop.swf?clip_id=44666284\" \/><param name=\"wmode\" value=\"transparent\" \/><\/object><br \/>\n<!-- generated by WordPress plugin Embedded Video -->\n<\/p>\n\n\n\n<p>Mon parcours se termine sur les visages en pleurs de M\u00e9lanie Bonajo.<\/p>\n\n\n<div class=\"wp-block-image\">\n<figure class=\"aligncenter\"><a href=\"https:\/\/lafilledecorinthe.com\/wordpress\/wp-content\/uploads\/2014\/09\/melaniebonajothankyouforhurtingme2.gif\"><img loading=\"lazy\" decoding=\"async\" width=\"529\" height=\"800\" src=\"https:\/\/lafilledecorinthe.com\/wordpress\/wp-content\/uploads\/2014\/09\/melaniebonajothankyouforhurtingme2.gif\" alt=\"M\u00e9lanie Bonajo, Thank you for hurting me, I really needed that, 2009\" class=\"wp-image-5341\"\/><\/a><figcaption class=\"wp-element-caption\"><a href=\"http:\/\/www.melaniebonajo.com\/\" target=\"_blank\" rel=\"noopener\">M\u00e9lanie Bonajo<\/a>, Thank you for hurting me, I really needed that, 2009<\/figcaption><\/figure>\n<\/div>\n\n\n<p>Elle prend le contrepied de la \u00ab\u00a0smile photography\u00a0\u00bb. Quelle image de soi expose-t-on au regard des autres ? De quels moments de sa vie d\u00e9sire-t-on garder des traces ?<\/p>\n\n\n\n<p>Je n&rsquo;ai pas vu le diaporama de Sema Bekirovic \u00e0 l&rsquo;atelier de chaudronnerie d&rsquo;Arles. De gros orages ayant perturb\u00e9 l&rsquo;installation \u00e9lectrique, le mur est rest\u00e9 d\u00e9sesp\u00e9r\u00e9ment blanc lors de ma visite. La d\u00e9couverte de ce projet est donc diff\u00e9r\u00e9e.<\/p>\n\n\n<div class=\"wp-block-image\">\n<figure class=\"aligncenter\"><a href=\"https:\/\/lafilledecorinthe.com\/wordpress\/wp-content\/uploads\/2014\/09\/sema-bekirovic-koet09.jpg\"><img loading=\"lazy\" decoding=\"async\" width=\"800\" height=\"592\" src=\"https:\/\/lafilledecorinthe.com\/wordpress\/wp-content\/uploads\/2014\/09\/sema-bekirovic-koet09.jpg\" alt=\"Sema Bekirovic, Koet, 2006-2007\" class=\"wp-image-5347\" srcset=\"https:\/\/lafilledecorinthe.com\/wordpress\/wp-content\/uploads\/2014\/09\/sema-bekirovic-koet09.jpg 800w, https:\/\/lafilledecorinthe.com\/wordpress\/wp-content\/uploads\/2014\/09\/sema-bekirovic-koet09-680x503.jpg 680w, https:\/\/lafilledecorinthe.com\/wordpress\/wp-content\/uploads\/2014\/09\/sema-bekirovic-koet09-405x300.jpg 405w\" sizes=\"auto, (max-width: 800px) 100vw, 800px\" \/><\/a><figcaption class=\"wp-element-caption\">Sema Bekirovic, Koet, 2006-2007<\/figcaption><\/figure>\n<\/div>\n\n\n<p>Je n&rsquo;aurai pas \u00e0 attendre longtemps car l&rsquo;exposition <em>Small Universe<\/em> est accueillie pendant un mois au <a href=\"http:\/\/www.104.fr\/programmation\/evenement.html?evenement=414\" target=\"_blank\" rel=\"noopener\">104<\/a> \u00e0 partir du 13 novembre. Qu&rsquo;on se le dise !<\/p>\n","protected":false},"excerpt":{"rendered":"<p>Collectionneur et sp\u00e9cialiste de la photo amateur, Erik Kessel est un habitu\u00e9 des rencontres d&rsquo;Arles. Cette ann\u00e9e, ce n&rsquo;est pas une installation sur la photographie vernaculaire qu&rsquo;il pr\u00e9sente mais les travaux de neuf artistes hollandais r\u00e9unis sous son regard d\u00e9cal\u00e9 &#8230; \u00a0\u00bb Les hollandais font partie des gens les plus grands de la plan\u00e8te, et&#8230;<\/p>\n","protected":false},"author":2,"featured_media":5276,"comment_status":"open","ping_status":"open","sticky":false,"template":"","format":"standard","meta":{"_kad_post_transparent":"","_kad_post_title":"","_kad_post_layout":"","_kad_post_sidebar_id":"","_kad_post_content_style":"","_kad_post_vertical_padding":"","_kad_post_feature":"","_kad_post_feature_position":"","_kad_post_header":false,"_kad_post_footer":false,"_kad_post_classname":"","footnotes":""},"categories":[6],"tags":[900,901,880,888,134,882,879,884,881,887,896,899,893,886,898,890,894,891,892,897,878,895,885,889,883],"class_list":["post-5241","post","type-post","status-publish","format-standard","has-post-thumbnail","hentry","category-blog","tag-10-euro-outfits","tag-901","tag-880","tag-700-cents","tag-arles","tag-erik-fens","tag-erik-kessels","tag-hans-de-vries","tag-hans-eijkelboom","tag-hans-van-der-meer","tag-i-really-needed-that","tag-identity","tag-ik-ben-jou","tag-jos-houweling","tag-koet","tag-maurice-van-es","tag-melanie-bonajo","tag-milou-abel","tag-new-life","tag-sema-bekirovic","tag-small-universe","tag-thank-you-for-hurting-me","tag-the-history-of-the-lemon-geranium","tag-the-netherlands-of-the-shelf","tag-tree-car"],"_links":{"self":[{"href":"https:\/\/lafilledecorinthe.com\/wordpress\/wp-json\/wp\/v2\/posts\/5241","targetHints":{"allow":["GET"]}}],"collection":[{"href":"https:\/\/lafilledecorinthe.com\/wordpress\/wp-json\/wp\/v2\/posts"}],"about":[{"href":"https:\/\/lafilledecorinthe.com\/wordpress\/wp-json\/wp\/v2\/types\/post"}],"author":[{"embeddable":true,"href":"https:\/\/lafilledecorinthe.com\/wordpress\/wp-json\/wp\/v2\/users\/2"}],"replies":[{"embeddable":true,"href":"https:\/\/lafilledecorinthe.com\/wordpress\/wp-json\/wp\/v2\/comments?post=5241"}],"version-history":[{"count":115,"href":"https:\/\/lafilledecorinthe.com\/wordpress\/wp-json\/wp\/v2\/posts\/5241\/revisions"}],"predecessor-version":[{"id":14453,"href":"https:\/\/lafilledecorinthe.com\/wordpress\/wp-json\/wp\/v2\/posts\/5241\/revisions\/14453"}],"wp:featuredmedia":[{"embeddable":true,"href":"https:\/\/lafilledecorinthe.com\/wordpress\/wp-json\/wp\/v2\/media\/5276"}],"wp:attachment":[{"href":"https:\/\/lafilledecorinthe.com\/wordpress\/wp-json\/wp\/v2\/media?parent=5241"}],"wp:term":[{"taxonomy":"category","embeddable":true,"href":"https:\/\/lafilledecorinthe.com\/wordpress\/wp-json\/wp\/v2\/categories?post=5241"},{"taxonomy":"post_tag","embeddable":true,"href":"https:\/\/lafilledecorinthe.com\/wordpress\/wp-json\/wp\/v2\/tags?post=5241"}],"curies":[{"name":"wp","href":"https:\/\/api.w.org\/{rel}","templated":true}]}}