{"id":523,"date":"2012-02-28T15:56:50","date_gmt":"2012-02-28T14:56:50","guid":{"rendered":"http:\/\/lafilledecorinthe.com\/wordpress\/?p=523"},"modified":"2025-12-09T16:16:39","modified_gmt":"2025-12-09T15:16:39","slug":"cheval-de-guerre","status":"publish","type":"post","link":"https:\/\/lafilledecorinthe.com\/wordpress\/2012\/02\/cheval-de-guerre\/","title":{"rendered":"\u00ab\u00a0Cheval de guerre\u00a0\u00bb, Steven Spielberg, 2012"},"content":{"rendered":"<p>J&rsquo;ai eu beaucoup de plaisir \u00e0 lire le livre de Michael Morpurgo, plaisir que je n&rsquo;ai pas retrouv\u00e9 enti\u00e8rement \u00e0 la projection du film de Steven Spielberg. J&rsquo;essaie de comprendre ma d\u00e9ception, l&rsquo;histoire est sensiblement respect\u00e9e, le film comme le livre nous raconte l&rsquo;amiti\u00e9 entre un jeune fermier anglais et son cheval Joey sur fond de premi\u00e8re guerre mondiale. Ce n&rsquo;est donc pas l&rsquo;histoire qui me g\u00eane mais la mani\u00e8re de la raconter. La grande force du livre est que toute l&rsquo;histoire est relat\u00e9e par la voix de Joey, le cheval. C&rsquo;est son regard, ses sentiments qui guident le lecteur dans cette aventure incroyable. Le roman s&rsquo;ouvre sur ces mots :<\/p>\n<p>\u00ab\u00a0<em> Mes plus anciens souvenirs sont un m\u00e9lange confus de champs accident\u00e9s, d&rsquo;\u00e9curies sombres, humides, et de rats qui cavalcadent sur les poutres au dessus de ma t\u00eate. Mais je me rappelle assez bien le jour de la vente de chevaux : c&rsquo;est une terreur qui m&rsquo;a escort\u00e9 toute ma vie.<\/em>\u00a0\u00bb<\/p>\n<p>Les hommes parlent \u00e0 l&rsquo;oreille de Joey, ses propri\u00e9taires successifs qu&rsquo;ils soient anglais, fran\u00e7ais ou allemands ont la m\u00eame humanit\u00e9. Raconter l&rsquo;histoire du point de vue de Joey permet \u00e0 Morpurgo de d\u00e9passer une vision nationaliste au profit d&rsquo;un regard universel.\u00a0 \u00a0 Respecter ce choix au cin\u00e9ma est un v\u00e9ritable d\u00e9fi que Spielberg ne rel\u00e8ve pas.\u00a0Joey est le h\u00e9ros du film, soit, mais c&rsquo;est un regard ext\u00e9rieur qui le met en sc\u00e8ne et \u00e7a change tout.<\/p>\n<p>Les images sont aussi trop belles, trop l\u00e9ch\u00e9es. La photographie brille trop ! C&rsquo;est moche la guerre !<\/p>\n<p>Et puis, certains personnages du livre ont disparu dans le film. J&rsquo;ai regrett\u00e9 ne pas retrouver le vieux soldat allemand, Friedrich-le-fou, j&rsquo;ai une tendresse particuli\u00e8re pour lui. Il s&rsquo;adresse \u00e0 Joey et \u00e0 Topthorn en ces mots :\u00a0\u00a0\u00bb <em>Moi, je vous le dis, mes amis ; je vous dis que je suis le seul homme sain d&rsquo;esprit de ce r\u00e9giment. C&rsquo;est les autres qui sont fous, mais ils ne le savent pas. Ils font la guerre et ils ne savent pas pourquoi. C&rsquo;est pas de la folie, \u00e7a ? Comment un homme peut-il en tuer un autre sans vraiment savoir pour quelle raison, si ce n&rsquo;est qu&rsquo;il porte un uniforme d&rsquo;une autre couleur et parle une langue diff\u00e9rente ? Et c&rsquo;est moi qu&rsquo;on trouve fou ! Vous deux, vous \u00eates les seules cr\u00e9atures raisonnables que j&rsquo;aie rencontr\u00e9es dans cette guerre absurde ; comme moi, c&rsquo;est qu&rsquo;on vous y a amen\u00e9s.<\/em>\u00a0\u00bb<\/p>\n<figure id=\"attachment_525\" aria-describedby=\"caption-attachment-525\" style=\"width: 650px\" class=\"wp-caption aligncenter\"><a href=\"https:\/\/lafilledecorinthe.com\/wordpress\/wp-content\/uploads\/2012\/02\/chevaux-cheval-de-guerre-Disney.jpg\"><img loading=\"lazy\" decoding=\"async\" class=\"wp-image-525 size-full\" title=\"chevaux-cheval-de-guerre-Disney\" src=\"https:\/\/lafilledecorinthe.com\/wordpress\/wp-content\/uploads\/2012\/02\/chevaux-cheval-de-guerre-Disney.jpg\" alt=\"\" width=\"650\" height=\"429\" srcset=\"https:\/\/lafilledecorinthe.com\/wordpress\/wp-content\/uploads\/2012\/02\/chevaux-cheval-de-guerre-Disney.jpg 650w, https:\/\/lafilledecorinthe.com\/wordpress\/wp-content\/uploads\/2012\/02\/chevaux-cheval-de-guerre-Disney-454x300.jpg 454w\" sizes=\"auto, (max-width: 650px) 100vw, 650px\" \/><\/a><figcaption id=\"caption-attachment-525\" class=\"wp-caption-text\">Joey et Topthorn<\/figcaption><\/figure>\n<p>Quelques lignes plus loin, Friedrich \u00e9voque la d\u00e9sertion. Th\u00e8me que Spielberg d\u00e9veloppe dans son film par deux autres personnages qui ne sont pas dans le roman, les deux jeunes fr\u00e8res allemands. Sont-ils plus photog\u00e9niques ?<\/p>\n<p><img loading=\"lazy\" decoding=\"async\" class=\"aligncenter size-full wp-image-13404\" src=\"https:\/\/lafilledecorinthe.com\/wordpress\/wp-content\/uploads\/2012\/02\/horse_a.jpg\" alt=\"horse_a\" width=\"648\" height=\"365\" srcset=\"https:\/\/lafilledecorinthe.com\/wordpress\/wp-content\/uploads\/2012\/02\/horse_a.jpg 648w, https:\/\/lafilledecorinthe.com\/wordpress\/wp-content\/uploads\/2012\/02\/horse_a-500x282.jpg 500w\" sizes=\"auto, (max-width: 648px) 100vw, 648px\" \/><\/p>\n<p><a href=\"https:\/\/lafilledecorinthe.com\/wordpress\/wp-content\/uploads\/2012\/02\/trench_a.jpg\"><img loading=\"lazy\" decoding=\"async\" class=\"aligncenter size-full wp-image-13405\" src=\"https:\/\/lafilledecorinthe.com\/wordpress\/wp-content\/uploads\/2012\/02\/trench_a.jpg\" alt=\"trench_a\" width=\"648\" height=\"365\" srcset=\"https:\/\/lafilledecorinthe.com\/wordpress\/wp-content\/uploads\/2012\/02\/trench_a.jpg 648w, https:\/\/lafilledecorinthe.com\/wordpress\/wp-content\/uploads\/2012\/02\/trench_a-500x282.jpg 500w\" sizes=\"auto, (max-width: 648px) 100vw, 648px\" \/><\/a><\/p>\n<p>Je d\u00e9couvre que Morpurgo a \u00e9crit un autre roman sur la premi\u00e8re guerre mondiale \u00a0 \u00a0 \u00a0 \u00a0 \u00a0 \u00ab\u00a0Soldat Peaceful\u00a0\u00bb qui relate l&rsquo;histoire de deux jeunes fr\u00e8res anglais dont l&rsquo;ain\u00e9 sera fusill\u00e9 pour l\u00e2chet\u00e9 face \u00e0 l&rsquo;ennemi. Ce roman est-il \u00e0 l&rsquo;origine de l&rsquo;\u00e9pisode des deux jeunes allemands de Spielberg ? Quoi qu&rsquo;il en soit, une envie tr\u00e8s forte de lire ce livre !<a href=\"https:\/\/lafilledecorinthe.com\/wordpress\/wp-content\/uploads\/2012\/02\/A55790.jpg\"><img loading=\"lazy\" decoding=\"async\" class=\"aligncenter wp-image-531\" title=\"FJ1558 SOLDAT PEACEFUL:Mise en page 1\" src=\"https:\/\/lafilledecorinthe.com\/wordpress\/wp-content\/uploads\/2012\/02\/A55790-472x680.jpg\" alt=\"\" width=\"439\" height=\"631\" srcset=\"https:\/\/lafilledecorinthe.com\/wordpress\/wp-content\/uploads\/2012\/02\/A55790-472x680.jpg 472w, https:\/\/lafilledecorinthe.com\/wordpress\/wp-content\/uploads\/2012\/02\/A55790-208x300.jpg 208w, https:\/\/lafilledecorinthe.com\/wordpress\/wp-content\/uploads\/2012\/02\/A55790.jpg 821w\" sizes=\"auto, (max-width: 439px) 100vw, 439px\" \/><\/a><\/p>\n<p>Et si gr\u00e2ce \u00e0 son film Spielberg donne envie de d\u00e9couvrir d&rsquo;autres oeuvres de Morpurgo, merci \u00e0 lui. Pourquoi ne pas commencer par le magnifique roman \u00a0\u00bb Le roi de la for\u00eat des brumes\u00a0\u00bb qui a \u00e9t\u00e9 adapt\u00e9 en un tr\u00e8s beau court-m\u00e9trage d&rsquo;animation par Jean-Jacques Prun\u00e8s.<a href=\"https:\/\/lafilledecorinthe.com\/wordpress\/wp-content\/uploads\/2012\/02\/Le-roi-de-la-fore\u0302t-des-brumes.jpg\"><img loading=\"lazy\" decoding=\"async\" class=\"aligncenter size-full wp-image-13406\" src=\"https:\/\/lafilledecorinthe.com\/wordpress\/wp-content\/uploads\/2012\/02\/Le-roi-de-la-fore\u0302t-des-brumes.jpg\" alt=\"Le roi de la fore\u0302t des brumes\" width=\"440\" height=\"631\" srcset=\"https:\/\/lafilledecorinthe.com\/wordpress\/wp-content\/uploads\/2012\/02\/Le-roi-de-la-fore\u0302t-des-brumes.jpg 440w, https:\/\/lafilledecorinthe.com\/wordpress\/wp-content\/uploads\/2012\/02\/Le-roi-de-la-fore\u0302t-des-brumes-209x300.jpg 209w\" sizes=\"auto, (max-width: 440px) 100vw, 440px\" \/><\/a><\/p>\n<p><iframe loading=\"lazy\" title=\"YouTube video player\" src=\"https:\/\/www.youtube.com\/embed\/7hdkqDWnrrk?si=bI4VycNh-IYz6ce4\" width=\"560\" height=\"315\" frameborder=\"0\" allowfullscreen=\"allowfullscreen\"><\/iframe><\/p>\n","protected":false},"excerpt":{"rendered":"<p>J&rsquo;ai eu beaucoup de plaisir \u00e0 lire le livre de Michael Morpurgo, plaisir que je n&rsquo;ai pas retrouv\u00e9 enti\u00e8rement \u00e0 la projection du film de Steven Spielberg. J&rsquo;essaie de comprendre ma d\u00e9ception, l&rsquo;histoire est sensiblement respect\u00e9e, le film comme le livre nous raconte l&rsquo;amiti\u00e9 entre un jeune fermier anglais et son cheval Joey sur fond&#8230;<\/p>\n","protected":false},"author":2,"featured_media":524,"comment_status":"open","ping_status":"open","sticky":false,"template":"","format":"standard","meta":{"_kad_post_transparent":"","_kad_post_title":"","_kad_post_layout":"","_kad_post_sidebar_id":"","_kad_post_content_style":"","_kad_post_vertical_padding":"","_kad_post_feature":"","_kad_post_feature_position":"","_kad_post_header":false,"_kad_post_footer":false,"_kad_post_classname":"","footnotes":""},"categories":[6,13],"tags":[2430,2429,12,2428,2427,2426],"class_list":["post-523","post","type-post","status-publish","format-standard","has-post-thumbnail","hentry","category-blog","category-sorties-culturelles","tag-le-roi-de-la-foret-des-brumes","tag-soldat-peaceful","tag-adaptation","tag-joey","tag-michael-morpurgo","tag-steven-spielberg"],"_links":{"self":[{"href":"https:\/\/lafilledecorinthe.com\/wordpress\/wp-json\/wp\/v2\/posts\/523","targetHints":{"allow":["GET"]}}],"collection":[{"href":"https:\/\/lafilledecorinthe.com\/wordpress\/wp-json\/wp\/v2\/posts"}],"about":[{"href":"https:\/\/lafilledecorinthe.com\/wordpress\/wp-json\/wp\/v2\/types\/post"}],"author":[{"embeddable":true,"href":"https:\/\/lafilledecorinthe.com\/wordpress\/wp-json\/wp\/v2\/users\/2"}],"replies":[{"embeddable":true,"href":"https:\/\/lafilledecorinthe.com\/wordpress\/wp-json\/wp\/v2\/comments?post=523"}],"version-history":[{"count":35,"href":"https:\/\/lafilledecorinthe.com\/wordpress\/wp-json\/wp\/v2\/posts\/523\/revisions"}],"predecessor-version":[{"id":15306,"href":"https:\/\/lafilledecorinthe.com\/wordpress\/wp-json\/wp\/v2\/posts\/523\/revisions\/15306"}],"wp:featuredmedia":[{"embeddable":true,"href":"https:\/\/lafilledecorinthe.com\/wordpress\/wp-json\/wp\/v2\/media\/524"}],"wp:attachment":[{"href":"https:\/\/lafilledecorinthe.com\/wordpress\/wp-json\/wp\/v2\/media?parent=523"}],"wp:term":[{"taxonomy":"category","embeddable":true,"href":"https:\/\/lafilledecorinthe.com\/wordpress\/wp-json\/wp\/v2\/categories?post=523"},{"taxonomy":"post_tag","embeddable":true,"href":"https:\/\/lafilledecorinthe.com\/wordpress\/wp-json\/wp\/v2\/tags?post=523"}],"curies":[{"name":"wp","href":"https:\/\/api.w.org\/{rel}","templated":true}]}}