{"id":5167,"date":"2014-09-15T19:12:58","date_gmt":"2014-09-15T18:12:58","guid":{"rendered":"http:\/\/lafilledecorinthe.com\/wordpress\/?p=5167"},"modified":"2025-12-10T17:47:40","modified_gmt":"2025-12-10T16:47:40","slug":"de-comrades-a-sils-maria-2","status":"publish","type":"post","link":"https:\/\/lafilledecorinthe.com\/wordpress\/2014\/09\/de-comrades-a-sils-maria-2\/","title":{"rendered":"De Comrades \u00e0 Sils Maria &#8230;"},"content":{"rendered":"\n<p>Apr\u00e8s un sevrage cin\u00e9matographique de plusieurs semaines, je retrouve avec plaisir l&rsquo;obscurit\u00e9 des salles de cin\u00e9ma pour d\u00e9couvrir la version restaur\u00e9e du dernier film de Bill Douglas, <em>Comrades<\/em>. Un bonheur total ! Raconter l&rsquo;histoire vraie de ces laboureurs anglais par l&rsquo;interm\u00e9diaire d&rsquo;un montreur de lanterne magique itin\u00e9rant est une tr\u00e8s belle id\u00e9e de mise en sc\u00e8ne. La r\u00e9volution industrielle qui bouleverse l&rsquo;organisation du travail est aussi porteuse du d\u00e9veloppement d&rsquo;une nouvelle industrie, celle des m\u00e9dias ! Tout au long de son film, Bill Douglas pr\u00e9sente un floril\u00e8ge d&rsquo;appareils optiques qui annoncent l&rsquo;av\u00e8nement du cin\u00e9ma. Un seul acteur, Alex Norton, incarne les diff\u00e9rents \u00ab\u00a0montreurs d&rsquo;images\u00a0\u00bb qui croisent les laboureurs de Tolpuddle tout au long de leur lutte. Chacune de ses apparitions est captivante. En voici quelques unes &#8230;<\/p>\n\n\n<div class=\"wp-block-image\">\n<figure class=\"aligncenter\"><a href=\"https:\/\/lafilledecorinthe.com\/wordpress\/wp-content\/uploads\/2014\/09\/comrades4.jpg\"><img loading=\"lazy\" decoding=\"async\" width=\"800\" height=\"450\" src=\"https:\/\/lafilledecorinthe.com\/wordpress\/wp-content\/uploads\/2014\/09\/comrades4.jpg\" alt=\"comrades4\" class=\"wp-image-5174\" srcset=\"https:\/\/lafilledecorinthe.com\/wordpress\/wp-content\/uploads\/2014\/09\/comrades4.jpg 800w, https:\/\/lafilledecorinthe.com\/wordpress\/wp-content\/uploads\/2014\/09\/comrades4-680x382.jpg 680w, https:\/\/lafilledecorinthe.com\/wordpress\/wp-content\/uploads\/2014\/09\/comrades4-500x281.jpg 500w\" sizes=\"auto, (max-width: 800px) 100vw, 800px\" \/><\/a><\/figure>\n<\/div>\n\n\n<p class=\"has-text-align-center\"><\/p>\n\n\n<div class=\"wp-block-image\">\n<figure class=\"aligncenter\"><a href=\"https:\/\/lafilledecorinthe.com\/wordpress\/wp-content\/uploads\/2014\/09\/lanternist-with-thaumatrope-disc.jpg\"><img loading=\"lazy\" decoding=\"async\" width=\"800\" height=\"495\" src=\"https:\/\/lafilledecorinthe.com\/wordpress\/wp-content\/uploads\/2014\/09\/lanternist-with-thaumatrope-disc.jpg\" alt=\"Le thaumatrope dans Comrades\" class=\"wp-image-5168\" srcset=\"https:\/\/lafilledecorinthe.com\/wordpress\/wp-content\/uploads\/2014\/09\/lanternist-with-thaumatrope-disc.jpg 800w, https:\/\/lafilledecorinthe.com\/wordpress\/wp-content\/uploads\/2014\/09\/lanternist-with-thaumatrope-disc-680x420.jpg 680w, https:\/\/lafilledecorinthe.com\/wordpress\/wp-content\/uploads\/2014\/09\/lanternist-with-thaumatrope-disc-484x300.jpg 484w\" sizes=\"auto, (max-width: 800px) 100vw, 800px\" \/><\/a><\/figure>\n<\/div>\n\n\n<p><\/p>\n\n\n<div class=\"wp-block-image\">\n<figure class=\"aligncenter\"><a href=\"https:\/\/lafilledecorinthe.com\/wordpress\/wp-content\/uploads\/2014\/09\/comrades.png\"><img loading=\"lazy\" decoding=\"async\" width=\"522\" height=\"294\" src=\"https:\/\/lafilledecorinthe.com\/wordpress\/wp-content\/uploads\/2014\/09\/comrades.png\" alt=\"comrades\" class=\"wp-image-5176\" srcset=\"https:\/\/lafilledecorinthe.com\/wordpress\/wp-content\/uploads\/2014\/09\/comrades.png 522w, https:\/\/lafilledecorinthe.com\/wordpress\/wp-content\/uploads\/2014\/09\/comrades-500x281.png 500w\" sizes=\"auto, (max-width: 522px) 100vw, 522px\" \/><\/a><\/figure>\n<\/div>\n\n\n<p class=\"has-text-align-center\"><\/p>\n\n\n<div class=\"wp-block-image\">\n<figure class=\"aligncenter\"><a href=\"https:\/\/lafilledecorinthe.com\/wordpress\/wp-content\/uploads\/2014\/09\/lanternistefin.jpg\"><img loading=\"lazy\" decoding=\"async\" width=\"800\" height=\"450\" src=\"https:\/\/lafilledecorinthe.com\/wordpress\/wp-content\/uploads\/2014\/09\/lanternistefin.jpg\" alt=\"lanternistefin\" class=\"wp-image-5177\" srcset=\"https:\/\/lafilledecorinthe.com\/wordpress\/wp-content\/uploads\/2014\/09\/lanternistefin.jpg 800w, https:\/\/lafilledecorinthe.com\/wordpress\/wp-content\/uploads\/2014\/09\/lanternistefin-680x382.jpg 680w, https:\/\/lafilledecorinthe.com\/wordpress\/wp-content\/uploads\/2014\/09\/lanternistefin-500x281.jpg 500w\" sizes=\"auto, (max-width: 800px) 100vw, 800px\" \/><\/a><\/figure>\n<\/div>\n\n\n<p class=\"has-text-align-left\"><\/p>\n\n\n\n<p class=\"has-text-align-left\">Apr\u00e8s des ann\u00e9es de d\u00e9portation en Australie, les laboureurs de Tolpuddle retrouvent leur libert\u00e9 et leur dignit\u00e9 parce qu&rsquo;on parle d&rsquo;eux ! Des comit\u00e9s de soutien fleurissent dans toute l&rsquo;Angleterre, des journaux prennent position&#8230; Les images comme les mots peuvent \u00eatre au service des puissants, ils peuvent aussi \u00eatre un outil d&rsquo;information et d&rsquo;\u00e9mancipation&#8230;<\/p>\n\n\n\n<p>Peu de temps apr\u00e8s, je vais voir le dernier film d&rsquo;Olivier Assayas, <em>Sils Maria<\/em>. Au del\u00e0 de l&rsquo;histoire fascinante de l&rsquo;actrice Maria Enders, j&rsquo;ai le sentiment \u00e9trange qu&rsquo;Olivier Assayas prend le relais de Bill Douglas, les appareils optiques laissant la place aux objets technologiques. Il est toujours troublant de constater l&rsquo;impact d&rsquo;une oeuvre sur la vision d&rsquo;une autre.<\/p>\n\n\n<div class=\"wp-block-image\">\n<figure class=\"aligncenter\"><a href=\"https:\/\/lafilledecorinthe.com\/wordpress\/wp-content\/uploads\/2014\/09\/lac.jpeg\"><img loading=\"lazy\" decoding=\"async\" width=\"800\" height=\"561\" src=\"https:\/\/lafilledecorinthe.com\/wordpress\/wp-content\/uploads\/2014\/09\/lac.jpeg\" alt=\"Sils Maria d'Olivier Assayas, 20 ao\u00fbt 2014\" class=\"wp-image-5201\" srcset=\"https:\/\/lafilledecorinthe.com\/wordpress\/wp-content\/uploads\/2014\/09\/lac.jpeg 800w, https:\/\/lafilledecorinthe.com\/wordpress\/wp-content\/uploads\/2014\/09\/lac-680x476.jpeg 680w, https:\/\/lafilledecorinthe.com\/wordpress\/wp-content\/uploads\/2014\/09\/lac-427x300.jpeg 427w\" sizes=\"auto, (max-width: 800px) 100vw, 800px\" \/><\/a><figcaption class=\"wp-element-caption\">Sils Maria d&rsquo;Olivier Assayas, 20 ao\u00fbt 2014<\/figcaption><\/figure>\n<\/div>\n\n\n<p>Le lieu principal du r\u00e9cit est li\u00e9 \u00e0 un documentaire tourn\u00e9 dans les ann\u00e9es 20 par le r\u00e9alisateur allemand, Arnold Franck. Assayas montre \u00e0 plusieurs reprises un extrait de ce film, il enregistre lui m\u00eame le fabuleux ph\u00e9nom\u00e8me m\u00e9t\u00e9orologique. Le regard d&rsquo;Assayas n&rsquo;est pas pour autant nostalgique, les images anciennes sont ici des sources d&rsquo;inspiration pour de nouvelles cr\u00e9ations.<\/p>\n\n\n<div class=\"wp-block-image\">\n<figure class=\"aligncenter\"><a href=\"https:\/\/lafilledecorinthe.com\/wordpress\/wp-content\/uploads\/2014\/09\/Franck-Arnold.jpg\"><img loading=\"lazy\" decoding=\"async\" width=\"800\" height=\"628\" src=\"https:\/\/lafilledecorinthe.com\/wordpress\/wp-content\/uploads\/2014\/09\/Franck-Arnold.jpg\" alt=\"Le ph\u00e9nom\u00e8ne nuageux de Makoja de Franck Arnold, 1924\" class=\"wp-image-5209\" srcset=\"https:\/\/lafilledecorinthe.com\/wordpress\/wp-content\/uploads\/2014\/09\/Franck-Arnold.jpg 800w, https:\/\/lafilledecorinthe.com\/wordpress\/wp-content\/uploads\/2014\/09\/Franck-Arnold-680x533.jpg 680w, https:\/\/lafilledecorinthe.com\/wordpress\/wp-content\/uploads\/2014\/09\/Franck-Arnold-382x300.jpg 382w\" sizes=\"auto, (max-width: 800px) 100vw, 800px\" \/><\/a><figcaption class=\"wp-element-caption\"><a href=\"http:\/\/www.youtube.com\/watch?v=6q7ajUD099I\" target=\"_blank\" rel=\"noopener\">Le ph\u00e9nom\u00e8ne nuageux de Maloja<\/a> de Franck Arnold, 1924<\/figcaption><\/figure>\n<\/div>\n\n\n<p>Car ce sont bien les images contemporaines qui int\u00e9ressent Olivier Assayas. Si le cin\u00e9ma et la t\u00e9l\u00e9vision sont toujours pr\u00e9sents, ce sont les t\u00e9l\u00e9phones portables et les tablettes num\u00e9riques qui envahissent la vie des personnages et les plans du film.<\/p>\n\n\n<div class=\"wp-block-image\">\n<figure class=\"aligncenter\"><a href=\"https:\/\/lafilledecorinthe.com\/wordpress\/wp-content\/uploads\/2014\/09\/Sils-Maria.jpg\"><img loading=\"lazy\" decoding=\"async\" width=\"848\" height=\"480\" src=\"https:\/\/lafilledecorinthe.com\/wordpress\/wp-content\/uploads\/2014\/09\/Sils-Maria.jpg\" alt=\"Sils Maria\" class=\"wp-image-5194\" srcset=\"https:\/\/lafilledecorinthe.com\/wordpress\/wp-content\/uploads\/2014\/09\/Sils-Maria.jpg 848w, https:\/\/lafilledecorinthe.com\/wordpress\/wp-content\/uploads\/2014\/09\/Sils-Maria-680x384.jpg 680w, https:\/\/lafilledecorinthe.com\/wordpress\/wp-content\/uploads\/2014\/09\/Sils-Maria-500x283.jpg 500w\" sizes=\"auto, (max-width: 848px) 100vw, 848px\" \/><\/a><\/figure>\n<\/div>\n\n\n<p class=\"has-text-align-center\"><\/p>\n\n\n<div class=\"wp-block-image\">\n<figure class=\"aligncenter\"><a href=\"https:\/\/lafilledecorinthe.com\/wordpress\/wp-content\/uploads\/2014\/09\/Sils-Maria2.jpg\"><img loading=\"lazy\" decoding=\"async\" width=\"800\" height=\"461\" src=\"https:\/\/lafilledecorinthe.com\/wordpress\/wp-content\/uploads\/2014\/09\/Sils-Maria2.jpg\" alt=\"Sils Maria2\" class=\"wp-image-5197\" srcset=\"https:\/\/lafilledecorinthe.com\/wordpress\/wp-content\/uploads\/2014\/09\/Sils-Maria2.jpg 800w, https:\/\/lafilledecorinthe.com\/wordpress\/wp-content\/uploads\/2014\/09\/Sils-Maria2-680x391.jpg 680w, https:\/\/lafilledecorinthe.com\/wordpress\/wp-content\/uploads\/2014\/09\/Sils-Maria2-500x288.jpg 500w\" sizes=\"auto, (max-width: 800px) 100vw, 800px\" \/><\/a><\/figure>\n<\/div>\n\n\n<p class=\"has-text-align-center\"><\/p>\n\n\n\n<p class=\"has-text-align-left\">&nbsp;Dans quelles mesures les flux d&rsquo;information et d&rsquo;images influent-ils sur notre perception du monde et notre relation \u00e0 l&rsquo;autre quand tout un chacun peut \u00eatre un producteur et un r\u00e9cepteur de ces fameux flux ? Star ou anonyme, m\u00eame combat&#8230; Etre vu sur les r\u00e9seaux sociaux quel qu&rsquo;en soit le prix.<\/p>\n\n\n<div class=\"wp-block-image\">\n<figure class=\"aligncenter\"><a href=\"https:\/\/lafilledecorinthe.com\/wordpress\/wp-content\/uploads\/2014\/09\/merci_facebook.jpg\"><img loading=\"lazy\" decoding=\"async\" width=\"800\" height=\"600\" src=\"https:\/\/lafilledecorinthe.com\/wordpress\/wp-content\/uploads\/2014\/09\/merci_facebook.jpg\" alt=\"Tunisie, 24 ao\u00fbt 2011 http:\/\/tunisiagraffitiproject.wordpress.com\/tag\/revolution\/\" class=\"wp-image-5239\" srcset=\"https:\/\/lafilledecorinthe.com\/wordpress\/wp-content\/uploads\/2014\/09\/merci_facebook.jpg 800w, https:\/\/lafilledecorinthe.com\/wordpress\/wp-content\/uploads\/2014\/09\/merci_facebook-680x510.jpg 680w, https:\/\/lafilledecorinthe.com\/wordpress\/wp-content\/uploads\/2014\/09\/merci_facebook-400x300.jpg 400w\" sizes=\"auto, (max-width: 800px) 100vw, 800px\" \/><\/a><figcaption class=\"wp-element-caption\">Tunisie, 24 ao\u00fbt 2011 http:\/\/tunisiagraffitiproject.wordpress.com\/tag\/revolution\/<\/figcaption><\/figure>\n<\/div>\n\n\n<p class=\"has-text-align-left\"><em>Comrades<\/em> et <em>Sils Maria<\/em> &#8230; Deux films, deux univers, deux r\u00e9alisateurs qui inaugurent une belle rentr\u00e9e cin\u00e9matographique.<\/p>\n","protected":false},"excerpt":{"rendered":"<p>Apr\u00e8s un sevrage cin\u00e9matographique de plusieurs semaines, je retrouve avec plaisir l&rsquo;obscurit\u00e9 des salles de cin\u00e9ma pour d\u00e9couvrir la version restaur\u00e9e du dernier film de Bill Douglas, Comrades. Un bonheur total ! Raconter l&rsquo;histoire vraie de ces laboureurs anglais par l&rsquo;interm\u00e9diaire d&rsquo;un montreur de lanterne magique itin\u00e9rant est une tr\u00e8s belle id\u00e9e de mise en&#8230;<\/p>\n","protected":false},"author":2,"featured_media":5160,"comment_status":"open","ping_status":"open","sticky":false,"template":"","format":"standard","meta":{"_kad_post_transparent":"","_kad_post_title":"","_kad_post_layout":"","_kad_post_sidebar_id":"","_kad_post_content_style":"","_kad_post_vertical_padding":"","_kad_post_feature":"","_kad_post_feature_position":"","_kad_post_header":false,"_kad_post_footer":false,"_kad_post_classname":"","footnotes":""},"categories":[6],"tags":[873,874,875,870,868,876,877,872,871,869],"class_list":["post-5167","post","type-post","status-publish","format-standard","has-post-thumbnail","hentry","category-blog","tag-alex-norton","tag-appareils-optiques","tag-arnold-franck","tag-bill-douglas","tag-comrades","tag-images-contemporaines","tag-le-phenomene-nuageux-de-maloja","tag-les-laboureurs-de-tolpuddle","tag-olivier-assayas","tag-sils-maria"],"_links":{"self":[{"href":"https:\/\/lafilledecorinthe.com\/wordpress\/wp-json\/wp\/v2\/posts\/5167","targetHints":{"allow":["GET"]}}],"collection":[{"href":"https:\/\/lafilledecorinthe.com\/wordpress\/wp-json\/wp\/v2\/posts"}],"about":[{"href":"https:\/\/lafilledecorinthe.com\/wordpress\/wp-json\/wp\/v2\/types\/post"}],"author":[{"embeddable":true,"href":"https:\/\/lafilledecorinthe.com\/wordpress\/wp-json\/wp\/v2\/users\/2"}],"replies":[{"embeddable":true,"href":"https:\/\/lafilledecorinthe.com\/wordpress\/wp-json\/wp\/v2\/comments?post=5167"}],"version-history":[{"count":64,"href":"https:\/\/lafilledecorinthe.com\/wordpress\/wp-json\/wp\/v2\/posts\/5167\/revisions"}],"predecessor-version":[{"id":15496,"href":"https:\/\/lafilledecorinthe.com\/wordpress\/wp-json\/wp\/v2\/posts\/5167\/revisions\/15496"}],"wp:featuredmedia":[{"embeddable":true,"href":"https:\/\/lafilledecorinthe.com\/wordpress\/wp-json\/wp\/v2\/media\/5160"}],"wp:attachment":[{"href":"https:\/\/lafilledecorinthe.com\/wordpress\/wp-json\/wp\/v2\/media?parent=5167"}],"wp:term":[{"taxonomy":"category","embeddable":true,"href":"https:\/\/lafilledecorinthe.com\/wordpress\/wp-json\/wp\/v2\/categories?post=5167"},{"taxonomy":"post_tag","embeddable":true,"href":"https:\/\/lafilledecorinthe.com\/wordpress\/wp-json\/wp\/v2\/tags?post=5167"}],"curies":[{"name":"wp","href":"https:\/\/api.w.org\/{rel}","templated":true}]}}