{"id":514,"date":"2012-02-27T12:27:14","date_gmt":"2012-02-27T11:27:14","guid":{"rendered":"http:\/\/lafilledecorinthe.com\/wordpress\/?p=514"},"modified":"2025-12-08T09:33:53","modified_gmt":"2025-12-08T08:33:53","slug":"les-enfants-dabord-au-jeu-de-paume-2","status":"publish","type":"post","link":"https:\/\/lafilledecorinthe.com\/wordpress\/2012\/02\/les-enfants-dabord-au-jeu-de-paume-2\/","title":{"rendered":"\u00ab\u00a0Les enfants d&rsquo;abord !\u00a0\u00bb au Jeu de Paume    2"},"content":{"rendered":"\n<p>Nouvelle proposition d&rsquo;atelier des \u00ab\u00a0enfants d&rsquo;abord!\u00a0\u00bb en lien avec la th\u00e9matique d\u00e9velopp\u00e9e \u00e0 la fois dans l&rsquo;exposition de Berenice Abbott et dans celle d&rsquo; Ai Weiwei :<br><strong>a ville et ses transformations<\/strong>.<\/p>\n\n\n\n<p>Les enfants sont invit\u00e9s \u00e0 un voyage en images. Ils vont r\u00e9aliser un tour du monde en trois \u00e9tapes : Paris, New-York et P\u00e9kin. Ils vont aussi remonter le temps \u00e0 la d\u00e9couverte des premi\u00e8res photographies de Paris pour se projeter ensuite dans le futur et jouer avec les pixels.<\/p>\n\n\n<div class=\"wp-block-image\">\n<figure class=\"aligncenter size-medium\"><a href=\"https:\/\/lafilledecorinthe.com\/wordpress\/wp-content\/uploads\/2012\/02\/P1040259.jpg\"><img loading=\"lazy\" decoding=\"async\" width=\"680\" height=\"544\" src=\"https:\/\/lafilledecorinthe.com\/wordpress\/wp-content\/uploads\/2012\/02\/P1040259-680x544.jpg\" alt=\"\" class=\"wp-image-515\" srcset=\"https:\/\/lafilledecorinthe.com\/wordpress\/wp-content\/uploads\/2012\/02\/P1040259-680x544.jpg 680w, https:\/\/lafilledecorinthe.com\/wordpress\/wp-content\/uploads\/2012\/02\/P1040259-1280x1024.jpg 1280w, https:\/\/lafilledecorinthe.com\/wordpress\/wp-content\/uploads\/2012\/02\/P1040259-375x300.jpg 375w\" sizes=\"auto, (max-width: 680px) 100vw, 680px\" \/><\/a><figcaption class=\"wp-element-caption\">photo de Marielle Bernaudeau<\/figcaption><\/figure>\n<\/div>\n\n<div class=\"wp-block-image\">\n<figure class=\"aligncenter size-medium\"><a href=\"https:\/\/lafilledecorinthe.com\/wordpress\/wp-content\/uploads\/2012\/02\/P1040266.jpg\"><img loading=\"lazy\" decoding=\"async\" width=\"680\" height=\"510\" src=\"https:\/\/lafilledecorinthe.com\/wordpress\/wp-content\/uploads\/2012\/02\/P1040266-680x510.jpg\" alt=\"\" class=\"wp-image-516\" srcset=\"https:\/\/lafilledecorinthe.com\/wordpress\/wp-content\/uploads\/2012\/02\/P1040266-680x510.jpg 680w, https:\/\/lafilledecorinthe.com\/wordpress\/wp-content\/uploads\/2012\/02\/P1040266-1280x960.jpg 1280w, https:\/\/lafilledecorinthe.com\/wordpress\/wp-content\/uploads\/2012\/02\/P1040266-400x300.jpg 400w\" sizes=\"auto, (max-width: 680px) 100vw, 680px\" \/><\/a><figcaption class=\"wp-element-caption\">Photo de Pauline Boucharlat<\/figcaption><\/figure>\n<\/div>\n\n<div class=\"wp-block-image\">\n<figure class=\"aligncenter size-medium\"><a href=\"https:\/\/lafilledecorinthe.com\/wordpress\/wp-content\/uploads\/2012\/02\/Chantiersurlaville1.jpg\"><img loading=\"lazy\" decoding=\"async\" width=\"680\" height=\"510\" src=\"https:\/\/lafilledecorinthe.com\/wordpress\/wp-content\/uploads\/2012\/02\/Chantiersurlaville1-680x510.jpg\" alt=\"\" class=\"wp-image-737\" srcset=\"https:\/\/lafilledecorinthe.com\/wordpress\/wp-content\/uploads\/2012\/02\/Chantiersurlaville1-680x510.jpg 680w, https:\/\/lafilledecorinthe.com\/wordpress\/wp-content\/uploads\/2012\/02\/Chantiersurlaville1-400x300.jpg 400w, https:\/\/lafilledecorinthe.com\/wordpress\/wp-content\/uploads\/2012\/02\/Chantiersurlaville1.jpg 800w\" sizes=\"auto, (max-width: 680px) 100vw, 680px\" \/><\/a><figcaption class=\"wp-element-caption\">Photo de Marielle Bernaudeau<\/figcaption><\/figure>\n<\/div>\n\n<div class=\"wp-block-image\">\n<figure class=\"aligncenter size-medium\"><a href=\"https:\/\/lafilledecorinthe.com\/wordpress\/wp-content\/uploads\/2012\/02\/Chantiersurlaville2.jpg\"><img loading=\"lazy\" decoding=\"async\" width=\"680\" height=\"510\" src=\"https:\/\/lafilledecorinthe.com\/wordpress\/wp-content\/uploads\/2012\/02\/Chantiersurlaville2-680x510.jpg\" alt=\"\" class=\"wp-image-738\" srcset=\"https:\/\/lafilledecorinthe.com\/wordpress\/wp-content\/uploads\/2012\/02\/Chantiersurlaville2-680x510.jpg 680w, https:\/\/lafilledecorinthe.com\/wordpress\/wp-content\/uploads\/2012\/02\/Chantiersurlaville2-400x300.jpg 400w, https:\/\/lafilledecorinthe.com\/wordpress\/wp-content\/uploads\/2012\/02\/Chantiersurlaville2.jpg 800w\" sizes=\"auto, (max-width: 680px) 100vw, 680px\" \/><\/a><figcaption class=\"wp-element-caption\">Photo de Marielle Bernaudeau<\/figcaption><\/figure>\n<\/div>\n\n\n<p>&nbsp;<\/p>\n","protected":false},"excerpt":{"rendered":"<p>Nouvelle proposition d&rsquo;atelier des \u00ab\u00a0enfants d&rsquo;abord!\u00a0\u00bb en lien avec la th\u00e9matique d\u00e9velopp\u00e9e \u00e0 la fois dans l&rsquo;exposition de Berenice Abbott et dans celle d&rsquo; Ai Weiwei :a ville et ses transformations. Les enfants sont invit\u00e9s \u00e0 un voyage en images. Ils vont r\u00e9aliser un tour du monde en trois \u00e9tapes : Paris, New-York et P\u00e9kin&#8230;.<\/p>\n","protected":false},"author":2,"featured_media":15149,"comment_status":"open","ping_status":"open","sticky":false,"template":"","format":"standard","meta":{"_kad_post_transparent":"","_kad_post_title":"","_kad_post_layout":"","_kad_post_sidebar_id":"","_kad_post_content_style":"","_kad_post_vertical_padding":"","_kad_post_feature":"","_kad_post_feature_position":"","_kad_post_header":false,"_kad_post_footer":false,"_kad_post_classname":"","footnotes":""},"categories":[7],"tags":[49,50,9,51,48],"class_list":["post-514","post","type-post","status-publish","format-standard","has-post-thumbnail","hentry","category-ateliers-enfants","tag-abbott","tag-ai-weiwei","tag-atelier","tag-enfants-dabord","tag-jeu-de-paume"],"_links":{"self":[{"href":"https:\/\/lafilledecorinthe.com\/wordpress\/wp-json\/wp\/v2\/posts\/514","targetHints":{"allow":["GET"]}}],"collection":[{"href":"https:\/\/lafilledecorinthe.com\/wordpress\/wp-json\/wp\/v2\/posts"}],"about":[{"href":"https:\/\/lafilledecorinthe.com\/wordpress\/wp-json\/wp\/v2\/types\/post"}],"author":[{"embeddable":true,"href":"https:\/\/lafilledecorinthe.com\/wordpress\/wp-json\/wp\/v2\/users\/2"}],"replies":[{"embeddable":true,"href":"https:\/\/lafilledecorinthe.com\/wordpress\/wp-json\/wp\/v2\/comments?post=514"}],"version-history":[{"count":10,"href":"https:\/\/lafilledecorinthe.com\/wordpress\/wp-json\/wp\/v2\/posts\/514\/revisions"}],"predecessor-version":[{"id":15150,"href":"https:\/\/lafilledecorinthe.com\/wordpress\/wp-json\/wp\/v2\/posts\/514\/revisions\/15150"}],"wp:featuredmedia":[{"embeddable":true,"href":"https:\/\/lafilledecorinthe.com\/wordpress\/wp-json\/wp\/v2\/media\/15149"}],"wp:attachment":[{"href":"https:\/\/lafilledecorinthe.com\/wordpress\/wp-json\/wp\/v2\/media?parent=514"}],"wp:term":[{"taxonomy":"category","embeddable":true,"href":"https:\/\/lafilledecorinthe.com\/wordpress\/wp-json\/wp\/v2\/categories?post=514"},{"taxonomy":"post_tag","embeddable":true,"href":"https:\/\/lafilledecorinthe.com\/wordpress\/wp-json\/wp\/v2\/tags?post=514"}],"curies":[{"name":"wp","href":"https:\/\/api.w.org\/{rel}","templated":true}]}}