{"id":5121,"date":"2014-07-14T17:29:03","date_gmt":"2014-07-14T16:29:03","guid":{"rendered":"http:\/\/lafilledecorinthe.com\/wordpress\/?p=5121"},"modified":"2025-12-08T21:32:52","modified_gmt":"2025-12-08T20:32:52","slug":"le-festival-ideklic-juillet-2014","status":"publish","type":"post","link":"https:\/\/lafilledecorinthe.com\/wordpress\/2014\/07\/le-festival-ideklic-juillet-2014\/","title":{"rendered":"Le festival Id\u00e9klic, juillet 2014"},"content":{"rendered":"\n<p>Cette ann\u00e9e, Moirans en Montagne f\u00eate la vingt-cinqui\u00e8me \u00e9dition de son festival d\u00e9di\u00e9 aux enfants, <a href=\"http:\/\/www.ideklic.fr\/\" target=\"_blank\" rel=\"noopener\">Id\u00e9klic<\/a>. Pendant 4 jours, 52 ateliers et 30 spectacles ont fait la joie des petits curieux et de leur famille. Accueillie par le <a href=\"http:\/\/www.musee-du-jouet.com\/\" target=\"_blank\" rel=\"noopener\">mus\u00e9e du jouet<\/a>, j&rsquo;ai eu le plaisir d&rsquo;animer l&rsquo;atelier <em>Anim&rsquo;jouets<\/em>.<\/p>\n\n\n\n<figure class=\"wp-block-embed is-type-video is-provider-vimeo wp-block-embed-vimeo wp-embed-aspect-16-9 wp-has-aspect-ratio\"><div class=\"wp-block-embed__wrapper\">\n<iframe loading=\"lazy\" title=\"Ide\u0301klic\" src=\"https:\/\/player.vimeo.com\/video\/100710439?dnt=1&amp;app_id=122963\" width=\"720\" height=\"405\" frameborder=\"0\" allow=\"autoplay; fullscreen; picture-in-picture; clipboard-write; encrypted-media; web-share\" referrerpolicy=\"strict-origin-when-cross-origin\"><\/iframe>\n<\/div><\/figure>\n\n\n\n<p><\/p>\n\n\n\n<p>L&rsquo;article suivant est \u00e9crit par une jeune journaliste en herbe, Noa !<\/p>\n\n\n\n<p><em>\u00a0\u00bb En ce moment Marielle est au festival Id\u00e9klic dans le Jura. Je vais vous expliquer comment cet atelier se d\u00e9roule dans la joie et la bonne humeur. Les premiers enfants de vendredi matin arrivent. Tout d&rsquo;abord, ils manipulent les thaumatropes, les zootropes, les praxinoscopes et les folioscopes puis ils font une s\u00e9quence anim\u00e9e avec Odin qui est b\u00e9n\u00e9vole au festival. Gaspard, le deuxi\u00e8me b\u00e9n\u00e9vole leur fait fabriquer un thaumatrope. Ensuite, ils vont admirer <em>avec Fran\u00e7oise<\/em>&nbsp;la vitrine du mus\u00e9e qui pr\u00e9sente des jouets optiques. Pour finir, ils voient un petit court m\u00e9trage, Tin Toy des Studios Pixar. Malheureusement, dehors il ne fait pas tr\u00e8s beau. Le deuxi\u00e8me atelier se passe tr\u00e8s bien et le temps a l&rsquo;air de s&rsquo;am\u00e9liorer un peu. La matin\u00e9e se termine bien pour moi et j&rsquo;esp\u00e8re que Marielle reviendra l&rsquo;ann\u00e9e prochaine.\u00a0\u00bb<\/em><\/p>\n\n\n<div class=\"wp-block-image\">\n<figure class=\"aligncenter\"><a href=\"https:\/\/lafilledecorinthe.com\/wordpress\/wp-content\/uploads\/2014\/07\/Noa.jpg\"><img loading=\"lazy\" decoding=\"async\" width=\"2592\" height=\"1936\" src=\"https:\/\/lafilledecorinthe.com\/wordpress\/wp-content\/uploads\/2014\/07\/Noa.jpg\" alt=\"Noa pr\u00e9sente un thaumatrope \u00e0 un jeune festivalier\" class=\"wp-image-5131\" srcset=\"https:\/\/lafilledecorinthe.com\/wordpress\/wp-content\/uploads\/2014\/07\/Noa.jpg 2592w, https:\/\/lafilledecorinthe.com\/wordpress\/wp-content\/uploads\/2014\/07\/Noa-680x507.jpg 680w, https:\/\/lafilledecorinthe.com\/wordpress\/wp-content\/uploads\/2014\/07\/Noa-1280x956.jpg 1280w, https:\/\/lafilledecorinthe.com\/wordpress\/wp-content\/uploads\/2014\/07\/Noa-401x300.jpg 401w\" sizes=\"auto, (max-width: 2592px) 100vw, 2592px\" \/><\/a><figcaption class=\"wp-element-caption\">Noa pr\u00e9sente un thaumatrope \u00e0 un jeune festivalier.<\/figcaption><\/figure>\n<\/div>\n\n<div class=\"wp-block-image\">\n<figure class=\"aligncenter\"><a href=\"https:\/\/lafilledecorinthe.com\/wordpress\/wp-content\/uploads\/2014\/07\/mus\u00e9e2.jpg\"><img loading=\"lazy\" decoding=\"async\" width=\"2550\" height=\"1856\" src=\"https:\/\/lafilledecorinthe.com\/wordpress\/wp-content\/uploads\/2014\/07\/mus\u00e9e2.jpg\" alt=\"La vitrine des jouets optiques au Mus\u00e9e du jouet \" class=\"wp-image-5133\" srcset=\"https:\/\/lafilledecorinthe.com\/wordpress\/wp-content\/uploads\/2014\/07\/mus\u00e9e2.jpg 2550w, https:\/\/lafilledecorinthe.com\/wordpress\/wp-content\/uploads\/2014\/07\/mus\u00e9e2-680x494.jpg 680w, https:\/\/lafilledecorinthe.com\/wordpress\/wp-content\/uploads\/2014\/07\/mus\u00e9e2-1280x931.jpg 1280w, https:\/\/lafilledecorinthe.com\/wordpress\/wp-content\/uploads\/2014\/07\/mus\u00e9e2-412x300.jpg 412w\" sizes=\"auto, (max-width: 2550px) 100vw, 2550px\" \/><\/a><figcaption class=\"wp-element-caption\">La vitrine des jouets optiques au mus\u00e9e du jouet<\/figcaption><\/figure>\n<\/div>\n\n<div class=\"wp-block-image\">\n<figure class=\"aligncenter\"><a href=\"https:\/\/lafilledecorinthe.com\/wordpress\/wp-content\/uploads\/2014\/07\/Gaspard-et-Odin.jpg\"><img loading=\"lazy\" decoding=\"async\" width=\"2592\" height=\"1936\" src=\"https:\/\/lafilledecorinthe.com\/wordpress\/wp-content\/uploads\/2014\/07\/Gaspard-et-Odin.jpg\" alt=\"Un duo de choc !\" class=\"wp-image-5134\" srcset=\"https:\/\/lafilledecorinthe.com\/wordpress\/wp-content\/uploads\/2014\/07\/Gaspard-et-Odin.jpg 2592w, https:\/\/lafilledecorinthe.com\/wordpress\/wp-content\/uploads\/2014\/07\/Gaspard-et-Odin-680x507.jpg 680w, https:\/\/lafilledecorinthe.com\/wordpress\/wp-content\/uploads\/2014\/07\/Gaspard-et-Odin-1280x956.jpg 1280w, https:\/\/lafilledecorinthe.com\/wordpress\/wp-content\/uploads\/2014\/07\/Gaspard-et-Odin-401x300.jpg 401w\" sizes=\"auto, (max-width: 2592px) 100vw, 2592px\" \/><\/a><figcaption class=\"wp-element-caption\">Odin et Gaspard, un duo de choc !<\/figcaption><\/figure>\n<\/div>","protected":false},"excerpt":{"rendered":"<p>Cette ann\u00e9e, Moirans en Montagne f\u00eate la vingt-cinqui\u00e8me \u00e9dition de son festival d\u00e9di\u00e9 aux enfants, Id\u00e9klic. Pendant 4 jours, 52 ateliers et 30 spectacles ont fait la joie des petits curieux et de leur famille. Accueillie par le mus\u00e9e du jouet, j&rsquo;ai eu le plaisir d&rsquo;animer l&rsquo;atelier Anim&rsquo;jouets. L&rsquo;article suivant est \u00e9crit par une jeune&#8230;<\/p>\n","protected":false},"author":2,"featured_media":5122,"comment_status":"open","ping_status":"open","sticky":false,"template":"","format":"standard","meta":{"_kad_post_transparent":"","_kad_post_title":"","_kad_post_layout":"","_kad_post_sidebar_id":"","_kad_post_content_style":"","_kad_post_vertical_padding":"","_kad_post_feature":"","_kad_post_feature_position":"","_kad_post_header":false,"_kad_post_footer":false,"_kad_post_classname":"","footnotes":""},"categories":[7],"tags":[266,865,106,867,866],"class_list":["post-5121","post","type-post","status-publish","format-standard","has-post-thumbnail","hentry","category-ateliers-enfants","tag-cinema-danimation","tag-festival-ideklic","tag-jouets-optiques","tag-moirans-en-montagne","tag-musee-du-jouet"],"_links":{"self":[{"href":"https:\/\/lafilledecorinthe.com\/wordpress\/wp-json\/wp\/v2\/posts\/5121","targetHints":{"allow":["GET"]}}],"collection":[{"href":"https:\/\/lafilledecorinthe.com\/wordpress\/wp-json\/wp\/v2\/posts"}],"about":[{"href":"https:\/\/lafilledecorinthe.com\/wordpress\/wp-json\/wp\/v2\/types\/post"}],"author":[{"embeddable":true,"href":"https:\/\/lafilledecorinthe.com\/wordpress\/wp-json\/wp\/v2\/users\/2"}],"replies":[{"embeddable":true,"href":"https:\/\/lafilledecorinthe.com\/wordpress\/wp-json\/wp\/v2\/comments?post=5121"}],"version-history":[{"count":23,"href":"https:\/\/lafilledecorinthe.com\/wordpress\/wp-json\/wp\/v2\/posts\/5121\/revisions"}],"predecessor-version":[{"id":15200,"href":"https:\/\/lafilledecorinthe.com\/wordpress\/wp-json\/wp\/v2\/posts\/5121\/revisions\/15200"}],"wp:featuredmedia":[{"embeddable":true,"href":"https:\/\/lafilledecorinthe.com\/wordpress\/wp-json\/wp\/v2\/media\/5122"}],"wp:attachment":[{"href":"https:\/\/lafilledecorinthe.com\/wordpress\/wp-json\/wp\/v2\/media?parent=5121"}],"wp:term":[{"taxonomy":"category","embeddable":true,"href":"https:\/\/lafilledecorinthe.com\/wordpress\/wp-json\/wp\/v2\/categories?post=5121"},{"taxonomy":"post_tag","embeddable":true,"href":"https:\/\/lafilledecorinthe.com\/wordpress\/wp-json\/wp\/v2\/tags?post=5121"}],"curies":[{"name":"wp","href":"https:\/\/api.w.org\/{rel}","templated":true}]}}