{"id":5043,"date":"2014-06-26T21:01:49","date_gmt":"2014-06-26T20:01:49","guid":{"rendered":"http:\/\/lafilledecorinthe.com\/wordpress\/?p=5043"},"modified":"2025-12-07T08:18:38","modified_gmt":"2025-12-07T07:18:38","slug":"je-nen-crois-pas-mes-yeux","status":"publish","type":"post","link":"https:\/\/lafilledecorinthe.com\/wordpress\/2014\/06\/je-nen-crois-pas-mes-yeux\/","title":{"rendered":"Je n&rsquo;en crois pas mes yeux !"},"content":{"rendered":"\n<p class=\"has-text-align-left\"><em>\u00ab\u00a0Tu es assez grand pour comprendre que Grant Williams, l&rsquo;acteur qui joue l&rsquo;homme qui r\u00e9tr\u00e9cit, n&rsquo;a pas rapetiss\u00e9, que cet effet a \u00e9t\u00e9 cr\u00e9\u00e9 par un chef d\u00e9corateur habile qui a fait construire un fauteuil \u00e9norme dans lequel pourrait s&rsquo;asseoir un g\u00e9ant de quatre m\u00e8tres, mais l&rsquo;impact sur toi est n\u00e9anmoins extraordinaire et troublant. Il n&rsquo;y a l\u00e0 rien de compliqu\u00e9, c&rsquo;est juste une affaire d&rsquo;ajustement d&rsquo;\u00e9chelle, et pourtant l&rsquo;\u00e9tonnement et la sensation de dislocation te submergent, te fascinent, te d\u00e9rangent, comme si toutes les repr\u00e9sentations du monde physique que tu avais suppos\u00e9es vraies jusqu&rsquo;ici venaient d&rsquo;\u00eatre brutalement remises en question.\u00a0\u00bb<\/em><br><em>Excursions dans la zone int\u00e9rieure<\/em> de Paul Auster, 2014<\/p>\n\n\n\n<p>Les classes parisiennes inscrites dans le dispositif <em>Ecole et cin\u00e9ma<\/em>&nbsp;ont pu vivre une exp\u00e9rience cin\u00e9matographique qui hante Paul Auster depuis plus de cinquante ans, voir<em> l&rsquo;homme qui r\u00e9tr\u00e9cit<\/em> dans une salle de cin\u00e9ma ! Dans le cadre des ateliers organis\u00e9s par <em><a href=\"http:\/\/www.enfancesaucinema.net\/\" target=\"_blank\" rel=\"noopener\">Enfances au cin\u00e9ma<\/a>, <\/em>trois classes se sont interrog\u00e9es sur les trucages utilis\u00e9s par Jack Arnold dans son film culte et ont r\u00e9alis\u00e9 des photomontages qui explorent l&rsquo;infiniment grand et l&rsquo;infiniment petit &#8230;<em><br><\/em><\/p>\n\n\n<div class=\"wp-block-image\">\n<figure class=\"aligncenter\"><a href=\"https:\/\/lafilledecorinthe.com\/wordpress\/wp-content\/uploads\/2014\/06\/P11200011.jpg\"><img loading=\"lazy\" decoding=\"async\" width=\"3828\" height=\"2645\" src=\"https:\/\/lafilledecorinthe.com\/wordpress\/wp-content\/uploads\/2014\/06\/P11200011.jpg\" alt=\"Les CM2 de Florence Aadari, \u00e9cole Vaucanson\" class=\"wp-image-5046\" srcset=\"https:\/\/lafilledecorinthe.com\/wordpress\/wp-content\/uploads\/2014\/06\/P11200011.jpg 3828w, https:\/\/lafilledecorinthe.com\/wordpress\/wp-content\/uploads\/2014\/06\/P11200011-680x469.jpg 680w, https:\/\/lafilledecorinthe.com\/wordpress\/wp-content\/uploads\/2014\/06\/P11200011-1280x884.jpg 1280w, https:\/\/lafilledecorinthe.com\/wordpress\/wp-content\/uploads\/2014\/06\/P11200011-434x300.jpg 434w\" sizes=\"auto, (max-width: 3828px) 100vw, 3828px\" \/><\/a><figcaption class=\"wp-element-caption\">Les CM2 de Florence Aadari, \u00e9cole Vaucanson<\/figcaption><\/figure>\n<\/div>\n\n<div class=\"wp-block-image\">\n<figure class=\"aligncenter\"><a href=\"https:\/\/lafilledecorinthe.com\/wordpress\/wp-content\/uploads\/2014\/06\/P11109921.jpg\"><img loading=\"lazy\" decoding=\"async\" width=\"4000\" height=\"3000\" src=\"https:\/\/lafilledecorinthe.com\/wordpress\/wp-content\/uploads\/2014\/06\/P11109921.jpg\" alt=\"Les CE2 de Catherine Delon, \u00e9cole Colonel Moll\" class=\"wp-image-5048\" srcset=\"https:\/\/lafilledecorinthe.com\/wordpress\/wp-content\/uploads\/2014\/06\/P11109921.jpg 4000w, https:\/\/lafilledecorinthe.com\/wordpress\/wp-content\/uploads\/2014\/06\/P11109921-680x510.jpg 680w, https:\/\/lafilledecorinthe.com\/wordpress\/wp-content\/uploads\/2014\/06\/P11109921-1280x960.jpg 1280w, https:\/\/lafilledecorinthe.com\/wordpress\/wp-content\/uploads\/2014\/06\/P11109921-400x300.jpg 400w\" sizes=\"auto, (max-width: 4000px) 100vw, 4000px\" \/><\/a><figcaption class=\"wp-element-caption\">Les CE2 de Catherine Delon, \u00e9cole Colonel Moll<\/figcaption><\/figure>\n<\/div>\n\n<div class=\"wp-block-image\">\n<figure class=\"aligncenter\"><a href=\"https:\/\/lafilledecorinthe.com\/wordpress\/wp-content\/uploads\/2014\/06\/couv.jpg\"><img loading=\"lazy\" decoding=\"async\" width=\"4000\" height=\"3000\" src=\"https:\/\/lafilledecorinthe.com\/wordpress\/wp-content\/uploads\/2014\/06\/couv.jpg\" alt=\"couv\" class=\"wp-image-5044\" srcset=\"https:\/\/lafilledecorinthe.com\/wordpress\/wp-content\/uploads\/2014\/06\/couv.jpg 4000w, https:\/\/lafilledecorinthe.com\/wordpress\/wp-content\/uploads\/2014\/06\/couv-680x510.jpg 680w, https:\/\/lafilledecorinthe.com\/wordpress\/wp-content\/uploads\/2014\/06\/couv-1280x960.jpg 1280w, https:\/\/lafilledecorinthe.com\/wordpress\/wp-content\/uploads\/2014\/06\/couv-400x300.jpg 400w\" sizes=\"auto, (max-width: 4000px) 100vw, 4000px\" \/><\/a><figcaption class=\"wp-element-caption\">Les CE2 d&rsquo;Astrid Youssef, \u00e9cole Milton<\/figcaption><\/figure>\n<\/div>\n\n<div class=\"wp-block-image\">\n<figure class=\"aligncenter\"><a href=\"https:\/\/lafilledecorinthe.com\/wordpress\/wp-content\/uploads\/2014\/06\/P1110980.jpg\"><img loading=\"lazy\" decoding=\"async\" width=\"4000\" height=\"3000\" src=\"https:\/\/lafilledecorinthe.com\/wordpress\/wp-content\/uploads\/2014\/06\/P1110980.jpg\" alt=\"Les CE2 d'Astrid Youssef, \u00e9cole Milton\" class=\"wp-image-5049\" srcset=\"https:\/\/lafilledecorinthe.com\/wordpress\/wp-content\/uploads\/2014\/06\/P1110980.jpg 4000w, https:\/\/lafilledecorinthe.com\/wordpress\/wp-content\/uploads\/2014\/06\/P1110980-680x510.jpg 680w, https:\/\/lafilledecorinthe.com\/wordpress\/wp-content\/uploads\/2014\/06\/P1110980-1280x960.jpg 1280w, https:\/\/lafilledecorinthe.com\/wordpress\/wp-content\/uploads\/2014\/06\/P1110980-400x300.jpg 400w\" sizes=\"auto, (max-width: 4000px) 100vw, 4000px\" \/><\/a><figcaption class=\"wp-element-caption\">Les CE2 d&rsquo;Astrid Youssef, \u00e9cole Milton<\/figcaption><\/figure>\n<\/div>\n\n\n<p>Documents et vid\u00e9os en lien avec <em>l&rsquo;homme qui r\u00e9tr\u00e9cit<\/em>, c&rsquo;est <a title=\"\u00ab&nbsp;Ecole et cin\u00e9ma 92\u2033 : L\u2019homme qui r\u00e9tr\u00e9cit\" href=\"https:\/\/lafilledecorinthe.com\/wordpress\/2014\/03\/ecole-et-cinema-92-lhomme-qui-retrecit\/\">ici<\/a> et <a title=\"\u00ab&nbsp;Ecole et cin\u00e9ma 75\u2033 : L\u2019homme qui r\u00e9tr\u00e9cit\" href=\"https:\/\/lafilledecorinthe.com\/wordpress\/2014\/04\/ecole-et-cinema-75-lhomme-qui-retrecit\/\">l\u00e0<\/a> !<\/p>\n","protected":false},"excerpt":{"rendered":"<p>\u00ab\u00a0Tu es assez grand pour comprendre que Grant Williams, l&rsquo;acteur qui joue l&rsquo;homme qui r\u00e9tr\u00e9cit, n&rsquo;a pas rapetiss\u00e9, que cet effet a \u00e9t\u00e9 cr\u00e9\u00e9 par un chef d\u00e9corateur habile qui a fait construire un fauteuil \u00e9norme dans lequel pourrait s&rsquo;asseoir un g\u00e9ant de quatre m\u00e8tres, mais l&rsquo;impact sur toi est n\u00e9anmoins extraordinaire et troublant. Il&#8230;<\/p>\n","protected":false},"author":2,"featured_media":5053,"comment_status":"open","ping_status":"open","sticky":false,"template":"","format":"standard","meta":{"_kad_post_transparent":"","_kad_post_title":"","_kad_post_layout":"","_kad_post_sidebar_id":"","_kad_post_content_style":"","_kad_post_vertical_padding":"","_kad_post_feature":"","_kad_post_feature_position":"","_kad_post_header":false,"_kad_post_footer":false,"_kad_post_classname":"","footnotes":""},"categories":[7],"tags":[850,24,851,849,353,848,711,709,847],"class_list":["post-5043","post","type-post","status-publish","format-standard","has-post-thumbnail","hentry","category-ateliers-enfants","tag-ecole-colonel-moll","tag-ecole-et-cinema","tag-ecole-milton","tag-ecole-vaucanson","tag-enfances-au-cinema","tag-excursions-dans-la-zone-interieure","tag-jack-arnold","tag-lhomme-qui-retrecit","tag-paul-auster"],"_links":{"self":[{"href":"https:\/\/lafilledecorinthe.com\/wordpress\/wp-json\/wp\/v2\/posts\/5043","targetHints":{"allow":["GET"]}}],"collection":[{"href":"https:\/\/lafilledecorinthe.com\/wordpress\/wp-json\/wp\/v2\/posts"}],"about":[{"href":"https:\/\/lafilledecorinthe.com\/wordpress\/wp-json\/wp\/v2\/types\/post"}],"author":[{"embeddable":true,"href":"https:\/\/lafilledecorinthe.com\/wordpress\/wp-json\/wp\/v2\/users\/2"}],"replies":[{"embeddable":true,"href":"https:\/\/lafilledecorinthe.com\/wordpress\/wp-json\/wp\/v2\/comments?post=5043"}],"version-history":[{"count":30,"href":"https:\/\/lafilledecorinthe.com\/wordpress\/wp-json\/wp\/v2\/posts\/5043\/revisions"}],"predecessor-version":[{"id":14861,"href":"https:\/\/lafilledecorinthe.com\/wordpress\/wp-json\/wp\/v2\/posts\/5043\/revisions\/14861"}],"wp:featuredmedia":[{"embeddable":true,"href":"https:\/\/lafilledecorinthe.com\/wordpress\/wp-json\/wp\/v2\/media\/5053"}],"wp:attachment":[{"href":"https:\/\/lafilledecorinthe.com\/wordpress\/wp-json\/wp\/v2\/media?parent=5043"}],"wp:term":[{"taxonomy":"category","embeddable":true,"href":"https:\/\/lafilledecorinthe.com\/wordpress\/wp-json\/wp\/v2\/categories?post=5043"},{"taxonomy":"post_tag","embeddable":true,"href":"https:\/\/lafilledecorinthe.com\/wordpress\/wp-json\/wp\/v2\/tags?post=5043"}],"curies":[{"name":"wp","href":"https:\/\/api.w.org\/{rel}","templated":true}]}}