{"id":4914,"date":"2014-05-26T14:27:27","date_gmt":"2014-05-26T13:27:27","guid":{"rendered":"http:\/\/lafilledecorinthe.com\/wordpress\/?p=4914"},"modified":"2025-12-07T21:34:36","modified_gmt":"2025-12-07T20:34:36","slug":"enfances-au-cinema-ca-grouille-chez-les-insectes","status":"publish","type":"post","link":"https:\/\/lafilledecorinthe.com\/wordpress\/2014\/05\/enfances-au-cinema-ca-grouille-chez-les-insectes\/","title":{"rendered":"Enfances au cin\u00e9ma : \u00e7a grouille chez les insectes !"},"content":{"rendered":"\n<p>Les classes maternelles inscrites dans le dispositif&nbsp;<em>Mon premier cin\u00e9ma&nbsp;<\/em>sont all\u00e9es trois fois dans leur cin\u00e9ma de quartier d\u00e9couvrir la programmation \u00e9labor\u00e9e \u00e0 leur intention par l&rsquo;association&nbsp;<a href=\"http:\/\/www.enfancesaucinema.net\/\" target=\"_blank\" rel=\"noopener\">\u00ab\u00a0Enfances au cin\u00e9ma\u00a0\u00bb<\/a>&nbsp;&#8230;<\/p>\n\n\n<div class=\"wp-block-image\">\n<figure class=\"aligncenter\"><a href=\"https:\/\/lafilledecorinthe.com\/wordpress\/wp-content\/uploads\/2014\/05\/gros....jpg\"><img loading=\"lazy\" decoding=\"async\" width=\"310\" height=\"413\" src=\"https:\/\/lafilledecorinthe.com\/wordpress\/wp-content\/uploads\/2014\/05\/gros....jpg\" alt=\"Gros-Pois et Petit-Point de Lotta et Uzi Geffenblad, 2011\" class=\"wp-image-4916\" srcset=\"https:\/\/lafilledecorinthe.com\/wordpress\/wp-content\/uploads\/2014\/05\/gros....jpg 310w, https:\/\/lafilledecorinthe.com\/wordpress\/wp-content\/uploads\/2014\/05\/gros...-225x300.jpg 225w\" sizes=\"auto, (max-width: 310px) 100vw, 310px\" \/><\/a><figcaption class=\"wp-element-caption\">Gros-Pois et Petit-Point de Lotta et Uzi Geffenblad, 2011<\/figcaption><\/figure>\n<\/div>\n\n<div class=\"wp-block-image\">\n<figure class=\"aligncenter\"><a href=\"https:\/\/lafilledecorinthe.com\/wordpress\/wp-content\/uploads\/2014\/05\/bo\u00eete.jpg\"><img loading=\"lazy\" decoding=\"async\" width=\"310\" height=\"412\" src=\"https:\/\/lafilledecorinthe.com\/wordpress\/wp-content\/uploads\/2014\/05\/bo\u00eete.jpg\" alt=\"La bo\u00eete \u00e0 malice de Koji Yamamura, 2011\" class=\"wp-image-4917\" srcset=\"https:\/\/lafilledecorinthe.com\/wordpress\/wp-content\/uploads\/2014\/05\/bo\u00eete.jpg 310w, https:\/\/lafilledecorinthe.com\/wordpress\/wp-content\/uploads\/2014\/05\/bo\u00eete-225x300.jpg 225w\" sizes=\"auto, (max-width: 310px) 100vw, 310px\" \/><\/a><figcaption class=\"wp-element-caption\">La bo\u00eete \u00e0 malice de Koji Yamamura, 2011<\/figcaption><\/figure>\n<\/div>\n\n<div class=\"wp-block-image\">\n<figure class=\"aligncenter\"><a href=\"https:\/\/lafilledecorinthe.com\/wordpress\/wp-content\/uploads\/2013\/11\/affiche-la-petite-fabrique-du-monde-1.jpg\"><img loading=\"lazy\" decoding=\"async\" width=\"610\" height=\"817\" src=\"https:\/\/lafilledecorinthe.com\/wordpress\/wp-content\/uploads\/2013\/11\/affiche-la-petite-fabrique-du-monde-1.jpg\" alt=\"La petite fabrique du monde, 2013\" class=\"wp-image-3310\" srcset=\"https:\/\/lafilledecorinthe.com\/wordpress\/wp-content\/uploads\/2013\/11\/affiche-la-petite-fabrique-du-monde-1.jpg 610w, https:\/\/lafilledecorinthe.com\/wordpress\/wp-content\/uploads\/2013\/11\/affiche-la-petite-fabrique-du-monde-1-507x680.jpg 507w, https:\/\/lafilledecorinthe.com\/wordpress\/wp-content\/uploads\/2013\/11\/affiche-la-petite-fabrique-du-monde-1-223x300.jpg 223w\" sizes=\"auto, (max-width: 610px) 100vw, 610px\" \/><\/a><figcaption class=\"wp-element-caption\">La petite fabrique du monde, 2013<\/figcaption><\/figure>\n<\/div>\n\n\n<p>Les insectes sont pr\u00e9sents dans chacun de ces programmes.&nbsp;Ils de\u0301rangent le pique-nique de <em>Gros-pois<\/em> et <em>Petit-point<\/em>. Ils sont les compagnons discrets de<em> Karo<\/em>, l\u2019oiseau bleu et de <em>Piyobuputo<\/em>, l\u2019oiseau rose. Ils sont les personnages principaux du court-me\u0301trage <em>Chinti<\/em> &#8230; Une belle occasion de faire d\u00e9couvrir aux enfants <em>Ladislas Starewitch <\/em>qui \u00e9tait passionn\u00e9 de cin\u00e9ma et d&rsquo;insectes !<\/p>\n\n\n<div class=\"wp-block-image\">\n<figure class=\"aligncenter\"><a href=\"https:\/\/lafilledecorinthe.com\/wordpress\/wp-content\/uploads\/2014\/05\/regroupement.jpg\"><img loading=\"lazy\" decoding=\"async\" width=\"4000\" height=\"3000\" src=\"https:\/\/lafilledecorinthe.com\/wordpress\/wp-content\/uploads\/2014\/05\/regroupement.jpg\" alt=\"&quot;La cigale et la fourmi&quot; de Ladislas Starewitch, 1911\" class=\"wp-image-4926\" srcset=\"https:\/\/lafilledecorinthe.com\/wordpress\/wp-content\/uploads\/2014\/05\/regroupement.jpg 4000w, https:\/\/lafilledecorinthe.com\/wordpress\/wp-content\/uploads\/2014\/05\/regroupement-680x510.jpg 680w, https:\/\/lafilledecorinthe.com\/wordpress\/wp-content\/uploads\/2014\/05\/regroupement-1280x960.jpg 1280w, https:\/\/lafilledecorinthe.com\/wordpress\/wp-content\/uploads\/2014\/05\/regroupement-400x300.jpg 400w\" sizes=\"auto, (max-width: 4000px) 100vw, 4000px\" \/><\/a><figcaption class=\"wp-element-caption\">\u00ab\u00a0La cigale et la fourmi\u00a0\u00bb de Ladislas Starewitch, 1911<\/figcaption><\/figure>\n<\/div>\n\n\n<p>Et si nous aussi, \u00e0 la suite de Ladislas Starewitch, on faisait bouger des insectes &#8230;<\/p>\n\n\n<div class=\"wp-block-image\">\n<figure class=\"aligncenter\"><a href=\"https:\/\/lafilledecorinthe.com\/wordpress\/wp-content\/uploads\/2014\/05\/lecturedimage.jpg\"><img loading=\"lazy\" decoding=\"async\" width=\"2981\" height=\"2160\" src=\"https:\/\/lafilledecorinthe.com\/wordpress\/wp-content\/uploads\/2014\/05\/lecturedimage.jpg\" alt=\"Lecture d'images avec les MS\/GS d'Aymeric Gervais\" class=\"wp-image-4927\" srcset=\"https:\/\/lafilledecorinthe.com\/wordpress\/wp-content\/uploads\/2014\/05\/lecturedimage.jpg 2981w, https:\/\/lafilledecorinthe.com\/wordpress\/wp-content\/uploads\/2014\/05\/lecturedimage-680x492.jpg 680w, https:\/\/lafilledecorinthe.com\/wordpress\/wp-content\/uploads\/2014\/05\/lecturedimage-1280x927.jpg 1280w, https:\/\/lafilledecorinthe.com\/wordpress\/wp-content\/uploads\/2014\/05\/lecturedimage-414x300.jpg 414w\" sizes=\"auto, (max-width: 2981px) 100vw, 2981px\" \/><\/a><figcaption class=\"wp-element-caption\">Lecture d&rsquo;images avec les MS\/GS d&rsquo;Aymeric Gervais<\/figcaption><\/figure>\n<\/div>\n\n<div class=\"wp-block-image\">\n<figure class=\"aligncenter\"><a href=\"https:\/\/lafilledecorinthe.com\/wordpress\/wp-content\/uploads\/2014\/05\/Manon7.jpg\"><img loading=\"lazy\" decoding=\"async\" width=\"4000\" height=\"3000\" src=\"https:\/\/lafilledecorinthe.com\/wordpress\/wp-content\/uploads\/2014\/05\/Manon7.jpg\" alt=\"Animation &quot;image par image&quot; avec les MS de Manon Marconnier\" class=\"wp-image-4930\" srcset=\"https:\/\/lafilledecorinthe.com\/wordpress\/wp-content\/uploads\/2014\/05\/Manon7.jpg 4000w, https:\/\/lafilledecorinthe.com\/wordpress\/wp-content\/uploads\/2014\/05\/Manon7-680x510.jpg 680w, https:\/\/lafilledecorinthe.com\/wordpress\/wp-content\/uploads\/2014\/05\/Manon7-1280x960.jpg 1280w, https:\/\/lafilledecorinthe.com\/wordpress\/wp-content\/uploads\/2014\/05\/Manon7-400x300.jpg 400w\" sizes=\"auto, (max-width: 4000px) 100vw, 4000px\" \/><\/a><figcaption class=\"wp-element-caption\">Animation \u00ab\u00a0image par image\u00a0\u00bb avec les MS de Manon Marconnier<\/figcaption><\/figure>\n<\/div>\n\n<div class=\"wp-block-image\">\n<figure class=\"aligncenter\"><a href=\"https:\/\/lafilledecorinthe.com\/wordpress\/wp-content\/uploads\/2014\/05\/13d.jpg\"><img loading=\"lazy\" decoding=\"async\" width=\"4000\" height=\"3000\" src=\"https:\/\/lafilledecorinthe.com\/wordpress\/wp-content\/uploads\/2014\/05\/13d.jpg\" alt=\"Animation &quot;image par image&quot; avec les MS de Muriel Rey\" class=\"wp-image-4929\" srcset=\"https:\/\/lafilledecorinthe.com\/wordpress\/wp-content\/uploads\/2014\/05\/13d.jpg 4000w, https:\/\/lafilledecorinthe.com\/wordpress\/wp-content\/uploads\/2014\/05\/13d-680x510.jpg 680w, https:\/\/lafilledecorinthe.com\/wordpress\/wp-content\/uploads\/2014\/05\/13d-1280x960.jpg 1280w, https:\/\/lafilledecorinthe.com\/wordpress\/wp-content\/uploads\/2014\/05\/13d-400x300.jpg 400w\" sizes=\"auto, (max-width: 4000px) 100vw, 4000px\" \/><\/a><figcaption class=\"wp-element-caption\">Animation \u00ab\u00a0image par image\u00a0\u00bb avec les MS de Muriel Rey<\/figcaption><\/figure>\n<\/div>\n\n<div class=\"wp-block-image\">\n<figure class=\"aligncenter\"><a href=\"https:\/\/lafilledecorinthe.com\/wordpress\/wp-content\/uploads\/2014\/05\/15b.jpg\"><img loading=\"lazy\" decoding=\"async\" width=\"3527\" height=\"2550\" src=\"https:\/\/lafilledecorinthe.com\/wordpress\/wp-content\/uploads\/2014\/05\/15b.jpg\" alt=\"Animation &quot;image par image&quot; avec les MS de Sandrine Bourdon\" class=\"wp-image-4928\" srcset=\"https:\/\/lafilledecorinthe.com\/wordpress\/wp-content\/uploads\/2014\/05\/15b.jpg 3527w, https:\/\/lafilledecorinthe.com\/wordpress\/wp-content\/uploads\/2014\/05\/15b-680x491.jpg 680w, https:\/\/lafilledecorinthe.com\/wordpress\/wp-content\/uploads\/2014\/05\/15b-1280x925.jpg 1280w, https:\/\/lafilledecorinthe.com\/wordpress\/wp-content\/uploads\/2014\/05\/15b-414x300.jpg 414w\" sizes=\"auto, (max-width: 3527px) 100vw, 3527px\" \/><\/a><figcaption class=\"wp-element-caption\">Animation \u00ab\u00a0image par image\u00a0\u00bb avec les MS de Sandrine Bourdon<\/figcaption><\/figure>\n<\/div>\n\n\n<p>Chaque classe a &nbsp;aussi&nbsp;fabriqu\u00e9 un folioscope collectif &#8230;<\/p>\n\n\n<div class=\"wp-block-image\">\n<figure class=\"aligncenter\"><a href=\"https:\/\/lafilledecorinthe.com\/wordpress\/wp-content\/uploads\/2014\/05\/18g.jpg\"><img loading=\"lazy\" decoding=\"async\" width=\"4000\" height=\"3000\" src=\"https:\/\/lafilledecorinthe.com\/wordpress\/wp-content\/uploads\/2014\/05\/18g.jpg\" alt=\"R\u00e9alisation du folioscpe avec les MS de Marie Bouvaist\" class=\"wp-image-4935\" srcset=\"https:\/\/lafilledecorinthe.com\/wordpress\/wp-content\/uploads\/2014\/05\/18g.jpg 4000w, https:\/\/lafilledecorinthe.com\/wordpress\/wp-content\/uploads\/2014\/05\/18g-680x510.jpg 680w, https:\/\/lafilledecorinthe.com\/wordpress\/wp-content\/uploads\/2014\/05\/18g-1280x960.jpg 1280w, https:\/\/lafilledecorinthe.com\/wordpress\/wp-content\/uploads\/2014\/05\/18g-400x300.jpg 400w\" sizes=\"auto, (max-width: 4000px) 100vw, 4000px\" \/><\/a><figcaption class=\"wp-element-caption\">R\u00e9alisation du folioscope avec les MS de Marie Bouvaist<\/figcaption><\/figure>\n<\/div>\n\n\n<p>Nos films !<\/p>\n\n\n\n<p><iframe loading=\"lazy\" title=\"vimeo-player\" src=\"https:\/\/player.vimeo.com\/video\/96487630?h=beb7b99cce\" width=\"640\" height=\"360\" frameborder=\"0\" allowfullscreen=\"allowfullscreen\"><\/iframe><\/p>\n\n\n\n<p><iframe loading=\"lazy\" title=\"vimeo-player\" src=\"https:\/\/player.vimeo.com\/video\/96483185?h=cacbebff4d\" width=\"640\" height=\"360\" frameborder=\"0\" allowfullscreen=\"allowfullscreen\"><\/iframe><\/p>\n","protected":false},"excerpt":{"rendered":"<p>Les classes maternelles inscrites dans le dispositif&nbsp;Mon premier cin\u00e9ma&nbsp;sont all\u00e9es trois fois dans leur cin\u00e9ma de quartier d\u00e9couvrir la programmation \u00e9labor\u00e9e \u00e0 leur intention par l&rsquo;association&nbsp;\u00ab\u00a0Enfances au cin\u00e9ma\u00a0\u00bb&nbsp;&#8230; Les insectes sont pr\u00e9sents dans chacun de ces programmes.&nbsp;Ils de\u0301rangent le pique-nique de Gros-pois et Petit-point. Ils sont les compagnons discrets de Karo, l\u2019oiseau bleu et de&#8230;<\/p>\n","protected":false},"author":2,"featured_media":4915,"comment_status":"open","ping_status":"open","sticky":false,"template":"","format":"standard","meta":{"_kad_post_transparent":"","_kad_post_title":"","_kad_post_layout":"","_kad_post_sidebar_id":"","_kad_post_content_style":"","_kad_post_vertical_padding":"","_kad_post_feature":"","_kad_post_feature_position":"","_kad_post_header":false,"_kad_post_footer":false,"_kad_post_classname":"","footnotes":""},"categories":[7],"tags":[832,353,836,833,834,625,835,354],"class_list":["post-4914","post","type-post","status-publish","format-standard","has-post-thumbnail","hentry","category-ateliers-enfants","tag-ca-grouille-chez-les-insectes","tag-enfances-au-cinema","tag-folioscope-collectif","tag-gros-pois-et-petit-point","tag-la-boite-a-malice","tag-la-petite-fabrique-du-monde","tag-ladislas-starewitch","tag-mon-premier-cinema"],"_links":{"self":[{"href":"https:\/\/lafilledecorinthe.com\/wordpress\/wp-json\/wp\/v2\/posts\/4914","targetHints":{"allow":["GET"]}}],"collection":[{"href":"https:\/\/lafilledecorinthe.com\/wordpress\/wp-json\/wp\/v2\/posts"}],"about":[{"href":"https:\/\/lafilledecorinthe.com\/wordpress\/wp-json\/wp\/v2\/types\/post"}],"author":[{"embeddable":true,"href":"https:\/\/lafilledecorinthe.com\/wordpress\/wp-json\/wp\/v2\/users\/2"}],"replies":[{"embeddable":true,"href":"https:\/\/lafilledecorinthe.com\/wordpress\/wp-json\/wp\/v2\/comments?post=4914"}],"version-history":[{"count":25,"href":"https:\/\/lafilledecorinthe.com\/wordpress\/wp-json\/wp\/v2\/posts\/4914\/revisions"}],"predecessor-version":[{"id":15041,"href":"https:\/\/lafilledecorinthe.com\/wordpress\/wp-json\/wp\/v2\/posts\/4914\/revisions\/15041"}],"wp:featuredmedia":[{"embeddable":true,"href":"https:\/\/lafilledecorinthe.com\/wordpress\/wp-json\/wp\/v2\/media\/4915"}],"wp:attachment":[{"href":"https:\/\/lafilledecorinthe.com\/wordpress\/wp-json\/wp\/v2\/media?parent=4914"}],"wp:term":[{"taxonomy":"category","embeddable":true,"href":"https:\/\/lafilledecorinthe.com\/wordpress\/wp-json\/wp\/v2\/categories?post=4914"},{"taxonomy":"post_tag","embeddable":true,"href":"https:\/\/lafilledecorinthe.com\/wordpress\/wp-json\/wp\/v2\/tags?post=4914"}],"curies":[{"name":"wp","href":"https:\/\/api.w.org\/{rel}","templated":true}]}}