{"id":4761,"date":"2014-05-25T19:46:32","date_gmt":"2014-05-25T18:46:32","guid":{"rendered":"http:\/\/lafilledecorinthe.com\/wordpress\/?p=4761"},"modified":"2025-12-10T18:06:36","modified_gmt":"2025-12-10T17:06:36","slug":"jaime-la-pub","status":"publish","type":"post","link":"https:\/\/lafilledecorinthe.com\/wordpress\/2014\/05\/jaime-la-pub\/","title":{"rendered":"J&rsquo;aime la pub &#8230;"},"content":{"rendered":"<div class=\"wp-block-image\">\n<figure class=\"aligncenter\"><a href=\"https:\/\/lafilledecorinthe.com\/wordpress\/wp-content\/uploads\/2014\/05\/2-Parfum-Guerlain-Petite-Robe-Noire-Pub-Ad-2013.jpg\"><img loading=\"lazy\" decoding=\"async\" width=\"650\" height=\"520\" src=\"https:\/\/lafilledecorinthe.com\/wordpress\/wp-content\/uploads\/2014\/05\/2-Parfum-Guerlain-Petite-Robe-Noire-Pub-Ad-2013.jpg\" alt=\"La petite Robe noire de Guerlain, dessin de Florence Deygas, 2013\" class=\"wp-image-4889\" srcset=\"https:\/\/lafilledecorinthe.com\/wordpress\/wp-content\/uploads\/2014\/05\/2-Parfum-Guerlain-Petite-Robe-Noire-Pub-Ad-2013.jpg 650w, https:\/\/lafilledecorinthe.com\/wordpress\/wp-content\/uploads\/2014\/05\/2-Parfum-Guerlain-Petite-Robe-Noire-Pub-Ad-2013-374x300.jpg 374w\" sizes=\"auto, (max-width: 650px) 100vw, 650px\" \/><\/a><figcaption class=\"wp-element-caption\">La petite Robe noire de Guerlain, dessin de Florence Deygas, 2013<\/figcaption><\/figure>\n<\/div>\n\n\n<p>&#8230; Quand elle fait des clins d&rsquo;oeil au cin\u00e9ma d&rsquo;animation et aux illusions d&rsquo;optique &#8230;<\/p>\n\n\n\n<p>L&rsquo;ai-je choisi pour sa fragrance ou ai-je \u00e9t\u00e9 influenc\u00e9e par cette publicit\u00e9 l\u00e9g\u00e8re et joyeuse&#8230;<em>La petite robe noire <\/em>m&rsquo;accompagne chaque jour et j&rsquo;attends avec impatience les nouvelles propositions du duo <a href=\"http:\/\/www.kuntzeldeygas.com\/blog\/index.php?s=petite+robe\" target=\"_blank\" rel=\"noopener\">Kuntzel et Deygas<\/a>\u00a0&#8230;<\/p>\n\n\n\n<figure class=\"wp-block-embed is-type-video is-provider-youtube wp-block-embed-youtube wp-embed-aspect-16-9 wp-has-aspect-ratio\"><div class=\"wp-block-embed__wrapper\">\n<iframe loading=\"lazy\" title=\"PUB Guerlain - La petite robe noire\" width=\"720\" height=\"405\" src=\"https:\/\/www.youtube.com\/embed\/LFGiPrbDiJg?feature=oembed\" frameborder=\"0\" allow=\"accelerometer; autoplay; clipboard-write; encrypted-media; gyroscope; picture-in-picture; web-share\" referrerpolicy=\"strict-origin-when-cross-origin\" allowfullscreen><\/iframe>\n<\/div><\/figure>\n\n\n\n<p><\/p>\n\n\n\n<p>Passionn\u00e9e par les images cach\u00e9es et la bi\u00e8re, j&rsquo;appr\u00e9cie particuli\u00e8rement le dernier visuel de la Leffe Royal &nbsp;qui a envahi les abris bus &#8230;<\/p>\n\n\n<div class=\"wp-block-image\">\n<figure class=\"aligncenter\"><a href=\"https:\/\/lafilledecorinthe.com\/wordpress\/wp-content\/uploads\/2014\/05\/Leffe-Royal-.jpg\"><img loading=\"lazy\" decoding=\"async\" width=\"228\" height=\"360\" src=\"https:\/\/lafilledecorinthe.com\/wordpress\/wp-content\/uploads\/2014\/05\/Leffe-Royal-.jpg\" alt=\"Leffe Royal\" class=\"wp-image-4903\" srcset=\"https:\/\/lafilledecorinthe.com\/wordpress\/wp-content\/uploads\/2014\/05\/Leffe-Royal-.jpg 228w, https:\/\/lafilledecorinthe.com\/wordpress\/wp-content\/uploads\/2014\/05\/Leffe-Royal--190x300.jpg 190w\" sizes=\"auto, (max-width: 228px) 100vw, 228px\" \/><\/a><\/figure>\n<\/div>\n\n\n<p><\/p>\n\n\n\n<p><\/p>\n","protected":false},"excerpt":{"rendered":"<p>&#8230; Quand elle fait des clins d&rsquo;oeil au cin\u00e9ma d&rsquo;animation et aux illusions d&rsquo;optique &#8230; L&rsquo;ai-je choisi pour sa fragrance ou ai-je \u00e9t\u00e9 influenc\u00e9e par cette publicit\u00e9 l\u00e9g\u00e8re et joyeuse&#8230;La petite robe noire m&rsquo;accompagne chaque jour et j&rsquo;attends avec impatience les nouvelles propositions du duo Kuntzel et Deygas\u00a0&#8230; Passionn\u00e9e par les images cach\u00e9es et la&#8230;<\/p>\n","protected":false},"author":2,"featured_media":4889,"comment_status":"open","ping_status":"open","sticky":false,"template":"","format":"standard","meta":{"_kad_post_transparent":"","_kad_post_title":"","_kad_post_layout":"","_kad_post_sidebar_id":"","_kad_post_content_style":"","_kad_post_vertical_padding":"","_kad_post_feature":"","_kad_post_feature_position":"","_kad_post_header":false,"_kad_post_footer":false,"_kad_post_classname":"","footnotes":""},"categories":[6],"tags":[279,266,341,148,825,828,826,824,863,830,829,827,831,823,864],"class_list":["post-4761","post","type-post","status-publish","format-standard","has-post-thumbnail","hentry","category-blog","tag-anamorphose","tag-cinema-danimation","tag-flipbook","tag-georges-rousse","tag-illusions-optiques","tag-kim-pagel","tag-kuntzel-et-deygas","tag-la-petite-robe-noire-de-guerlain","tag-lacoste-live","tag-leffe-royal","tag-lego","tag-macdo","tag-optical-center","tag-pub","tag-zoer"],"_links":{"self":[{"href":"https:\/\/lafilledecorinthe.com\/wordpress\/wp-json\/wp\/v2\/posts\/4761","targetHints":{"allow":["GET"]}}],"collection":[{"href":"https:\/\/lafilledecorinthe.com\/wordpress\/wp-json\/wp\/v2\/posts"}],"about":[{"href":"https:\/\/lafilledecorinthe.com\/wordpress\/wp-json\/wp\/v2\/types\/post"}],"author":[{"embeddable":true,"href":"https:\/\/lafilledecorinthe.com\/wordpress\/wp-json\/wp\/v2\/users\/2"}],"replies":[{"embeddable":true,"href":"https:\/\/lafilledecorinthe.com\/wordpress\/wp-json\/wp\/v2\/comments?post=4761"}],"version-history":[{"count":37,"href":"https:\/\/lafilledecorinthe.com\/wordpress\/wp-json\/wp\/v2\/posts\/4761\/revisions"}],"predecessor-version":[{"id":15506,"href":"https:\/\/lafilledecorinthe.com\/wordpress\/wp-json\/wp\/v2\/posts\/4761\/revisions\/15506"}],"wp:featuredmedia":[{"embeddable":true,"href":"https:\/\/lafilledecorinthe.com\/wordpress\/wp-json\/wp\/v2\/media\/4889"}],"wp:attachment":[{"href":"https:\/\/lafilledecorinthe.com\/wordpress\/wp-json\/wp\/v2\/media?parent=4761"}],"wp:term":[{"taxonomy":"category","embeddable":true,"href":"https:\/\/lafilledecorinthe.com\/wordpress\/wp-json\/wp\/v2\/categories?post=4761"},{"taxonomy":"post_tag","embeddable":true,"href":"https:\/\/lafilledecorinthe.com\/wordpress\/wp-json\/wp\/v2\/tags?post=4761"}],"curies":[{"name":"wp","href":"https:\/\/api.w.org\/{rel}","templated":true}]}}