{"id":4759,"date":"2014-12-04T14:30:58","date_gmt":"2014-12-04T13:30:58","guid":{"rendered":"http:\/\/lafilledecorinthe.com\/wordpress\/?p=4759"},"modified":"2025-12-04T13:41:22","modified_gmt":"2025-12-04T12:41:22","slug":"ecole-et-cinema-95-pour-les-classes-maternelles-2","status":"publish","type":"post","link":"https:\/\/lafilledecorinthe.com\/wordpress\/2014\/12\/ecole-et-cinema-95-pour-les-classes-maternelles-2\/","title":{"rendered":"\u00ab\u00a0Ecole et cin\u00e9ma 95\u00a0\u00bb pour les classes maternelles"},"content":{"rendered":"\n<p>Deux tr\u00e8s beaux programmes de courts m\u00e9trages sont propos\u00e9s aux classes maternelles du Val d&rsquo;Oise.&nbsp;Con\u00e7ue par des associations de la r\u00e9gion parisienne attentives \u00e0 offrir un cin\u00e9ma de qualit\u00e9 aux tr\u00e8s jeunes spectateurs, <em>La petite fabrique du monde&nbsp;<\/em>ouvre la saison avec six films ing\u00e9nieux, malicieux, surprenants, brillants et \u00e9mouvants.<\/p>\n\n\n<div class=\"wp-block-image\">\n<figure class=\"aligncenter\"><a href=\"https:\/\/lafilledecorinthe.com\/wordpress\/wp-content\/uploads\/2014\/12\/Cr\u00e9ation-chien-chat_converti.jpg\"><img loading=\"lazy\" decoding=\"async\" width=\"1023\" height=\"570\" src=\"https:\/\/lafilledecorinthe.com\/wordpress\/wp-content\/uploads\/2014\/12\/Cr\u00e9ation-chien-chat_converti.jpg\" alt=\"La cr\u00e9ation de Cristina Lastrego et Francesco Testa, 2010\" class=\"wp-image-5684\" srcset=\"https:\/\/lafilledecorinthe.com\/wordpress\/wp-content\/uploads\/2014\/12\/Cr\u00e9ation-chien-chat_converti.jpg 1023w, https:\/\/lafilledecorinthe.com\/wordpress\/wp-content\/uploads\/2014\/12\/Cr\u00e9ation-chien-chat_converti-680x378.jpg 680w, https:\/\/lafilledecorinthe.com\/wordpress\/wp-content\/uploads\/2014\/12\/Cr\u00e9ation-chien-chat_converti-500x278.jpg 500w\" sizes=\"auto, (max-width: 1023px) 100vw, 1023px\" \/><\/a><figcaption class=\"wp-element-caption\">La cr\u00e9ation de Cristina Lastrego et Francesco Testa, 2010<\/figcaption><\/figure>\n<\/div>\n\n<div class=\"wp-block-image\">\n<figure class=\"aligncenter\"><a href=\"https:\/\/lafilledecorinthe.com\/wordpress\/wp-content\/uploads\/2014\/12\/bonhomme-de-sable_converti.jpg\"><img loading=\"lazy\" decoding=\"async\" width=\"1023\" height=\"575\" src=\"https:\/\/lafilledecorinthe.com\/wordpress\/wp-content\/uploads\/2014\/12\/bonhomme-de-sable_converti.jpg\" alt=\"Une bouteille \u00e0 la mer de Kirsten Lepore, 2012\" class=\"wp-image-5688\" srcset=\"https:\/\/lafilledecorinthe.com\/wordpress\/wp-content\/uploads\/2014\/12\/bonhomme-de-sable_converti.jpg 1023w, https:\/\/lafilledecorinthe.com\/wordpress\/wp-content\/uploads\/2014\/12\/bonhomme-de-sable_converti-680x382.jpg 680w, https:\/\/lafilledecorinthe.com\/wordpress\/wp-content\/uploads\/2014\/12\/bonhomme-de-sable_converti-500x281.jpg 500w\" sizes=\"auto, (max-width: 1023px) 100vw, 1023px\" \/><\/a><figcaption class=\"wp-element-caption\">Une bouteille \u00e0 la mer de Kirsten Lepore, 2012<\/figcaption><\/figure>\n<\/div>\n\n<div class=\"wp-block-image\">\n<figure class=\"aligncenter\"><a href=\"https:\/\/lafilledecorinthe.com\/wordpress\/wp-content\/uploads\/2014\/12\/fourmi12_converti.jpg\"><img loading=\"lazy\" decoding=\"async\" width=\"1028\" height=\"578\" src=\"https:\/\/lafilledecorinthe.com\/wordpress\/wp-content\/uploads\/2014\/12\/fourmi12_converti.jpg\" alt=\"Chinti de Natalia Mirzoyan, 2012\" class=\"wp-image-5689\" srcset=\"https:\/\/lafilledecorinthe.com\/wordpress\/wp-content\/uploads\/2014\/12\/fourmi12_converti.jpg 1028w, https:\/\/lafilledecorinthe.com\/wordpress\/wp-content\/uploads\/2014\/12\/fourmi12_converti-680x382.jpg 680w, https:\/\/lafilledecorinthe.com\/wordpress\/wp-content\/uploads\/2014\/12\/fourmi12_converti-500x281.jpg 500w\" sizes=\"auto, (max-width: 1028px) 100vw, 1028px\" \/><\/a><figcaption class=\"wp-element-caption\">Chinti de Natalia Mirzoyan, 2012<\/figcaption><\/figure>\n<\/div>\n\n<div class=\"wp-block-image\">\n<figure class=\"aligncenter\"><a href=\"https:\/\/lafilledecorinthe.com\/wordpress\/wp-content\/uploads\/2014\/12\/lutte2_converti.jpg\"><img loading=\"lazy\" decoding=\"async\" width=\"1021\" height=\"573\" src=\"https:\/\/lafilledecorinthe.com\/wordpress\/wp-content\/uploads\/2014\/12\/lutte2_converti.jpg\" alt=\"Feu follet de Sarah Wickens, 2009\" class=\"wp-image-5693\" srcset=\"https:\/\/lafilledecorinthe.com\/wordpress\/wp-content\/uploads\/2014\/12\/lutte2_converti.jpg 1021w, https:\/\/lafilledecorinthe.com\/wordpress\/wp-content\/uploads\/2014\/12\/lutte2_converti-680x381.jpg 680w, https:\/\/lafilledecorinthe.com\/wordpress\/wp-content\/uploads\/2014\/12\/lutte2_converti-500x280.jpg 500w\" sizes=\"auto, (max-width: 1021px) 100vw, 1021px\" \/><\/a><figcaption class=\"wp-element-caption\">Feu follet de Sarah Wickens, 2009<\/figcaption><\/figure>\n<\/div>\n\n<div class=\"wp-block-image\">\n<figure class=\"aligncenter\"><a href=\"https:\/\/lafilledecorinthe.com\/wordpress\/wp-content\/uploads\/2014\/12\/GF-13_converti.jpg\"><img loading=\"lazy\" decoding=\"async\" width=\"1021\" height=\"576\" src=\"https:\/\/lafilledecorinthe.com\/wordpress\/wp-content\/uploads\/2014\/12\/GF-13_converti.jpg\" alt=\"Grand fr\u00e8re de Jesus Perez et Elizabeth H\u00fcttermann, 2010\" class=\"wp-image-5695\" srcset=\"https:\/\/lafilledecorinthe.com\/wordpress\/wp-content\/uploads\/2014\/12\/GF-13_converti.jpg 1021w, https:\/\/lafilledecorinthe.com\/wordpress\/wp-content\/uploads\/2014\/12\/GF-13_converti-680x383.jpg 680w, https:\/\/lafilledecorinthe.com\/wordpress\/wp-content\/uploads\/2014\/12\/GF-13_converti-500x282.jpg 500w\" sizes=\"auto, (max-width: 1021px) 100vw, 1021px\" \/><\/a><figcaption class=\"wp-element-caption\">Grand fr\u00e8re de Jesus Perez et Elizabeth H\u00fcttermann, 2010<\/figcaption><\/figure>\n<\/div>\n\n<div class=\"wp-block-image\">\n<figure class=\"aligncenter\"><a href=\"https:\/\/lafilledecorinthe.com\/wordpress\/wp-content\/uploads\/2014\/12\/Dodu-14_converti.jpg\"><img loading=\"lazy\" decoding=\"async\" width=\"1021\" height=\"574\" src=\"https:\/\/lafilledecorinthe.com\/wordpress\/wp-content\/uploads\/2014\/12\/Dodu-14_converti.jpg\" alt=\"Dodu, l'enfant en carton de Jos\u00e9 Miguel Ribeiro, 2010\" class=\"wp-image-5696\" srcset=\"https:\/\/lafilledecorinthe.com\/wordpress\/wp-content\/uploads\/2014\/12\/Dodu-14_converti.jpg 1021w, https:\/\/lafilledecorinthe.com\/wordpress\/wp-content\/uploads\/2014\/12\/Dodu-14_converti-680x382.jpg 680w, https:\/\/lafilledecorinthe.com\/wordpress\/wp-content\/uploads\/2014\/12\/Dodu-14_converti-500x281.jpg 500w\" sizes=\"auto, (max-width: 1021px) 100vw, 1021px\" \/><\/a><figcaption class=\"wp-element-caption\">Dodu, l&rsquo;enfant en carton de Jos\u00e9 Miguel Ribeiro, 2010<\/figcaption><\/figure>\n<\/div>\n\n\n<p>Document accompagnant la conf\u00e9rence <a href=\"https:\/\/lafilledecorinthe.com\/wordpress\/wp-content\/uploads\/2014\/12\/LPFDM-.pdf\">LPFDM<\/a>, images s\u00e9quentielles&nbsp;<a href=\"https:\/\/lafilledecorinthe.com\/wordpress\/wp-content\/uploads\/2014\/12\/images-s\u00e9quentielles-Bottle-.pdf\">images s\u00e9quentielles Bottle<\/a>&nbsp;et un jeu&#8230;&nbsp;<a href=\"https:\/\/lafilledecorinthe.com\/wordpress\/wp-content\/uploads\/2014\/12\/\u2026-des-diff\u00e9rences.pdf\">\u2026 des diff\u00e9rences<\/a>&nbsp;avec Chinti.<\/p>\n\n\n\n<p>Kirsten Lepore, la r\u00e9alisatrice d&rsquo;<em>Une bouteille \u00e0 la mer <\/em>explique en anglais les bases de la technique du stop motion.<br><iframe loading=\"lazy\" title=\"YouTube video player\" src=\"https:\/\/www.youtube.com\/embed\/HSFoLX3GhVY?si=GbM2-npzwVzNL_Nr\" width=\"560\" height=\"315\" frameborder=\"0\" allowfullscreen=\"allowfullscreen\"><\/iframe><\/p>\n\n\n\n<p>Le Taj Mahal n&rsquo;est pas le seul monument a \u00eatre photographi\u00e9 par des hordes de touristes. <em>Take a rest !<\/em> Un film minute de Natalia Mirzoyan &#8230;<br><iframe loading=\"lazy\" src=\"https:\/\/player.vimeo.com\/video\/96431586?h=13f4e27df9\" width=\"640\" height=\"360\" frameborder=\"0\" allowfullscreen=\"allowfullscreen\"><\/iframe><\/p>\n\n\n\n<p><a href=\"https:\/\/vimeo.com\/96431586\">Take a Rest!<\/a> from <a href=\"https:\/\/vimeo.com\/nataliamirzoyan\">Natalia Mirzoyan<\/a> on <a href=\"https:\/\/vimeo.com\">Vimeo<\/a>.<\/p>\n\n\n\n<p>Au troisi\u00e8me trimestre, les enfants d\u00e9couvriront sur grand \u00e9cran le film&nbsp;<em>Princes et princesses <\/em>de Michel Ocelot. Les six histoires qui le composent invitent les enfants \u00e0 d\u00e9velopper leur propre monde merveilleux&#8230;Petit voyage dans les paysages des six contes&#8230;<\/p>\n\n\n<div class=\"wp-block-image\">\n<figure class=\"aligncenter\"><a href=\"https:\/\/lafilledecorinthe.com\/wordpress\/wp-content\/uploads\/2014\/12\/Princesse-paysage_converti.jpg\"><img loading=\"lazy\" decoding=\"async\" width=\"906\" height=\"570\" src=\"https:\/\/lafilledecorinthe.com\/wordpress\/wp-content\/uploads\/2014\/12\/Princesse-paysage_converti.jpg\" alt=\"La princesse des diamants\" class=\"wp-image-5714\" srcset=\"https:\/\/lafilledecorinthe.com\/wordpress\/wp-content\/uploads\/2014\/12\/Princesse-paysage_converti.jpg 906w, https:\/\/lafilledecorinthe.com\/wordpress\/wp-content\/uploads\/2014\/12\/Princesse-paysage_converti-680x427.jpg 680w, https:\/\/lafilledecorinthe.com\/wordpress\/wp-content\/uploads\/2014\/12\/Princesse-paysage_converti-476x300.jpg 476w\" sizes=\"auto, (max-width: 906px) 100vw, 906px\" \/><\/a><figcaption class=\"wp-element-caption\">La princesse des diamants<\/figcaption><\/figure>\n<\/div>\n\n<div class=\"wp-block-image\">\n<figure class=\"aligncenter\"><a href=\"https:\/\/lafilledecorinthe.com\/wordpress\/wp-content\/uploads\/2014\/12\/Egypte-paysage_converti.jpg\"><img loading=\"lazy\" decoding=\"async\" width=\"907\" height=\"572\" src=\"https:\/\/lafilledecorinthe.com\/wordpress\/wp-content\/uploads\/2014\/12\/Egypte-paysage_converti.jpg\" alt=\"Le gar\u00e7on des figues\" class=\"wp-image-5716\" srcset=\"https:\/\/lafilledecorinthe.com\/wordpress\/wp-content\/uploads\/2014\/12\/Egypte-paysage_converti.jpg 907w, https:\/\/lafilledecorinthe.com\/wordpress\/wp-content\/uploads\/2014\/12\/Egypte-paysage_converti-680x428.jpg 680w, https:\/\/lafilledecorinthe.com\/wordpress\/wp-content\/uploads\/2014\/12\/Egypte-paysage_converti-475x300.jpg 475w\" sizes=\"auto, (max-width: 907px) 100vw, 907px\" \/><\/a><figcaption class=\"wp-element-caption\">Le gar\u00e7on des figues<\/figcaption><\/figure>\n<\/div>\n\n<div class=\"wp-block-image\">\n<figure class=\"aligncenter\"><a href=\"https:\/\/lafilledecorinthe.com\/wordpress\/wp-content\/uploads\/2014\/12\/Sorci\u00e8re-latelier_converti.jpg\"><img loading=\"lazy\" decoding=\"async\" width=\"912\" height=\"573\" src=\"https:\/\/lafilledecorinthe.com\/wordpress\/wp-content\/uploads\/2014\/12\/Sorci\u00e8re-latelier_converti.jpg\" alt=\"La sorci\u00e8re\" class=\"wp-image-5717\" srcset=\"https:\/\/lafilledecorinthe.com\/wordpress\/wp-content\/uploads\/2014\/12\/Sorci\u00e8re-latelier_converti.jpg 912w, https:\/\/lafilledecorinthe.com\/wordpress\/wp-content\/uploads\/2014\/12\/Sorci\u00e8re-latelier_converti-680x427.jpg 680w, https:\/\/lafilledecorinthe.com\/wordpress\/wp-content\/uploads\/2014\/12\/Sorci\u00e8re-latelier_converti-477x300.jpg 477w\" sizes=\"auto, (max-width: 912px) 100vw, 912px\" \/><\/a><figcaption class=\"wp-element-caption\">La sorci\u00e8re<\/figcaption><\/figure>\n<\/div>\n\n<div class=\"wp-block-image\">\n<figure class=\"aligncenter\"><a href=\"https:\/\/lafilledecorinthe.com\/wordpress\/wp-content\/uploads\/2014\/12\/manteau-d\u00e9cors-2_converti.jpg\"><img loading=\"lazy\" decoding=\"async\" width=\"1018\" height=\"568\" src=\"https:\/\/lafilledecorinthe.com\/wordpress\/wp-content\/uploads\/2014\/12\/manteau-d\u00e9cors-2_converti.jpg\" alt=\"Le manteau de la vieille dame\" class=\"wp-image-5718\" srcset=\"https:\/\/lafilledecorinthe.com\/wordpress\/wp-content\/uploads\/2014\/12\/manteau-d\u00e9cors-2_converti.jpg 1018w, https:\/\/lafilledecorinthe.com\/wordpress\/wp-content\/uploads\/2014\/12\/manteau-d\u00e9cors-2_converti-680x379.jpg 680w, https:\/\/lafilledecorinthe.com\/wordpress\/wp-content\/uploads\/2014\/12\/manteau-d\u00e9cors-2_converti-500x278.jpg 500w\" sizes=\"auto, (max-width: 1018px) 100vw, 1018px\" \/><\/a><figcaption class=\"wp-element-caption\">Le manteau de la vieille dame<\/figcaption><\/figure>\n<\/div>\n\n<div class=\"wp-block-image\">\n<figure class=\"aligncenter\"><a href=\"https:\/\/lafilledecorinthe.com\/wordpress\/wp-content\/uploads\/2014\/12\/Egypte-paysage_converti1.jpg\"><img loading=\"lazy\" decoding=\"async\" width=\"907\" height=\"572\" src=\"https:\/\/lafilledecorinthe.com\/wordpress\/wp-content\/uploads\/2014\/12\/Egypte-paysage_converti1.jpg\" alt=\"La reine cruelle\" class=\"wp-image-5720\" srcset=\"https:\/\/lafilledecorinthe.com\/wordpress\/wp-content\/uploads\/2014\/12\/Egypte-paysage_converti1.jpg 907w, https:\/\/lafilledecorinthe.com\/wordpress\/wp-content\/uploads\/2014\/12\/Egypte-paysage_converti1-680x428.jpg 680w, https:\/\/lafilledecorinthe.com\/wordpress\/wp-content\/uploads\/2014\/12\/Egypte-paysage_converti1-475x300.jpg 475w\" sizes=\"auto, (max-width: 907px) 100vw, 907px\" \/><\/a><figcaption class=\"wp-element-caption\">La reine cruelle<\/figcaption><\/figure>\n<\/div>\n\n<div class=\"wp-block-image\">\n<figure class=\"aligncenter\"><a href=\"https:\/\/lafilledecorinthe.com\/wordpress\/wp-content\/uploads\/2014\/12\/P-et-P-lune_converti1.jpg\"><img loading=\"lazy\" decoding=\"async\" width=\"905\" height=\"574\" src=\"https:\/\/lafilledecorinthe.com\/wordpress\/wp-content\/uploads\/2014\/12\/P-et-P-lune_converti1.jpg\" alt=\"Prince et princesse\" class=\"wp-image-5722\" srcset=\"https:\/\/lafilledecorinthe.com\/wordpress\/wp-content\/uploads\/2014\/12\/P-et-P-lune_converti1.jpg 905w, https:\/\/lafilledecorinthe.com\/wordpress\/wp-content\/uploads\/2014\/12\/P-et-P-lune_converti1-680x431.jpg 680w, https:\/\/lafilledecorinthe.com\/wordpress\/wp-content\/uploads\/2014\/12\/P-et-P-lune_converti1-472x300.jpg 472w\" sizes=\"auto, (max-width: 905px) 100vw, 905px\" \/><\/a><figcaption class=\"wp-element-caption\">Prince et princesse<\/figcaption><\/figure>\n<\/div>\n\n\n<p>Document accompagnant la conf\u00e9rence&nbsp;<a href=\"https:\/\/lafilledecorinthe.com\/wordpress\/wp-content\/uploads\/2014\/12\/Princes-et-princesses.pdf\">Princes et princesses<\/a><\/p>\n\n\n\n<p>Et pour finir en musique, le clip&nbsp;<em>Earth Intruders&nbsp;<\/em>de&nbsp;Bj\u00f4rk r\u00e9alis\u00e9 par&nbsp;Michel Ocelot.<br><iframe loading=\"lazy\" title=\"YouTube video player\" src=\"https:\/\/www.youtube.com\/embed\/mxUjMxz3rBo?si=9sg9fRc7lAE9maD5\" width=\"560\" height=\"315\" frameborder=\"0\" allowfullscreen=\"allowfullscreen\"><\/iframe><\/p>\n\n\n\n<p>Michel Ocelot parle de sa collaboration avec Bj\u00f4rk&#8230;<br><iframe loading=\"lazy\" title=\"YouTube video player\" src=\"https:\/\/www.youtube.com\/embed\/4t3vcg5zvuo?si=rbXz5V70z9_eFjrQ\" width=\"560\" height=\"315\" frameborder=\"0\" allowfullscreen=\"allowfullscreen\"><\/iframe><\/p>\n","protected":false},"excerpt":{"rendered":"<p>Deux tr\u00e8s beaux programmes de courts m\u00e9trages sont propos\u00e9s aux classes maternelles du Val d&rsquo;Oise.&nbsp;Con\u00e7ue par des associations de la r\u00e9gion parisienne attentives \u00e0 offrir un cin\u00e9ma de qualit\u00e9 aux tr\u00e8s jeunes spectateurs, La petite fabrique du monde&nbsp;ouvre la saison avec six films ing\u00e9nieux, malicieux, surprenants, brillants et \u00e9mouvants. Document accompagnant la conf\u00e9rence LPFDM, images&#8230;<\/p>\n","protected":false},"author":2,"featured_media":5692,"comment_status":"open","ping_status":"open","sticky":false,"template":"","format":"standard","meta":{"_kad_post_transparent":"","_kad_post_title":"","_kad_post_layout":"","_kad_post_sidebar_id":"","_kad_post_content_style":"","_kad_post_vertical_padding":"","_kad_post_feature":"","_kad_post_feature_position":"","_kad_post_header":false,"_kad_post_footer":false,"_kad_post_classname":"","footnotes":""},"categories":[8],"tags":[215,957,952,955,357,953,954,956,950,625,958,951],"class_list":["post-4759","post","type-post","status-publish","format-standard","has-post-thumbnail","hentry","category-formations-adultes","tag-ecole-et-cinema-95","tag-canope-95","tag-chinti-de-natalia-mirzoyan","tag-dodu","tag-ecole-maternelle","tag-feu-follet-de-sarah-wickens","tag-grand-frere-de-jesus-perez-et-elizabeth-huttermann","tag-lenfant-en-carton-de-jose-miguel-ribeiro","tag-la-creation-de-cristina-lastrego-et-francesco-testa","tag-la-petite-fabrique-du-monde","tag-princes-et-princesses-de-michel-ocelot","tag-une-bouteille-a-la-mer-de-kirsten-lepore"],"_links":{"self":[{"href":"https:\/\/lafilledecorinthe.com\/wordpress\/wp-json\/wp\/v2\/posts\/4759","targetHints":{"allow":["GET"]}}],"collection":[{"href":"https:\/\/lafilledecorinthe.com\/wordpress\/wp-json\/wp\/v2\/posts"}],"about":[{"href":"https:\/\/lafilledecorinthe.com\/wordpress\/wp-json\/wp\/v2\/types\/post"}],"author":[{"embeddable":true,"href":"https:\/\/lafilledecorinthe.com\/wordpress\/wp-json\/wp\/v2\/users\/2"}],"replies":[{"embeddable":true,"href":"https:\/\/lafilledecorinthe.com\/wordpress\/wp-json\/wp\/v2\/comments?post=4759"}],"version-history":[{"count":55,"href":"https:\/\/lafilledecorinthe.com\/wordpress\/wp-json\/wp\/v2\/posts\/4759\/revisions"}],"predecessor-version":[{"id":11986,"href":"https:\/\/lafilledecorinthe.com\/wordpress\/wp-json\/wp\/v2\/posts\/4759\/revisions\/11986"}],"wp:featuredmedia":[{"embeddable":true,"href":"https:\/\/lafilledecorinthe.com\/wordpress\/wp-json\/wp\/v2\/media\/5692"}],"wp:attachment":[{"href":"https:\/\/lafilledecorinthe.com\/wordpress\/wp-json\/wp\/v2\/media?parent=4759"}],"wp:term":[{"taxonomy":"category","embeddable":true,"href":"https:\/\/lafilledecorinthe.com\/wordpress\/wp-json\/wp\/v2\/categories?post=4759"},{"taxonomy":"post_tag","embeddable":true,"href":"https:\/\/lafilledecorinthe.com\/wordpress\/wp-json\/wp\/v2\/tags?post=4759"}],"curies":[{"name":"wp","href":"https:\/\/api.w.org\/{rel}","templated":true}]}}