{"id":4743,"date":"2014-06-29T10:12:20","date_gmt":"2014-06-29T09:12:20","guid":{"rendered":"http:\/\/lafilledecorinthe.com\/wordpress\/?p=4743"},"modified":"2025-12-09T17:04:22","modified_gmt":"2025-12-09T16:04:22","slug":"le-cinema-danimation-en-1964","status":"publish","type":"post","link":"https:\/\/lafilledecorinthe.com\/wordpress\/2014\/06\/le-cinema-danimation-en-1964\/","title":{"rendered":"Le cin\u00e9ma d&rsquo;animation en 1964 &#8230;"},"content":{"rendered":"\n<p>Pour des raisons tr\u00e8s personnelles, je me suis amus\u00e9e \u00e0 rechercher quels \u00e9taient les films d&rsquo;animation sortis en 1964. Je me suis attach\u00e9e aux courts m\u00e9trages qui repr\u00e9sentent l&rsquo;essentiel de la production. De nombreuses d\u00e9couvertes avec parfois de tr\u00e8s jolis cadeaux&#8230; Liste non exhaustive qui ne demande qu&rsquo;\u00e0 s&rsquo;enrichir &#8230;<\/p>\n\n\n\n<figure class=\"wp-block-image size-full\"><img loading=\"lazy\" decoding=\"async\" width=\"700\" height=\"395\" src=\"https:\/\/lafilledecorinthe.com\/wordpress\/wp-content\/uploads\/2014\/06\/La-sirene-dOsamu-Tezuka-Japon.jpg\" alt=\"\" class=\"wp-image-15355\" srcset=\"https:\/\/lafilledecorinthe.com\/wordpress\/wp-content\/uploads\/2014\/06\/La-sirene-dOsamu-Tezuka-Japon.jpg 700w, https:\/\/lafilledecorinthe.com\/wordpress\/wp-content\/uploads\/2014\/06\/La-sirene-dOsamu-Tezuka-Japon-680x384.jpg 680w\" sizes=\"auto, (max-width: 700px) 100vw, 700px\" \/><\/figure>\n\n\n\n<p><em>La sir\u00e8ne<\/em> d&rsquo;Osamu Tezuka, Japon<br><\/p>\n\n\n\n<figure class=\"wp-block-embed is-type-video is-provider-youtube wp-block-embed-youtube wp-embed-aspect-4-3 wp-has-aspect-ratio\"><div class=\"wp-block-embed__wrapper\">\n<iframe loading=\"lazy\" title=\"[Official Anime]Memory\" width=\"720\" height=\"540\" src=\"https:\/\/www.youtube.com\/embed\/l33diY4mQN8?feature=oembed\" frameborder=\"0\" allow=\"accelerometer; autoplay; clipboard-write; encrypted-media; gyroscope; picture-in-picture; web-share\" referrerpolicy=\"strict-origin-when-cross-origin\" allowfullscreen><\/iframe>\n<\/div><\/figure>\n\n\n\n<p><\/p>\n\n\n\n<figure class=\"wp-block-embed is-type-video is-provider-youtube wp-block-embed-youtube wp-embed-aspect-4-3 wp-has-aspect-ratio\"><div class=\"wp-block-embed__wrapper\">\n<iframe loading=\"lazy\" title=\"Yoji Kuri - Aos\" width=\"720\" height=\"540\" src=\"https:\/\/www.youtube.com\/embed\/M3pAHkkn81E?feature=oembed\" frameborder=\"0\" allow=\"accelerometer; autoplay; clipboard-write; encrypted-media; gyroscope; picture-in-picture; web-share\" referrerpolicy=\"strict-origin-when-cross-origin\" allowfullscreen><\/iframe>\n<\/div><\/figure>\n\n\n\n<p><\/p>\n\n\n\n<figure class=\"wp-block-embed is-type-video is-provider-youtube wp-block-embed-youtube wp-embed-aspect-16-9 wp-has-aspect-ratio\"><div class=\"wp-block-embed__wrapper\">\n<iframe loading=\"lazy\" title=\"The Pink Panther: The Pink Phink (1964) 4K Remastered | DePatie-Freleng Enterprises\" width=\"720\" height=\"405\" src=\"https:\/\/www.youtube.com\/embed\/CZK0N7xKLrw?feature=oembed\" frameborder=\"0\" allow=\"accelerometer; autoplay; clipboard-write; encrypted-media; gyroscope; picture-in-picture; web-share\" referrerpolicy=\"strict-origin-when-cross-origin\" allowfullscreen><\/iframe>\n<\/div><\/figure>\n\n\n\n<p><\/p>\n\n\n\n<figure class=\"wp-block-embed is-type-video is-provider-youtube wp-block-embed-youtube wp-embed-aspect-4-3 wp-has-aspect-ratio\"><div class=\"wp-block-embed__wrapper\">\n<iframe loading=\"lazy\" title=\"Norman Mclaren - Canon (1964)\" width=\"720\" height=\"540\" src=\"https:\/\/www.youtube.com\/embed\/2VrnXw9waJI?start=2&#038;feature=oembed\" frameborder=\"0\" allow=\"accelerometer; autoplay; clipboard-write; encrypted-media; gyroscope; picture-in-picture; web-share\" referrerpolicy=\"strict-origin-when-cross-origin\" allowfullscreen><\/iframe>\n<\/div><\/figure>\n\n\n\n<p><\/p>\n\n\n\n<figure class=\"wp-block-embed is-type-video is-provider-youtube wp-block-embed-youtube wp-embed-aspect-16-9 wp-has-aspect-ratio\"><div class=\"wp-block-embed__wrapper\">\n<iframe loading=\"lazy\" title=\"Vau vau (Boris Kolar, 1964.)\" width=\"720\" height=\"405\" src=\"https:\/\/www.youtube.com\/embed\/VHTfXra8cKE?feature=oembed\" frameborder=\"0\" allow=\"accelerometer; autoplay; clipboard-write; encrypted-media; gyroscope; picture-in-picture; web-share\" referrerpolicy=\"strict-origin-when-cross-origin\" allowfullscreen><\/iframe>\n<\/div><\/figure>\n\n\n\n<p><\/p>\n\n\n\n<figure class=\"wp-block-embed is-type-video is-provider-youtube wp-block-embed-youtube wp-embed-aspect-4-3 wp-has-aspect-ratio\"><div class=\"wp-block-embed__wrapper\">\n<iframe loading=\"lazy\" title=\"Winnie l&#039;ourson russe (sous-titr\u00e9 en fran\u00e7ais)\" width=\"720\" height=\"540\" src=\"https:\/\/www.youtube.com\/embed\/gP0N6Ymd7GE?feature=oembed\" frameborder=\"0\" allow=\"accelerometer; autoplay; clipboard-write; encrypted-media; gyroscope; picture-in-picture; web-share\" referrerpolicy=\"strict-origin-when-cross-origin\" allowfullscreen><\/iframe>\n<\/div><\/figure>\n\n\n\n<p><\/p>\n\n\n\n<figure class=\"wp-block-embed is-type-video is-provider-dailymotion wp-block-embed-dailymotion wp-embed-aspect-16-9 wp-has-aspect-ratio\"><div class=\"wp-block-embed__wrapper\">\n<iframe loading=\"lazy\" title=\"La pie voleuse d&#039;Emanuele Luzzati, Giulio Gianini - Extrait la pie voleuse\" frameborder=\"0\" width=\"720\" height=\"404\" src=\"https:\/\/geo.dailymotion.com\/player.html?video=x1zudjn&#038;\" allowfullscreen allow=\"autoplay; fullscreen; picture-in-picture; web-share\"><\/iframe>\n<\/div><\/figure>\n\n\n\n<p><\/p>\n\n\n\n<figure class=\"wp-block-embed is-type-video is-provider-youtube wp-block-embed-youtube wp-embed-aspect-4-3 wp-has-aspect-ratio\"><div class=\"wp-block-embed__wrapper\">\n<iframe loading=\"lazy\" title=\"Walerian Borowczyk &quot;Les Jeux des Anges&quot; (1964)\" width=\"720\" height=\"540\" src=\"https:\/\/www.youtube.com\/embed\/mq7ugNkM7Cg?feature=oembed\" frameborder=\"0\" allow=\"accelerometer; autoplay; clipboard-write; encrypted-media; gyroscope; picture-in-picture; web-share\" referrerpolicy=\"strict-origin-when-cross-origin\" allowfullscreen><\/iframe>\n<\/div><\/figure>\n\n\n\n<p><\/p>\n\n\n\n<figure class=\"wp-block-embed is-type-video is-provider-youtube wp-block-embed-youtube wp-embed-aspect-4-3 wp-has-aspect-ratio\"><div class=\"wp-block-embed__wrapper\">\n<iframe loading=\"lazy\" title=\"Rene Laloux - Les Temps Morts\" width=\"720\" height=\"540\" src=\"https:\/\/www.youtube.com\/embed\/s1vHUbnVNiA?feature=oembed\" frameborder=\"0\" allow=\"accelerometer; autoplay; clipboard-write; encrypted-media; gyroscope; picture-in-picture; web-share\" referrerpolicy=\"strict-origin-when-cross-origin\" allowfullscreen><\/iframe>\n<\/div><\/figure>\n\n\n\n<p><\/p>\n\n\n\n<figure class=\"wp-block-embed is-type-video is-provider-youtube wp-block-embed-youtube wp-embed-aspect-4-3 wp-has-aspect-ratio\"><div class=\"wp-block-embed__wrapper\">\n<iframe loading=\"lazy\" title=\"Les oiseaux sont des cons\" width=\"720\" height=\"540\" src=\"https:\/\/www.youtube.com\/embed\/rzUfHo6zr0M?feature=oembed\" frameborder=\"0\" allow=\"accelerometer; autoplay; clipboard-write; encrypted-media; gyroscope; picture-in-picture; web-share\" referrerpolicy=\"strict-origin-when-cross-origin\" allowfullscreen><\/iframe>\n<\/div><\/figure>\n\n\n\n<p>Et aussi &#8230;<\/p>\n\n\n\n<p><em>Le dernier truc de M.Schwarzwald et de M.Edgar <\/em>de Jan Svankmajer, Tch\u00e9coslovaquie<\/p>\n\n\n<div class=\"wp-block-image\">\n<figure class=\"aligncenter\"><a href=\"https:\/\/lafilledecorinthe.com\/wordpress\/wp-content\/uploads\/2014\/06\/1964.png\"><img loading=\"lazy\" decoding=\"async\" width=\"800\" height=\"615\" src=\"https:\/\/lafilledecorinthe.com\/wordpress\/wp-content\/uploads\/2014\/06\/1964.png\" alt=\"1964\" class=\"wp-image-5410\" srcset=\"https:\/\/lafilledecorinthe.com\/wordpress\/wp-content\/uploads\/2014\/06\/1964.png 800w, https:\/\/lafilledecorinthe.com\/wordpress\/wp-content\/uploads\/2014\/06\/1964-680x522.png 680w, https:\/\/lafilledecorinthe.com\/wordpress\/wp-content\/uploads\/2014\/06\/1964-390x300.png 390w\" sizes=\"auto, (max-width: 800px) 100vw, 800px\" \/><\/a><\/figure>\n<\/div>\n\n\n<p><\/p>\n","protected":false},"excerpt":{"rendered":"<p>Pour des raisons tr\u00e8s personnelles, je me suis amus\u00e9e \u00e0 rechercher quels \u00e9taient les films d&rsquo;animation sortis en 1964. Je me suis attach\u00e9e aux courts m\u00e9trages qui repr\u00e9sentent l&rsquo;essentiel de la production. De nombreuses d\u00e9couvertes avec parfois de tr\u00e8s jolis cadeaux&#8230; Liste non exhaustive qui ne demande qu&rsquo;\u00e0 s&rsquo;enrichir &#8230; La sir\u00e8ne d&rsquo;Osamu Tezuka, Japon&#8230;<\/p>\n","protected":false},"author":2,"featured_media":5100,"comment_status":"open","ping_status":"open","sticky":false,"template":"","format":"standard","meta":{"_kad_post_transparent":"","_kad_post_title":"","_kad_post_layout":"","_kad_post_sidebar_id":"","_kad_post_content_style":"","_kad_post_vertical_padding":"","_kad_post_feature":"","_kad_post_feature_position":"","_kad_post_header":false,"_kad_post_footer":false,"_kad_post_classname":"","footnotes":""},"categories":[6],"tags":[854,856,906,859,860,852,905,861,862,853,855,858,857],"class_list":["post-4743","post","type-post","status-publish","format-standard","has-post-thumbnail","hentry","category-blog","tag-a-o-s-de-yoji-kuri","tag-canon-de-norman-mac-laren","tag-jan-svankmajer","tag-lourson-toptyzka-de-fyodor-khitrouk","tag-la-pie-voleuse-demanuele-luzzati-et-giulio-gianini","tag-la-sirene-dosamu-tezuka","tag-le-dernier-truc-de-m-schwarzwald-et-de-m-edgar","tag-les-jeux-des-anges-de-walerian-borowczyk","tag-les-temps-morts-de-rene-laloux","tag-memoire-dosamu-tezuka","tag-the-pink-phink-de-friz-freleng","tag-une-histoire-romantique-de-gyula-macskassy","tag-vau-vau-de-boris-kolar"],"_links":{"self":[{"href":"https:\/\/lafilledecorinthe.com\/wordpress\/wp-json\/wp\/v2\/posts\/4743","targetHints":{"allow":["GET"]}}],"collection":[{"href":"https:\/\/lafilledecorinthe.com\/wordpress\/wp-json\/wp\/v2\/posts"}],"about":[{"href":"https:\/\/lafilledecorinthe.com\/wordpress\/wp-json\/wp\/v2\/types\/post"}],"author":[{"embeddable":true,"href":"https:\/\/lafilledecorinthe.com\/wordpress\/wp-json\/wp\/v2\/users\/2"}],"replies":[{"embeddable":true,"href":"https:\/\/lafilledecorinthe.com\/wordpress\/wp-json\/wp\/v2\/comments?post=4743"}],"version-history":[{"count":49,"href":"https:\/\/lafilledecorinthe.com\/wordpress\/wp-json\/wp\/v2\/posts\/4743\/revisions"}],"predecessor-version":[{"id":15359,"href":"https:\/\/lafilledecorinthe.com\/wordpress\/wp-json\/wp\/v2\/posts\/4743\/revisions\/15359"}],"wp:featuredmedia":[{"embeddable":true,"href":"https:\/\/lafilledecorinthe.com\/wordpress\/wp-json\/wp\/v2\/media\/5100"}],"wp:attachment":[{"href":"https:\/\/lafilledecorinthe.com\/wordpress\/wp-json\/wp\/v2\/media?parent=4743"}],"wp:term":[{"taxonomy":"category","embeddable":true,"href":"https:\/\/lafilledecorinthe.com\/wordpress\/wp-json\/wp\/v2\/categories?post=4743"},{"taxonomy":"post_tag","embeddable":true,"href":"https:\/\/lafilledecorinthe.com\/wordpress\/wp-json\/wp\/v2\/tags?post=4743"}],"curies":[{"name":"wp","href":"https:\/\/api.w.org\/{rel}","templated":true}]}}