{"id":4702,"date":"2014-05-27T13:13:18","date_gmt":"2014-05-27T12:13:18","guid":{"rendered":"http:\/\/lafilledecorinthe.com\/wordpress\/?p=4702"},"modified":"2025-12-07T22:16:53","modified_gmt":"2025-12-07T21:16:53","slug":"photographier-pour-mieux-regarder","status":"publish","type":"post","link":"https:\/\/lafilledecorinthe.com\/wordpress\/2014\/05\/photographier-pour-mieux-regarder\/","title":{"rendered":"Photographier pour mieux regarder&#8230;"},"content":{"rendered":"\n<p>Photographier pour mieux regarder autour de soi et d\u00e9couvrir autrement le quartier dans lequel les enfants vivent au quotidien&#8230;<br>A l&rsquo;initiative de leurs enseignantes, trois classes de l&rsquo;\u00e9cole Maritain-Renan de Meudon se sont engag\u00e9es dans un projet ambitieux sur l&rsquo;architecture et le patrimoine. D\u00e9couvrir les archives de la ville, sortir avec un <a href=\"http:\/\/www.parishistoirevivante.com\/\" target=\"_blank\" rel=\"noopener\">guide-conf\u00e9rencier<\/a> ont \u00e9t\u00e9 les premi\u00e8res \u00e9tapes avant nos \u00ab\u00a0sorties photos\u00a0\u00bb.<br>out d&rsquo;abord, nous avons tent\u00e9 de d\u00e9finir ce qu&rsquo;est une photographie. Premi\u00e8re approche de l&rsquo;objet technique et de l&rsquo;histoire de la photographie : de la chambre noire aux premi\u00e8res images captur\u00e9es par Ni\u00e9pce et Daguerre &#8230;<\/p>\n\n\n<div class=\"wp-block-image\">\n<figure class=\"aligncenter\"><a href=\"https:\/\/lafilledecorinthe.com\/wordpress\/wp-content\/uploads\/2014\/05\/chambre-noire.jpg\"><img loading=\"lazy\" decoding=\"async\" width=\"3072\" height=\"2304\" src=\"https:\/\/lafilledecorinthe.com\/wordpress\/wp-content\/uploads\/2014\/05\/chambre-noire.jpg\" alt=\"L'origine de l'appareil photo, la chambre noire ...\" class=\"wp-image-4967\" srcset=\"https:\/\/lafilledecorinthe.com\/wordpress\/wp-content\/uploads\/2014\/05\/chambre-noire.jpg 3072w, https:\/\/lafilledecorinthe.com\/wordpress\/wp-content\/uploads\/2014\/05\/chambre-noire-680x510.jpg 680w, https:\/\/lafilledecorinthe.com\/wordpress\/wp-content\/uploads\/2014\/05\/chambre-noire-1280x960.jpg 1280w, https:\/\/lafilledecorinthe.com\/wordpress\/wp-content\/uploads\/2014\/05\/chambre-noire-400x300.jpg 400w\" sizes=\"auto, (max-width: 3072px) 100vw, 3072px\" \/><\/a><figcaption class=\"wp-element-caption\">L&rsquo;origine de l&rsquo;appareil photo, la chambre noire &#8230;<\/figcaption><\/figure>\n<\/div>\n\n\n<p>Puis nous avons r\u00e9fl\u00e9chi sur l&rsquo;usage des photographies, \u00e0 quoi servent-elles ? &nbsp;Se souvenir, partager, t\u00e9moigner, mieux regarder, se faire plaisir, faire de belles images et &#8230; fabriquer des jeux !<\/p>\n\n\n<div class=\"wp-block-image\">\n<figure class=\"aligncenter\"><a href=\"https:\/\/lafilledecorinthe.com\/wordpress\/wp-content\/uploads\/2014\/05\/journaliste5.jpg\"><img loading=\"lazy\" decoding=\"async\" width=\"2592\" height=\"1944\" src=\"https:\/\/lafilledecorinthe.com\/wordpress\/wp-content\/uploads\/2014\/05\/journaliste5.jpg\" alt=\"Quelques consignes avant la sortie photo ...\" class=\"wp-image-4789\" srcset=\"https:\/\/lafilledecorinthe.com\/wordpress\/wp-content\/uploads\/2014\/05\/journaliste5.jpg 2592w, https:\/\/lafilledecorinthe.com\/wordpress\/wp-content\/uploads\/2014\/05\/journaliste5-680x510.jpg 680w, https:\/\/lafilledecorinthe.com\/wordpress\/wp-content\/uploads\/2014\/05\/journaliste5-1280x960.jpg 1280w, https:\/\/lafilledecorinthe.com\/wordpress\/wp-content\/uploads\/2014\/05\/journaliste5-400x300.jpg 400w\" sizes=\"auto, (max-width: 2592px) 100vw, 2592px\" \/><\/a><figcaption class=\"wp-element-caption\">Quelques consignes avant la sortie photo &#8230;<\/figcaption><\/figure>\n<\/div>\n\n\n<p>Les CE1 et CE2 ont fabriqu\u00e9 un jeu de dominos des contraires photographiques en explorant la terrasse du ch\u00e2teau de Bellevue alors que les CP ont pr\u00e9par\u00e9 un jeu de m\u00e9mory photographique au Potager du Dauphin.<\/p>\n\n\n\n<p>Toutes les <a title=\"Mes albums\" href=\"https:\/\/lafilledecorinthe.com\/wordpress\/mes-albums\/\" target=\"_blank\" rel=\"noopener\">photos<\/a> illustrant cet article ont \u00e9t\u00e9 prises par les enfants. Nos journalistes reporters ont relev\u00e9 le d\u00e9fi avec brio, bravo !<\/p>\n\n\n<div class=\"wp-block-image\">\n<figure class=\"aligncenter\"><a href=\"https:\/\/lafilledecorinthe.com\/wordpress\/wp-content\/uploads\/2014\/05\/flo.jpg\"><img loading=\"lazy\" decoding=\"async\" width=\"600\" height=\"437\" src=\"https:\/\/lafilledecorinthe.com\/wordpress\/wp-content\/uploads\/2014\/05\/flo.jpg\" alt=\"A vous de jouer !\" class=\"wp-image-5040\" srcset=\"https:\/\/lafilledecorinthe.com\/wordpress\/wp-content\/uploads\/2014\/05\/flo.jpg 600w, https:\/\/lafilledecorinthe.com\/wordpress\/wp-content\/uploads\/2014\/05\/flo-411x300.jpg 411w\" sizes=\"auto, (max-width: 600px) 100vw, 600px\" \/><\/a><figcaption class=\"wp-element-caption\">A vous de jouer !<\/figcaption><\/figure>\n<\/div>","protected":false},"excerpt":{"rendered":"<p>Photographier pour mieux regarder autour de soi et d\u00e9couvrir autrement le quartier dans lequel les enfants vivent au quotidien&#8230;A l&rsquo;initiative de leurs enseignantes, trois classes de l&rsquo;\u00e9cole Maritain-Renan de Meudon se sont engag\u00e9es dans un projet ambitieux sur l&rsquo;architecture et le patrimoine. D\u00e9couvrir les archives de la ville, sortir avec un guide-conf\u00e9rencier ont \u00e9t\u00e9 les&#8230;<\/p>\n","protected":false},"author":2,"featured_media":4703,"comment_status":"open","ping_status":"open","sticky":false,"template":"","format":"standard","meta":{"_kad_post_transparent":"","_kad_post_title":"","_kad_post_layout":"","_kad_post_sidebar_id":"","_kad_post_content_style":"","_kad_post_vertical_padding":"","_kad_post_feature":"","_kad_post_feature_position":"","_kad_post_header":false,"_kad_post_footer":false,"_kad_post_classname":"","footnotes":""},"categories":[7],"tags":[837,167,838,840,839],"class_list":["post-4702","post","type-post","status-publish","format-standard","has-post-thumbnail","hentry","category-ateliers-enfants","tag-atelier-photographique","tag-chambre-noire","tag-ecole-maritain-renan","tag-loto-photographique","tag-memory-photographique"],"_links":{"self":[{"href":"https:\/\/lafilledecorinthe.com\/wordpress\/wp-json\/wp\/v2\/posts\/4702","targetHints":{"allow":["GET"]}}],"collection":[{"href":"https:\/\/lafilledecorinthe.com\/wordpress\/wp-json\/wp\/v2\/posts"}],"about":[{"href":"https:\/\/lafilledecorinthe.com\/wordpress\/wp-json\/wp\/v2\/types\/post"}],"author":[{"embeddable":true,"href":"https:\/\/lafilledecorinthe.com\/wordpress\/wp-json\/wp\/v2\/users\/2"}],"replies":[{"embeddable":true,"href":"https:\/\/lafilledecorinthe.com\/wordpress\/wp-json\/wp\/v2\/comments?post=4702"}],"version-history":[{"count":70,"href":"https:\/\/lafilledecorinthe.com\/wordpress\/wp-json\/wp\/v2\/posts\/4702\/revisions"}],"predecessor-version":[{"id":15081,"href":"https:\/\/lafilledecorinthe.com\/wordpress\/wp-json\/wp\/v2\/posts\/4702\/revisions\/15081"}],"wp:featuredmedia":[{"embeddable":true,"href":"https:\/\/lafilledecorinthe.com\/wordpress\/wp-json\/wp\/v2\/media\/4703"}],"wp:attachment":[{"href":"https:\/\/lafilledecorinthe.com\/wordpress\/wp-json\/wp\/v2\/media?parent=4702"}],"wp:term":[{"taxonomy":"category","embeddable":true,"href":"https:\/\/lafilledecorinthe.com\/wordpress\/wp-json\/wp\/v2\/categories?post=4702"},{"taxonomy":"post_tag","embeddable":true,"href":"https:\/\/lafilledecorinthe.com\/wordpress\/wp-json\/wp\/v2\/tags?post=4702"}],"curies":[{"name":"wp","href":"https:\/\/api.w.org\/{rel}","templated":true}]}}