{"id":4694,"date":"2014-05-03T12:27:46","date_gmt":"2014-05-03T11:27:46","guid":{"rendered":"http:\/\/lafilledecorinthe.com\/wordpress\/?p=4694"},"modified":"2025-12-10T18:12:12","modified_gmt":"2025-12-10T17:12:12","slug":"motion-factory-a-la-gaite-lyrique","status":"publish","type":"post","link":"https:\/\/lafilledecorinthe.com\/wordpress\/2014\/05\/motion-factory-a-la-gaite-lyrique\/","title":{"rendered":"motion factory \u00e0 la Ga\u00eet\u00e9 lyrique"},"content":{"rendered":"\n<p>La Ga\u00eet\u00e9 lyrique, espace d\u00e9di\u00e9 aux arts num\u00e9riques, accueille jusqu&rsquo;\u00e0 la mi-ao\u00fbt une exposition sur le cin\u00e9ma d&rsquo;animation. L&rsquo;affiche pr\u00e9sentant l&rsquo;\u00e9v\u00e8nement a envahi les murs du m\u00e9tro, c&rsquo;est elle qui a attir\u00e9 mon attention. A mille lieux de la froideur des objets <em>high-tech, c&rsquo;est&nbsp;<\/em>une jolie cam\u00e9ra en bois avec quelques touches de couleurs primaires qui est repr\u00e9sent\u00e9e. Image d\u00e9cal\u00e9e, ludique et esth\u00e9tique qui annonce parfaitement la suite ! J&rsquo;ai \u00e9t\u00e9 tr\u00e8s sensible aux choix du commissaire de l&rsquo;exposition, mettre en valeur le travail d&rsquo;animateurs contemporains qui utilisent les technologies de pointe tout en manipulant des objets concrets. Ces objets sont au coeur de l&rsquo;exposition, d\u00e9cors et personnages r\u00e9alis\u00e9s en diverses mati\u00e8res : papier, carton, bois, laine, sucre &#8230;&nbsp;Les petits formats ont \u00e9t\u00e9 aussi privil\u00e9gi\u00e9s : clip vid\u00e9o, spot publicitaire &#8230; Mis \u00e0 part les v\u00e9t\u00e9rans du groupe, Vincent Patar et St\u00e9phane Aubier, aucun nom ne m&rsquo;\u00e9tait connu ! Une salle de projection compl\u00e8te l&rsquo;exposition, une nouvelle visite s&rsquo;imposera pour d\u00e9couvrir tous les tr\u00e9sors s\u00e9lectionn\u00e9s. En attendant quelques coups de coeur !<\/p>\n\n\n\n<p>Le premier a \u00e9t\u00e9 vu des millions de fois sur Internet. C&rsquo;est la derni\u00e8re publicit\u00e9 pour une cha\u00eene de grands magasins anglais, John Lewis. Il a \u00e9t\u00e9 r\u00e9alis\u00e9 par le commissaire de l&rsquo;exposition Yves Geleyn et son complice anglais Elliott Dear. Vous avez tous devin\u00e9 ?<\/p>\n\n\n<div class=\"wp-block-image\">\n<figure class=\"aligncenter\"><a href=\"https:\/\/lafilledecorinthe.com\/wordpress\/wp-content\/uploads\/2014\/05\/IMG_2650.jpg\"><img loading=\"lazy\" decoding=\"async\" width=\"1824\" height=\"1836\" src=\"https:\/\/lafilledecorinthe.com\/wordpress\/wp-content\/uploads\/2014\/05\/IMG_2650.jpg\" alt=\"&quot;The bear and the hare&quot; d'Elliot Dear et Yves Geleyn\" class=\"wp-image-4717\" srcset=\"https:\/\/lafilledecorinthe.com\/wordpress\/wp-content\/uploads\/2014\/05\/IMG_2650.jpg 1824w, https:\/\/lafilledecorinthe.com\/wordpress\/wp-content\/uploads\/2014\/05\/IMG_2650-200x200.jpg 200w, https:\/\/lafilledecorinthe.com\/wordpress\/wp-content\/uploads\/2014\/05\/IMG_2650-675x680.jpg 675w, https:\/\/lafilledecorinthe.com\/wordpress\/wp-content\/uploads\/2014\/05\/IMG_2650-1271x1280.jpg 1271w, https:\/\/lafilledecorinthe.com\/wordpress\/wp-content\/uploads\/2014\/05\/IMG_2650-298x300.jpg 298w\" sizes=\"auto, (max-width: 1824px) 100vw, 1824px\" \/><\/a><figcaption class=\"wp-element-caption\">\u00ab\u00a0The bear and the hare\u00a0\u00bb d&rsquo;Elliot Dear et Yves Geleyn, motion factory, Ga\u00eet\u00e9 lyrique \u00a0Avril 2014<\/figcaption><\/figure>\n<\/div>\n\n\n<p>Ce qui me fascine dans ce mini film est la qualit\u00e9 de la lumi\u00e8re. Remarque qui pourrait s&rsquo;appliquer \u00e0 bon nombre de films pr\u00e9sent\u00e9s. Un des avantages de cr\u00e9er avec une mati\u00e8re r\u00e9elle est justement ce jeu possible avec la lumi\u00e8re !<\/p>\n\n\n\n<figure class=\"wp-block-embed is-type-video is-provider-vimeo wp-block-embed-vimeo wp-embed-aspect-16-9 wp-has-aspect-ratio\"><div class=\"wp-block-embed__wrapper\">\n<iframe loading=\"lazy\" title=\"The Making Of: The Bear &amp; The Hare\" src=\"https:\/\/player.vimeo.com\/video\/78836360?dnt=1&amp;app_id=122963\" width=\"720\" height=\"405\" frameborder=\"0\" allow=\"autoplay; fullscreen; picture-in-picture; clipboard-write; encrypted-media; web-share\" referrerpolicy=\"strict-origin-when-cross-origin\"><\/iframe>\n<\/div><\/figure>\n\n\n\n<p><\/p>\n\n\n\n<p>Dans un genre diff\u00e9rent, le lancer de toupie ne m&rsquo;avait jamais propuls\u00e9 aussi loin ! Voyage vers un monde onirique, voir psych\u00e9d\u00e9lique &#8230;<\/p>\n\n\n<div class=\"wp-block-image\">\n<figure class=\"aligncenter\"><a href=\"https:\/\/lafilledecorinthe.com\/wordpress\/wp-content\/uploads\/2014\/05\/IMG_2640.jpg\"><img loading=\"lazy\" decoding=\"async\" width=\"1936\" height=\"1936\" src=\"https:\/\/lafilledecorinthe.com\/wordpress\/wp-content\/uploads\/2014\/05\/IMG_2640.jpg\" alt=\"38-39\u00b0C de Kangmin Kim, Motion Factory, Ga\u00eet\u00e9 lyrique\" class=\"wp-image-4723\" srcset=\"https:\/\/lafilledecorinthe.com\/wordpress\/wp-content\/uploads\/2014\/05\/IMG_2640.jpg 1936w, https:\/\/lafilledecorinthe.com\/wordpress\/wp-content\/uploads\/2014\/05\/IMG_2640-200x200.jpg 200w, https:\/\/lafilledecorinthe.com\/wordpress\/wp-content\/uploads\/2014\/05\/IMG_2640-680x680.jpg 680w, https:\/\/lafilledecorinthe.com\/wordpress\/wp-content\/uploads\/2014\/05\/IMG_2640-1280x1280.jpg 1280w, https:\/\/lafilledecorinthe.com\/wordpress\/wp-content\/uploads\/2014\/05\/IMG_2640-300x300.jpg 300w\" sizes=\"auto, (max-width: 1936px) 100vw, 1936px\" \/><\/a><figcaption class=\"wp-element-caption\">38-39\u00b0C de Kangmin Kim, Motion Factory, Ga\u00eet\u00e9 lyrique, avril 2014<\/figcaption><\/figure>\n<\/div>\n\n\n<figure class=\"wp-block-embed is-type-video is-provider-vimeo wp-block-embed-vimeo wp-embed-aspect-16-9 wp-has-aspect-ratio\"><div class=\"wp-block-embed__wrapper\">\n<iframe loading=\"lazy\" title=\"38-39\u00b0C\" src=\"https:\/\/player.vimeo.com\/video\/22683060?dnt=1&amp;app_id=122963\" width=\"720\" height=\"405\" frameborder=\"0\" allow=\"autoplay; fullscreen; picture-in-picture; clipboard-write; encrypted-media; web-share\" referrerpolicy=\"strict-origin-when-cross-origin\"><\/iframe>\n<\/div><\/figure>\n\n\n\n<p><\/p>\n\n\n\n<p>En regardant la vitrine d\u00e9di\u00e9e \u00e0 <a href=\"http:\/\/www.josephmann.co.uk\/\" target=\"_blank\" rel=\"noopener\">Joseph Mann<\/a>, j&rsquo;ai pens\u00e9 au film <em>Perdu, retrouv\u00e9<\/em>&nbsp;de son compatriote Philip Hunt mais c&rsquo;est une tout autre histoire que nous raconte <em>Sandy<\/em> ! Vive la plage pour tous !<\/p>\n\n\n<div class=\"wp-block-image\">\n<figure class=\"aligncenter\"><a href=\"https:\/\/lafilledecorinthe.com\/wordpress\/wp-content\/uploads\/2014\/05\/IMG_2643.jpg\"><img loading=\"lazy\" decoding=\"async\" width=\"1850\" height=\"1179\" src=\"https:\/\/lafilledecorinthe.com\/wordpress\/wp-content\/uploads\/2014\/05\/IMG_2643.jpg\" alt=\"Sandy de Joseph Mann\" class=\"wp-image-4730\" srcset=\"https:\/\/lafilledecorinthe.com\/wordpress\/wp-content\/uploads\/2014\/05\/IMG_2643.jpg 1850w, https:\/\/lafilledecorinthe.com\/wordpress\/wp-content\/uploads\/2014\/05\/IMG_2643-680x433.jpg 680w, https:\/\/lafilledecorinthe.com\/wordpress\/wp-content\/uploads\/2014\/05\/IMG_2643-1280x815.jpg 1280w, https:\/\/lafilledecorinthe.com\/wordpress\/wp-content\/uploads\/2014\/05\/IMG_2643-470x300.jpg 470w\" sizes=\"auto, (max-width: 1850px) 100vw, 1850px\" \/><\/a><figcaption class=\"wp-element-caption\">Sandy de Joseph Mann,\u00a0Motion Factory, Ga\u00eet\u00e9 lyrique, avril 2014<\/figcaption><\/figure>\n<\/div>\n\n\n<figure class=\"wp-block-embed is-type-video is-provider-vimeo wp-block-embed-vimeo wp-embed-aspect-16-9 wp-has-aspect-ratio\"><div class=\"wp-block-embed__wrapper\">\n<iframe loading=\"lazy\" title=\"Sandy-The Making of\" src=\"https:\/\/player.vimeo.com\/video\/70620057?dnt=1&amp;app_id=122963\" width=\"720\" height=\"405\" frameborder=\"0\" allow=\"autoplay; fullscreen; picture-in-picture; clipboard-write; encrypted-media; web-share\" referrerpolicy=\"strict-origin-when-cross-origin\"><\/iframe>\n<\/div><\/figure>\n\n\n\n<p><\/p>\n\n\n\n<p>Pour finir, j&rsquo;ai beaucoup aim\u00e9 \u00a0<em>Prot\u00e9igon <\/em>de Steven Briand. Ce court projet\u00e9 dans la s\u00e9lection de la soci\u00e9t\u00e9 de production <em><a href=\"http:\/\/www.partizan.com\/\">Partizan<\/a>\u00a0<\/em>m&rsquo;enchante pour son lien entre cin\u00e9ma et magie&#8230;<br><\/p>\n\n\n\n<figure class=\"wp-block-embed is-type-video is-provider-vimeo wp-block-embed-vimeo wp-embed-aspect-16-9 wp-has-aspect-ratio\"><div class=\"wp-block-embed__wrapper\">\n<iframe loading=\"lazy\" title=\"PROTEIGON\" src=\"https:\/\/player.vimeo.com\/video\/33480080?dnt=1&amp;app_id=122963\" width=\"720\" height=\"405\" frameborder=\"0\" allow=\"autoplay; fullscreen; picture-in-picture; clipboard-write; encrypted-media; web-share\" referrerpolicy=\"strict-origin-when-cross-origin\"><\/iframe>\n<\/div><\/figure>\n\n\n\n<p><\/p>\n\n\n\n<p>Vous l&rsquo;aurez compris, une exposition \u00e0 voir et \u00e0 revoir !<\/p>\n","protected":false},"excerpt":{"rendered":"<p>La Ga\u00eet\u00e9 lyrique, espace d\u00e9di\u00e9 aux arts num\u00e9riques, accueille jusqu&rsquo;\u00e0 la mi-ao\u00fbt une exposition sur le cin\u00e9ma d&rsquo;animation. L&rsquo;affiche pr\u00e9sentant l&rsquo;\u00e9v\u00e8nement a envahi les murs du m\u00e9tro, c&rsquo;est elle qui a attir\u00e9 mon attention. A mille lieux de la froideur des objets high-tech, c&rsquo;est&nbsp;une jolie cam\u00e9ra en bois avec quelques touches de couleurs primaires qui&#8230;<\/p>\n","protected":false},"author":2,"featured_media":4695,"comment_status":"open","ping_status":"open","sticky":false,"template":"","format":"standard","meta":{"_kad_post_transparent":"","_kad_post_title":"","_kad_post_layout":"","_kad_post_sidebar_id":"","_kad_post_content_style":"","_kad_post_vertical_padding":"","_kad_post_feature":"","_kad_post_feature_position":"","_kad_post_header":false,"_kad_post_footer":false,"_kad_post_classname":"","footnotes":""},"categories":[6],"tags":[802,266,801,803,799,798,797,808,804,806,805,316,807,315,800],"class_list":["post-4694","post","type-post","status-publish","format-standard","has-post-thumbnail","hentry","category-blog","tag-38-39c-de-kangmin-kim","tag-cinema-danimation","tag-elliott-dear","tag-joseph-mann","tag-kyle-bean","tag-la-gaite-lyrique","tag-motion-factory","tag-partizan","tag-philip-hunt","tag-proteigon","tag-sandy","tag-stephane-aubier","tag-steven-briand","tag-vincent-patar","tag-yves-geleyn"],"_links":{"self":[{"href":"https:\/\/lafilledecorinthe.com\/wordpress\/wp-json\/wp\/v2\/posts\/4694","targetHints":{"allow":["GET"]}}],"collection":[{"href":"https:\/\/lafilledecorinthe.com\/wordpress\/wp-json\/wp\/v2\/posts"}],"about":[{"href":"https:\/\/lafilledecorinthe.com\/wordpress\/wp-json\/wp\/v2\/types\/post"}],"author":[{"embeddable":true,"href":"https:\/\/lafilledecorinthe.com\/wordpress\/wp-json\/wp\/v2\/users\/2"}],"replies":[{"embeddable":true,"href":"https:\/\/lafilledecorinthe.com\/wordpress\/wp-json\/wp\/v2\/comments?post=4694"}],"version-history":[{"count":38,"href":"https:\/\/lafilledecorinthe.com\/wordpress\/wp-json\/wp\/v2\/posts\/4694\/revisions"}],"predecessor-version":[{"id":15510,"href":"https:\/\/lafilledecorinthe.com\/wordpress\/wp-json\/wp\/v2\/posts\/4694\/revisions\/15510"}],"wp:featuredmedia":[{"embeddable":true,"href":"https:\/\/lafilledecorinthe.com\/wordpress\/wp-json\/wp\/v2\/media\/4695"}],"wp:attachment":[{"href":"https:\/\/lafilledecorinthe.com\/wordpress\/wp-json\/wp\/v2\/media?parent=4694"}],"wp:term":[{"taxonomy":"category","embeddable":true,"href":"https:\/\/lafilledecorinthe.com\/wordpress\/wp-json\/wp\/v2\/categories?post=4694"},{"taxonomy":"post_tag","embeddable":true,"href":"https:\/\/lafilledecorinthe.com\/wordpress\/wp-json\/wp\/v2\/tags?post=4694"}],"curies":[{"name":"wp","href":"https:\/\/api.w.org\/{rel}","templated":true}]}}