{"id":459,"date":"2012-02-02T19:05:15","date_gmt":"2012-02-02T18:05:15","guid":{"rendered":"http:\/\/lafilledecorinthe.com\/wordpress\/?p=459"},"modified":"2025-12-10T14:07:42","modified_gmt":"2025-12-10T13:07:42","slug":"paul-strand-et-henri-cartier-bresson-a-la-fondation-hcb","status":"publish","type":"post","link":"https:\/\/lafilledecorinthe.com\/wordpress\/2012\/02\/paul-strand-et-henri-cartier-bresson-a-la-fondation-hcb\/","title":{"rendered":"Paul Strand et Henri Cartier-Bresson \u00e0 la Fondation HCB"},"content":{"rendered":"\n<p>Deux photographes ; Paul Strand et Henri Cartier-Bresson, un espace commun ; le Mexique, \u00a0une m\u00eame \u00e9poque ; les ann\u00e9es 30.<br>La Fondation HCB choisit d&rsquo;exposer les photographies de ces deux artistes dans deux pi\u00e8ces s\u00e9par\u00e9es, \u00e0 chacun son \u00e9tage. La r\u00e9alit\u00e9 est commune, le point de vue est singulier.<\/p>\n\n\n\n<p>Commen\u00e7ons \u00a0par la pi\u00e8ce consacr\u00e9e \u00e0 Paul Strand. D\u00e8s les premiers instants, je suis fascin\u00e9e par les nuances de gris qui composent chaque photographie, la richesse du noir et blanc est extraordinaire d&rsquo;autant plus que cette qualit\u00e9 plastique se met au service du sujet de la photographie, qu&rsquo;il soit portrait ou paysage.<br>Gr\u00e2ce \u00e0 la pr\u00e9sentation d&rsquo;un portfolio r\u00e9alis\u00e9 par Strand, on d\u00e9couvre l&rsquo;importance que cet artiste accordait \u00e0 la confrontation de ses images. Dans un livre comme dans une exposition, une photographie est rarement regard\u00e9e seule mais en lien avec celles qui l&rsquo;entourent.<br>J&rsquo;ai \u00e9t\u00e9 touch\u00e9e par le regard de ces mexicains qui ont arr\u00eat\u00e9 les gestes de leur vie quotidienne le temps d&rsquo;une photographie. Ce temps donn\u00e9 leur est rendu par l&rsquo;attention du photographe qui les magnifie. Ils sont pr\u00e9sent\u00e9s \u00e0 \u00e9galit\u00e9 des sculptures religieuses, Christ et Vierge des temps modernes. Ils sont les hommes et les femmes d&rsquo;un lieu, d&rsquo;une histoire.\u00a0Les photographies de Paul Strand sont aussi un hommage \u00e0 l&rsquo;outil de travail, qu&rsquo;il soit celui du paysan, du p\u00eacheur ou du photographe. Paul Strand choisit d&rsquo;utiliser lors de son s\u00e9jour mexicain un appareil Graflex qui induit un rapport particulier au temps et au mod\u00e8le, l&rsquo;accord tacite de ce dernier est n\u00e9cessaire, il accepte de faire une pause et de poser.<\/p>\n\n\n\n<figure class=\"wp-block-image size-full\"><img loading=\"lazy\" decoding=\"async\" width=\"600\" height=\"762\" src=\"https:\/\/lafilledecorinthe.com\/wordpress\/wp-content\/uploads\/2012\/02\/102836.jpg\" alt=\"\" class=\"wp-image-15463\" srcset=\"https:\/\/lafilledecorinthe.com\/wordpress\/wp-content\/uploads\/2012\/02\/102836.jpg 600w, https:\/\/lafilledecorinthe.com\/wordpress\/wp-content\/uploads\/2012\/02\/102836-535x680.jpg 535w\" sizes=\"auto, (max-width: 600px) 100vw, 600px\" \/><figcaption class=\"wp-element-caption\">Paul Strand<\/figcaption><\/figure>\n\n\n\n<p>Henri Cartier Bresson fait quant \u00e0 lui un tout autre choix, il utilise un Leica d\u00e8s le d\u00e9but des ann\u00e9es 30, ce qui lui permettra de r\u00e9aliser ces fameuses photographies \u00ab\u00a0\u00e0 la sauvette\u00a0\u00bb. &nbsp;Le face \u00e0 face, s&rsquo;il existe, n&rsquo;est plus le seul rapport au mod\u00e8le. Il peut \u00eatre pris \u00e0 son insu, comme cet homme allong\u00e9 ; est-il endormi, bless\u00e9, mort ?<\/p>\n\n\n<div class=\"wp-block-image\">\n<figure class=\"aligncenter\"><a href=\"https:\/\/lafilledecorinthe.com\/wordpress\/wp-content\/uploads\/2012\/02\/HCB_Mexique_1934_large.jpg\"><img loading=\"lazy\" decoding=\"async\" width=\"659\" height=\"443\" src=\"https:\/\/lafilledecorinthe.com\/wordpress\/wp-content\/uploads\/2012\/02\/HCB_Mexique_1934_large.jpg\" alt=\"\" class=\"wp-image-468\" srcset=\"https:\/\/lafilledecorinthe.com\/wordpress\/wp-content\/uploads\/2012\/02\/HCB_Mexique_1934_large.jpg 659w, https:\/\/lafilledecorinthe.com\/wordpress\/wp-content\/uploads\/2012\/02\/HCB_Mexique_1934_large-446x300.jpg 446w\" sizes=\"auto, (max-width: 659px) 100vw, 659px\" \/><\/a><figcaption class=\"wp-element-caption\">Henri Cartier-Bresson, Mexique, 1934 \u00a9 Magnum Photos \/ Courtesy Fondation HCB<\/figcaption><\/figure>\n<\/div>\n\n\n<p>La lecture de l&rsquo;image sollicite notre imagination. Je suis rest\u00e9e longtemps face \u00e0 cette femme v\u00eatue de blanc, vue de dos, traversant une place d\u00e9serte, appuy\u00e9e sur une b\u00e9quille. Qui est-elle ? O\u00f9 va-t-elle ? Quel est son pass\u00e9, quel est son avenir ?<br>J&rsquo;ai \u00e9t\u00e9 aussi touch\u00e9e par les sourires capt\u00e9s par Henri Cartier Bresson, fruits du fameux \u00ab\u00a0instant d\u00e9cisif\u00a0\u00bb. Moments de l\u00e9g\u00e8ret\u00e9, contrepoids aux rudes visages r\u00e9v\u00e9l\u00e9s par Paul Strand.<\/p>\n\n\n\n<p>Les deux photographes s&rsquo;int\u00e9ressent au cin\u00e9ma, une affiche le rappelle dans les salles d&rsquo;exposition et une projection vid\u00e9o est organis\u00e9e dans la verri\u00e8re. J&rsquo;ai pu ainsi voir un extrait &nbsp;du film \u00ab\u00a0The wave\/Redes\u00a0\u00bb, tourn\u00e9 par Paul Strand et Fred Zinnemann en 1932. &nbsp; On pense bien s\u00fbr \u00e0 Nanouk en suivant le travail de ces p\u00eacheurs d&rsquo;Alvarado, mais la lutte contre la nature s&rsquo;efface devant les luttes sociales qu&rsquo;ils doivent mener pour vivre de leur p\u00eache. J&rsquo;aimerais pouvoir voir ce film dans une salle de cin\u00e9ma !<\/p>\n\n\n\n<figure class=\"wp-block-embed is-type-video is-provider-youtube wp-block-embed-youtube wp-embed-aspect-16-9 wp-has-aspect-ratio\"><div class=\"wp-block-embed__wrapper\">\n<iframe loading=\"lazy\" title=\"Trailer: Redes (M\u00e9xico, 1934) de Fred Zinnemann y Emilio G\u00f3mez Muriel  - Filmoteca UNAM\" width=\"720\" height=\"405\" src=\"https:\/\/www.youtube.com\/embed\/tHiCKSsTuyY?feature=oembed\" frameborder=\"0\" allow=\"accelerometer; autoplay; clipboard-write; encrypted-media; gyroscope; picture-in-picture; web-share\" referrerpolicy=\"strict-origin-when-cross-origin\" allowfullscreen><\/iframe>\n<\/div><\/figure>\n\n\n\n<p><\/p>\n\n\n\n<p>Hasard de la programmation, nous pourrons bient\u00f4t d\u00e9couvrir un troisi\u00e8me point de vue sur le Mexique. Une exposition de l&rsquo;oeuvre de Manuel Alvarez Bravo, contemporain de Strand et de Cartier-Bresson, sera pr\u00e9sent\u00e9e en septembre au Jeu de Paume. \u00a0 \u00a0 \u00a0 \u00a0 \u00a0 \u00a0 \u00a0 \u00a0 \u00a0 \u00a0 \u00a0 <\/p>\n\n\n<div class=\"wp-block-image\">\n<figure class=\"aligncenter\"><a href=\"https:\/\/lafilledecorinthe.com\/wordpress\/wp-content\/uploads\/2012\/02\/ABravo_01.jpg\"><img loading=\"lazy\" decoding=\"async\" width=\"280\" height=\"395\" src=\"https:\/\/lafilledecorinthe.com\/wordpress\/wp-content\/uploads\/2012\/02\/ABravo_01.jpg\" alt=\"\" class=\"wp-image-471\" srcset=\"https:\/\/lafilledecorinthe.com\/wordpress\/wp-content\/uploads\/2012\/02\/ABravo_01.jpg 280w, https:\/\/lafilledecorinthe.com\/wordpress\/wp-content\/uploads\/2012\/02\/ABravo_01-212x300.jpg 212w\" sizes=\"auto, (max-width: 280px) 100vw, 280px\" \/><\/a><figcaption class=\"wp-element-caption\">Manuel Alvarez Bravo, la fille des danseurs, 1933 \u00a9 Association MAB<\/figcaption><\/figure>\n<\/div>","protected":false},"excerpt":{"rendered":"<p>Deux photographes ; Paul Strand et Henri Cartier-Bresson, un espace commun ; le Mexique, \u00a0une m\u00eame \u00e9poque ; les ann\u00e9es 30.La Fondation HCB choisit d&rsquo;exposer les photographies de ces deux artistes dans deux pi\u00e8ces s\u00e9par\u00e9es, \u00e0 chacun son \u00e9tage. La r\u00e9alit\u00e9 est commune, le point de vue est singulier. Commen\u00e7ons \u00a0par la pi\u00e8ce consacr\u00e9e \u00e0&#8230;<\/p>\n","protected":false},"author":2,"featured_media":15461,"comment_status":"open","ping_status":"open","sticky":false,"template":"","format":"standard","meta":{"_kad_post_transparent":"","_kad_post_title":"","_kad_post_layout":"","_kad_post_sidebar_id":"","_kad_post_content_style":"","_kad_post_vertical_padding":"","_kad_post_feature":"","_kad_post_feature_position":"","_kad_post_header":false,"_kad_post_footer":false,"_kad_post_classname":"","footnotes":""},"categories":[6,13],"tags":[43,42,44,41],"class_list":["post-459","post","type-post","status-publish","format-standard","has-post-thumbnail","hentry","category-blog","category-sorties-culturelles","tag-alvarez-bravo","tag-cartier-bresson","tag-mexique","tag-strand"],"_links":{"self":[{"href":"https:\/\/lafilledecorinthe.com\/wordpress\/wp-json\/wp\/v2\/posts\/459","targetHints":{"allow":["GET"]}}],"collection":[{"href":"https:\/\/lafilledecorinthe.com\/wordpress\/wp-json\/wp\/v2\/posts"}],"about":[{"href":"https:\/\/lafilledecorinthe.com\/wordpress\/wp-json\/wp\/v2\/types\/post"}],"author":[{"embeddable":true,"href":"https:\/\/lafilledecorinthe.com\/wordpress\/wp-json\/wp\/v2\/users\/2"}],"replies":[{"embeddable":true,"href":"https:\/\/lafilledecorinthe.com\/wordpress\/wp-json\/wp\/v2\/comments?post=459"}],"version-history":[{"count":18,"href":"https:\/\/lafilledecorinthe.com\/wordpress\/wp-json\/wp\/v2\/posts\/459\/revisions"}],"predecessor-version":[{"id":15465,"href":"https:\/\/lafilledecorinthe.com\/wordpress\/wp-json\/wp\/v2\/posts\/459\/revisions\/15465"}],"wp:featuredmedia":[{"embeddable":true,"href":"https:\/\/lafilledecorinthe.com\/wordpress\/wp-json\/wp\/v2\/media\/15461"}],"wp:attachment":[{"href":"https:\/\/lafilledecorinthe.com\/wordpress\/wp-json\/wp\/v2\/media?parent=459"}],"wp:term":[{"taxonomy":"category","embeddable":true,"href":"https:\/\/lafilledecorinthe.com\/wordpress\/wp-json\/wp\/v2\/categories?post=459"},{"taxonomy":"post_tag","embeddable":true,"href":"https:\/\/lafilledecorinthe.com\/wordpress\/wp-json\/wp\/v2\/tags?post=459"}],"curies":[{"name":"wp","href":"https:\/\/api.w.org\/{rel}","templated":true}]}}