{"id":4574,"date":"2014-04-30T19:37:00","date_gmt":"2014-04-30T18:37:00","guid":{"rendered":"http:\/\/lafilledecorinthe.com\/wordpress\/?p=4574"},"modified":"2025-12-10T13:35:13","modified_gmt":"2025-12-10T12:35:13","slug":"new-york-dans-loeil-de-la-camera","status":"publish","type":"post","link":"https:\/\/lafilledecorinthe.com\/wordpress\/2014\/04\/new-york-dans-loeil-de-la-camera\/","title":{"rendered":"New York dans l&rsquo;oeil de la cam\u00e9ra&#8230;"},"content":{"rendered":"\n<p>New York et la d\u00e9couverte d&rsquo;une ville \u00e0 travers le regard des photographes et des cin\u00e9astes qui l&rsquo;ont arpent\u00e9e avant moi &#8230; Alfred Stieglitz, Edward Steichen, Berenice Abbott, Walker Evans, Paul Strand, Lewis Hine, Diane Arbus, Garry Winogrand, Lee Friedlander, William Klein, Paul Graham &#8230; Impossible de faire une liste exhaustive des photographes qui ont captur\u00e9 l&rsquo;image filante d&rsquo;une ville fascinante par son architecture et ses habitants ! Mais plus encore que des photographies, ce sont des extraits de films qui sont imprim\u00e9s dans ma m\u00e9moire. Petite s\u00e9lection personnelle des lieux de New York qui ont une empreinte cin\u00e9matographique &#8230;<\/p>\n\n\n<div class=\"wp-block-image\">\n<figure class=\"aligncenter\"><a href=\"https:\/\/lafilledecorinthe.com\/wordpress\/wp-content\/uploads\/2014\/04\/La-mort-aux-trousses.jpg\"><img loading=\"lazy\" decoding=\"async\" width=\"600\" height=\"338\" src=\"https:\/\/lafilledecorinthe.com\/wordpress\/wp-content\/uploads\/2014\/04\/La-mort-aux-trousses.jpg\" alt=\"La gare de Grand Central dans &quot;La mort aux trousses&quot; d'Alfred Hitchcock, 1959\" class=\"wp-image-4587\" srcset=\"https:\/\/lafilledecorinthe.com\/wordpress\/wp-content\/uploads\/2014\/04\/La-mort-aux-trousses.jpg 600w, https:\/\/lafilledecorinthe.com\/wordpress\/wp-content\/uploads\/2014\/04\/La-mort-aux-trousses-500x281.jpg 500w\" sizes=\"auto, (max-width: 600px) 100vw, 600px\" \/><\/a><figcaption class=\"wp-element-caption\">La gare de Grand Central dans \u00ab\u00a0La mort aux trousses\u00a0\u00bb d&rsquo;Alfred Hitchcock, 1959<\/figcaption><\/figure>\n<\/div>\n\n<div class=\"wp-block-image\">\n<figure class=\"aligncenter\"><a href=\"https:\/\/lafilledecorinthe.com\/wordpress\/wp-content\/uploads\/2014\/04\/Susan.jpg\"><img loading=\"lazy\" decoding=\"async\" width=\"565\" height=\"292\" src=\"https:\/\/lafilledecorinthe.com\/wordpress\/wp-content\/uploads\/2014\/04\/Susan.jpg\" alt=\"Parc Battery dans &quot;Recherche Susan d\u00e9sesp\u00e9r\u00e9ment&quot; de Susan Seidelman, 1985\" class=\"wp-image-4592\" srcset=\"https:\/\/lafilledecorinthe.com\/wordpress\/wp-content\/uploads\/2014\/04\/Susan.jpg 565w, https:\/\/lafilledecorinthe.com\/wordpress\/wp-content\/uploads\/2014\/04\/Susan-500x258.jpg 500w\" sizes=\"auto, (max-width: 565px) 100vw, 565px\" \/><\/a><figcaption class=\"wp-element-caption\">Parc Battery dans \u00ab\u00a0Recherche Susan d\u00e9sesp\u00e9r\u00e9ment\u00a0\u00bb de Susan Seidelman, 1985<\/figcaption><\/figure>\n<\/div>\n\n<div class=\"wp-block-image\">\n<figure class=\"aligncenter\"><a href=\"https:\/\/lafilledecorinthe.com\/wordpress\/wp-content\/uploads\/2014\/04\/breakfast_at_tiffanys_3.png\"><img loading=\"lazy\" decoding=\"async\" width=\"1920\" height=\"1080\" src=\"https:\/\/lafilledecorinthe.com\/wordpress\/wp-content\/uploads\/2014\/04\/breakfast_at_tiffanys_3.png\" alt=\"Tiffany and Co dans &quot;Diamants sur canap\u00e9&quot; de Blake Edwards, 1961\" class=\"wp-image-4593\" srcset=\"https:\/\/lafilledecorinthe.com\/wordpress\/wp-content\/uploads\/2014\/04\/breakfast_at_tiffanys_3.png 1920w, https:\/\/lafilledecorinthe.com\/wordpress\/wp-content\/uploads\/2014\/04\/breakfast_at_tiffanys_3-680x382.png 680w, https:\/\/lafilledecorinthe.com\/wordpress\/wp-content\/uploads\/2014\/04\/breakfast_at_tiffanys_3-1280x720.png 1280w, https:\/\/lafilledecorinthe.com\/wordpress\/wp-content\/uploads\/2014\/04\/breakfast_at_tiffanys_3-500x281.png 500w\" sizes=\"auto, (max-width: 1920px) 100vw, 1920px\" \/><\/a><figcaption class=\"wp-element-caption\">Tiffany and Co dans \u00ab\u00a0Diamants sur canap\u00e9\u00a0\u00bb de Blake Edwards, 1961<\/figcaption><\/figure>\n<\/div>\n\n<div class=\"wp-block-image\">\n<figure class=\"aligncenter\"><a href=\"https:\/\/lafilledecorinthe.com\/wordpress\/wp-content\/uploads\/2014\/04\/film-marathon-man2.jpeg\"><img loading=\"lazy\" decoding=\"async\" width=\"1200\" height=\"816\" src=\"https:\/\/lafilledecorinthe.com\/wordpress\/wp-content\/uploads\/2014\/04\/film-marathon-man2.jpeg\" alt=\"Central Park dans &quot;Marathon Man&quot; de John Schlesinger, 1976\" class=\"wp-image-4598\" srcset=\"https:\/\/lafilledecorinthe.com\/wordpress\/wp-content\/uploads\/2014\/04\/film-marathon-man2.jpeg 1200w, https:\/\/lafilledecorinthe.com\/wordpress\/wp-content\/uploads\/2014\/04\/film-marathon-man2-680x462.jpeg 680w, https:\/\/lafilledecorinthe.com\/wordpress\/wp-content\/uploads\/2014\/04\/film-marathon-man2-441x300.jpeg 441w\" sizes=\"auto, (max-width: 1200px) 100vw, 1200px\" \/><\/a><figcaption class=\"wp-element-caption\">Central Park dans \u00ab\u00a0Marathon Man\u00a0\u00bb de John Schlesinger, 1976<\/figcaption><\/figure>\n<\/div>\n\n<div class=\"wp-block-image\">\n<figure class=\"aligncenter\"><a href=\"https:\/\/lafilledecorinthe.com\/wordpress\/wp-content\/uploads\/2014\/04\/Alice-3.png\"><img loading=\"lazy\" decoding=\"async\" width=\"1280\" height=\"800\" src=\"https:\/\/lafilledecorinthe.com\/wordpress\/wp-content\/uploads\/2014\/04\/Alice-3.png\" alt=\"L'Empire State Building dans &quot;Alice dans les villes&quot; de Wim Wenders, 1974\" class=\"wp-image-4601\" srcset=\"https:\/\/lafilledecorinthe.com\/wordpress\/wp-content\/uploads\/2014\/04\/Alice-3.png 1280w, https:\/\/lafilledecorinthe.com\/wordpress\/wp-content\/uploads\/2014\/04\/Alice-3-680x425.png 680w, https:\/\/lafilledecorinthe.com\/wordpress\/wp-content\/uploads\/2014\/04\/Alice-3-480x300.png 480w\" sizes=\"auto, (max-width: 1280px) 100vw, 1280px\" \/><\/a><figcaption class=\"wp-element-caption\">L&rsquo;Empire State Building dans \u00ab\u00a0Alice dans les villes\u00a0\u00bb de Wim Wenders, 1974<\/figcaption><\/figure>\n<\/div>\n\n\n<p>R\u00e9miniscence d&rsquo;images mais envie aussi&nbsp;d&rsquo;en d\u00e9couvrir d&rsquo;autres dans la rue et dans les mus\u00e9es. Ma premi\u00e8re visite est pour l&rsquo;<a href=\"http:\/\/www.icp.org\/\" target=\"_blank\" rel=\"noopener\">ICP<\/a>, l&rsquo;International Center of Photography. Une exposition est consacr\u00e9e aux photographies en couleur de Robert Capa. Une d\u00e9couverte totale ! D\u00e8s 1938, Capa explore les possibilit\u00e9s offertes par les films Kodachrome et tr\u00e8s vite il se d\u00e9place avec deux appareils charg\u00e9s respectivement d&rsquo;une pellicule en noir et blanc et d&rsquo;une pellicule couleur. Photo journaliste reconnu apr\u00e8s ses reportages sur la guerre d&rsquo;Espagne, il a beaucoup de mal \u00e0 faire publier ses photographies couleurs. Pour de nombreux responsables de la presse, la couleur est associ\u00e9e \u00e0 la publicit\u00e9, le \u00ab\u00a0noir et blanc\u00a0\u00bb \u00e9tant lui, li\u00e9 aux sujets plus s\u00e9rieux. Ce sont des revues comme Holiday ou Look qui publient les photographies effectu\u00e9es lors de ses nombreux voyages en France , en Italie, en Norv\u00e8ge, en Hongrie, en Isra\u00ebl &#8230;<\/p>\n\n\n<div class=\"wp-block-image\">\n<figure class=\"aligncenter\"><a href=\"https:\/\/lafilledecorinthe.com\/wordpress\/wp-content\/uploads\/2014\/04\/vue-expo-Capa.jpg\"><img loading=\"lazy\" decoding=\"async\" width=\"2592\" height=\"1936\" src=\"https:\/\/lafilledecorinthe.com\/wordpress\/wp-content\/uploads\/2014\/04\/vue-expo-Capa.jpg\" alt=\"Vue de l'exposition &quot; Capa in color&quot; \u00e0 l'ICP, avril 2013\" class=\"wp-image-4611\" srcset=\"https:\/\/lafilledecorinthe.com\/wordpress\/wp-content\/uploads\/2014\/04\/vue-expo-Capa.jpg 2592w, https:\/\/lafilledecorinthe.com\/wordpress\/wp-content\/uploads\/2014\/04\/vue-expo-Capa-680x507.jpg 680w, https:\/\/lafilledecorinthe.com\/wordpress\/wp-content\/uploads\/2014\/04\/vue-expo-Capa-1280x956.jpg 1280w, https:\/\/lafilledecorinthe.com\/wordpress\/wp-content\/uploads\/2014\/04\/vue-expo-Capa-401x300.jpg 401w\" sizes=\"auto, (max-width: 2592px) 100vw, 2592px\" \/><\/a><figcaption class=\"wp-element-caption\">Exposition \u00ab\u00a0Capa in color\u00a0\u00bb \u00e0 l&rsquo;ICP, avril 2013<\/figcaption><\/figure>\n<\/div>\n\n<div class=\"wp-block-image\">\n<figure class=\"aligncenter\"><a href=\"https:\/\/lafilledecorinthe.com\/wordpress\/wp-content\/uploads\/2014\/04\/expo-Capa.jpg\"><img loading=\"lazy\" decoding=\"async\" width=\"2592\" height=\"1936\" src=\"https:\/\/lafilledecorinthe.com\/wordpress\/wp-content\/uploads\/2014\/04\/expo-Capa.jpg\" alt=\"Exposition &quot;Capa in color&quot;, avril 20\" class=\"wp-image-4612\" srcset=\"https:\/\/lafilledecorinthe.com\/wordpress\/wp-content\/uploads\/2014\/04\/expo-Capa.jpg 2592w, https:\/\/lafilledecorinthe.com\/wordpress\/wp-content\/uploads\/2014\/04\/expo-Capa-680x507.jpg 680w, https:\/\/lafilledecorinthe.com\/wordpress\/wp-content\/uploads\/2014\/04\/expo-Capa-1280x956.jpg 1280w, https:\/\/lafilledecorinthe.com\/wordpress\/wp-content\/uploads\/2014\/04\/expo-Capa-401x300.jpg 401w\" sizes=\"auto, (max-width: 2592px) 100vw, 2592px\" \/><\/a><figcaption class=\"wp-element-caption\">Exposition \u00ab\u00a0Capa in color\u00a0\u00bb\u00e0 l&rsquo;ICP, avril 2013<\/figcaption><\/figure>\n<\/div>\n\n\n<p>Une belle occasion aussi de d\u00e9couvrir ses talents de portraitiste que ce soit avec des mannequins posant pour des photos de mode ou avec ses amis artistes. Les photographies de l&rsquo;exposition sont en ligne sur le site Magnum, \u00e0 <a href=\"http:\/\/www.magnumphotos.com\/C.aspx?VP3=SearchResult&amp;ALID=2K1HRG8V4SI3\" target=\"_blank\" rel=\"noopener\">voir<\/a> !<\/p>\n\n\n<div class=\"wp-block-image\">\n<figure class=\"aligncenter\"><a href=\"https:\/\/lafilledecorinthe.com\/wordpress\/wp-content\/uploads\/2014\/04\/Vallauris-Picasso-jouant-avec-son-fils-Claude-1948.jpg\"><img loading=\"lazy\" decoding=\"async\" width=\"708\" height=\"704\" src=\"https:\/\/lafilledecorinthe.com\/wordpress\/wp-content\/uploads\/2014\/04\/Vallauris-Picasso-jouant-avec-son-fils-Claude-1948.jpg\" alt=\"Picasso jouant avec son fils Claude, Vallauris, 1948, \u00a9 Robert Capa \u00a9 ICP\" class=\"wp-image-4619\" srcset=\"https:\/\/lafilledecorinthe.com\/wordpress\/wp-content\/uploads\/2014\/04\/Vallauris-Picasso-jouant-avec-son-fils-Claude-1948.jpg 708w, https:\/\/lafilledecorinthe.com\/wordpress\/wp-content\/uploads\/2014\/04\/Vallauris-Picasso-jouant-avec-son-fils-Claude-1948-200x200.jpg 200w, https:\/\/lafilledecorinthe.com\/wordpress\/wp-content\/uploads\/2014\/04\/Vallauris-Picasso-jouant-avec-son-fils-Claude-1948-680x676.jpg 680w, https:\/\/lafilledecorinthe.com\/wordpress\/wp-content\/uploads\/2014\/04\/Vallauris-Picasso-jouant-avec-son-fils-Claude-1948-301x300.jpg 301w\" sizes=\"auto, (max-width: 708px) 100vw, 708px\" \/><\/a><figcaption class=\"wp-element-caption\">Picasso jouant avec son fils Claude, Vallauris, 1948, \u00a9 Robert Capa \u00a9 ICP<\/figcaption><\/figure>\n<\/div>\n\n<div class=\"wp-block-image\">\n<figure class=\"aligncenter\"><a href=\"https:\/\/lafilledecorinthe.com\/wordpress\/wp-content\/uploads\/2014\/04\/Capucine-\u00e0-Rome-1951.jpg\"><img loading=\"lazy\" decoding=\"async\" width=\"709\" height=\"704\" src=\"https:\/\/lafilledecorinthe.com\/wordpress\/wp-content\/uploads\/2014\/04\/Capucine-\u00e0-Rome-1951.jpg\" alt=\"Capucine \u00e0 Rome, 1951, \u00a9 Robert Capa, \u00a9 ICP\" class=\"wp-image-4620\" srcset=\"https:\/\/lafilledecorinthe.com\/wordpress\/wp-content\/uploads\/2014\/04\/Capucine-\u00e0-Rome-1951.jpg 709w, https:\/\/lafilledecorinthe.com\/wordpress\/wp-content\/uploads\/2014\/04\/Capucine-\u00e0-Rome-1951-200x200.jpg 200w, https:\/\/lafilledecorinthe.com\/wordpress\/wp-content\/uploads\/2014\/04\/Capucine-\u00e0-Rome-1951-680x675.jpg 680w, https:\/\/lafilledecorinthe.com\/wordpress\/wp-content\/uploads\/2014\/04\/Capucine-\u00e0-Rome-1951-302x300.jpg 302w\" sizes=\"auto, (max-width: 709px) 100vw, 709px\" \/><\/a><figcaption class=\"wp-element-caption\">Capucine \u00e0 Rome, 1951, \u00a9 Robert Capa, \u00a9 ICP<\/figcaption><\/figure>\n<\/div>\n\n\n<p>Si aucun autre mus\u00e9e n&rsquo;est consacr\u00e9 exclusivement \u00e0 la photographie, j&rsquo;ai eu beaucoup de plaisir \u00e0 parcourir les expos permanentes ou temporaires du Whitney Museum of American Art, du Guggenheim Museum, du MoMA et du Met&#8230; Pour rester dans la photographie couleur, le face \u00e0 face dans la m\u00eame pi\u00e8ce des photographies de William Eggleston et des peintures d&rsquo;Edward Hopper est une exp\u00e9rience riche en correspondance.<\/p>\n\n\n<div class=\"wp-block-image\">\n<figure class=\"aligncenter\"><a href=\"https:\/\/lafilledecorinthe.com\/wordpress\/wp-content\/uploads\/2014\/04\/Hopper.jpg\"><img loading=\"lazy\" decoding=\"async\" width=\"2265\" height=\"1810\" src=\"https:\/\/lafilledecorinthe.com\/wordpress\/wp-content\/uploads\/2014\/04\/Hopper.jpg\" alt=\"Railroad Crossing d'Edward Hopper, 1922-1923\" class=\"wp-image-4625\" srcset=\"https:\/\/lafilledecorinthe.com\/wordpress\/wp-content\/uploads\/2014\/04\/Hopper.jpg 2265w, https:\/\/lafilledecorinthe.com\/wordpress\/wp-content\/uploads\/2014\/04\/Hopper-680x543.jpg 680w, https:\/\/lafilledecorinthe.com\/wordpress\/wp-content\/uploads\/2014\/04\/Hopper-1280x1022.jpg 1280w, https:\/\/lafilledecorinthe.com\/wordpress\/wp-content\/uploads\/2014\/04\/Hopper-375x300.jpg 375w\" sizes=\"auto, (max-width: 2265px) 100vw, 2265px\" \/><\/a><figcaption class=\"wp-element-caption\">Railroad Crossing d&rsquo;Edward Hopper, 1922-1923<\/figcaption><\/figure>\n<\/div>\n\n<div class=\"wp-block-image\">\n<figure class=\"aligncenter\"><a href=\"https:\/\/lafilledecorinthe.com\/wordpress\/wp-content\/uploads\/2014\/04\/Eggleston.jpg\"><img loading=\"lazy\" decoding=\"async\" width=\"2254\" height=\"1700\" src=\"https:\/\/lafilledecorinthe.com\/wordpress\/wp-content\/uploads\/2014\/04\/Eggleston.jpg\" alt=\"Untitled (Ground view of street) de William Eggleston, 1970\" class=\"wp-image-4626\" srcset=\"https:\/\/lafilledecorinthe.com\/wordpress\/wp-content\/uploads\/2014\/04\/Eggleston.jpg 2254w, https:\/\/lafilledecorinthe.com\/wordpress\/wp-content\/uploads\/2014\/04\/Eggleston-680x512.jpg 680w, https:\/\/lafilledecorinthe.com\/wordpress\/wp-content\/uploads\/2014\/04\/Eggleston-1280x965.jpg 1280w, https:\/\/lafilledecorinthe.com\/wordpress\/wp-content\/uploads\/2014\/04\/Eggleston-397x300.jpg 397w\" sizes=\"auto, (max-width: 2254px) 100vw, 2254px\" \/><\/a><figcaption class=\"wp-element-caption\">Untitled (Ground view of street) de William Eggleston, 1970<\/figcaption><\/figure>\n<\/div>\n\n\n<p>Un petit tour \u00e0 la Biennale d&rsquo;art contemporain du&nbsp;Whitney Museum s&rsquo;impose. Etrange, ce sont les artistes photographes qui ont retenu le plus mon attention&#8230; Zoe Leonard et sa camera obscura ( j&rsquo;adore ! ), Sarah Charlesworth, <a href=\"http:\/\/dawoudbey.net\/index.php\/photographs\/the-birmingham-project\/\" target=\"_blank\" rel=\"noopener\">Dawoud Bey<\/a>&nbsp;et Stephen Berens.<\/p>\n\n\n<div class=\"wp-block-image\">\n<figure class=\"aligncenter\"><a href=\"https:\/\/lafilledecorinthe.com\/wordpress\/wp-content\/uploads\/2014\/04\/Zoe-Leonard.jpg\"><img loading=\"lazy\" decoding=\"async\" width=\"1000\" height=\"667\" src=\"https:\/\/lafilledecorinthe.com\/wordpress\/wp-content\/uploads\/2014\/04\/Zoe-Leonard.jpg\" alt=\"945, Madison Avenue de Zoe Leonard, 2014, Withney Museum\" class=\"wp-image-4633\" srcset=\"https:\/\/lafilledecorinthe.com\/wordpress\/wp-content\/uploads\/2014\/04\/Zoe-Leonard.jpg 1000w, https:\/\/lafilledecorinthe.com\/wordpress\/wp-content\/uploads\/2014\/04\/Zoe-Leonard-680x453.jpg 680w, https:\/\/lafilledecorinthe.com\/wordpress\/wp-content\/uploads\/2014\/04\/Zoe-Leonard-449x300.jpg 449w\" sizes=\"auto, (max-width: 1000px) 100vw, 1000px\" \/><\/a><figcaption class=\"wp-element-caption\">945, Madison Avenue de Zoe Leonard, 2014, Withney Museum<\/figcaption><\/figure>\n<\/div>\n\n<div class=\"wp-block-image\">\n<figure class=\"aligncenter\"><a href=\"https:\/\/lafilledecorinthe.com\/wordpress\/wp-content\/uploads\/2014\/04\/Sarah.jpg\"><img loading=\"lazy\" decoding=\"async\" width=\"2413\" height=\"1644\" src=\"https:\/\/lafilledecorinthe.com\/wordpress\/wp-content\/uploads\/2014\/04\/Sarah.jpg\" alt=\"Work in progress (camera work) de Sarah Charlesworth, 2009\" class=\"wp-image-4634\" srcset=\"https:\/\/lafilledecorinthe.com\/wordpress\/wp-content\/uploads\/2014\/04\/Sarah.jpg 2413w, https:\/\/lafilledecorinthe.com\/wordpress\/wp-content\/uploads\/2014\/04\/Sarah-680x463.jpg 680w, https:\/\/lafilledecorinthe.com\/wordpress\/wp-content\/uploads\/2014\/04\/Sarah-1280x872.jpg 1280w, https:\/\/lafilledecorinthe.com\/wordpress\/wp-content\/uploads\/2014\/04\/Sarah-440x300.jpg 440w\" sizes=\"auto, (max-width: 2413px) 100vw, 2413px\" \/><\/a><figcaption class=\"wp-element-caption\">Work in progress (camera work) de Sarah Charlesworth, 2009<\/figcaption><\/figure>\n<\/div>\n\n<div class=\"wp-block-image\">\n<figure class=\"aligncenter\"><a href=\"https:\/\/lafilledecorinthe.com\/wordpress\/wp-content\/uploads\/2014\/04\/Dawoud.jpg\"><img loading=\"lazy\" decoding=\"async\" width=\"2425\" height=\"1842\" src=\"https:\/\/lafilledecorinthe.com\/wordpress\/wp-content\/uploads\/2014\/04\/Dawoud.jpg\" alt=\"Maxime Adams et Amelia Maxwel (Birmingham projet), Dawoud Bey, 2012\" class=\"wp-image-4635\" srcset=\"https:\/\/lafilledecorinthe.com\/wordpress\/wp-content\/uploads\/2014\/04\/Dawoud.jpg 2425w, https:\/\/lafilledecorinthe.com\/wordpress\/wp-content\/uploads\/2014\/04\/Dawoud-680x516.jpg 680w, https:\/\/lafilledecorinthe.com\/wordpress\/wp-content\/uploads\/2014\/04\/Dawoud-1280x972.jpg 1280w, https:\/\/lafilledecorinthe.com\/wordpress\/wp-content\/uploads\/2014\/04\/Dawoud-394x300.jpg 394w\" sizes=\"auto, (max-width: 2425px) 100vw, 2425px\" \/><\/a><figcaption class=\"wp-element-caption\">Maxine Adams et Amelia Maxwel (Birmingham projet), Dawoud Bey, 2012<\/figcaption><\/figure>\n<\/div>\n\n<div class=\"wp-block-image\">\n<figure class=\"aligncenter\"><a href=\"https:\/\/lafilledecorinthe.com\/wordpress\/wp-content\/uploads\/2014\/04\/Stephen.jpg\"><img loading=\"lazy\" decoding=\"async\" width=\"2405\" height=\"1440\" src=\"https:\/\/lafilledecorinthe.com\/wordpress\/wp-content\/uploads\/2014\/04\/Stephen.jpg\" alt=\"40 vues de Rome de Stephen Berens, 2005\" class=\"wp-image-4638\" srcset=\"https:\/\/lafilledecorinthe.com\/wordpress\/wp-content\/uploads\/2014\/04\/Stephen.jpg 2405w, https:\/\/lafilledecorinthe.com\/wordpress\/wp-content\/uploads\/2014\/04\/Stephen-680x407.jpg 680w, https:\/\/lafilledecorinthe.com\/wordpress\/wp-content\/uploads\/2014\/04\/Stephen-1280x766.jpg 1280w, https:\/\/lafilledecorinthe.com\/wordpress\/wp-content\/uploads\/2014\/04\/Stephen-500x300.jpg 500w\" sizes=\"auto, (max-width: 2405px) 100vw, 2405px\" \/><\/a><figcaption class=\"wp-element-caption\">40 vues de Rome de Stephen Berens, 2005<\/figcaption><\/figure>\n<\/div>\n\n\n<p>Je suis aussi fascin\u00e9e par les illusions visuelles de Miljohn Ruperto. On peut voir tout d&rsquo;abord une s\u00e9rie de photographies de plantes intitul\u00e9e \u00ab\u00a0\u00e9tudes botaniques Voynich\u00a0\u00bb. Les photos sont magnifiques, le travail sur la lumi\u00e8re est extraordinaire mais lorsqu&rsquo;on regarde un peu plus attentivement les fleurs repr\u00e9sent\u00e9es, un doute s&rsquo;installe sur la r\u00e9alit\u00e9 de ce que l&rsquo;on voit &#8230;<\/p>\n\n\n<div class=\"wp-block-image\">\n<figure class=\"aligncenter\"><a href=\"https:\/\/lafilledecorinthe.com\/wordpress\/wp-content\/uploads\/2014\/04\/ruperto_ruhe_39r-jaro_2014_1140.jpg\"><img loading=\"lazy\" decoding=\"async\" width=\"1140\" height=\"1425\" src=\"https:\/\/lafilledecorinthe.com\/wordpress\/wp-content\/uploads\/2014\/04\/ruperto_ruhe_39r-jaro_2014_1140.jpg\" alt=\"Etudes botaniques Voynich de Miljohn Ruperto et Ulrick Heltoft, 2013\" class=\"wp-image-4643\" srcset=\"https:\/\/lafilledecorinthe.com\/wordpress\/wp-content\/uploads\/2014\/04\/ruperto_ruhe_39r-jaro_2014_1140.jpg 1140w, https:\/\/lafilledecorinthe.com\/wordpress\/wp-content\/uploads\/2014\/04\/ruperto_ruhe_39r-jaro_2014_1140-544x680.jpg 544w, https:\/\/lafilledecorinthe.com\/wordpress\/wp-content\/uploads\/2014\/04\/ruperto_ruhe_39r-jaro_2014_1140-1024x1280.jpg 1024w, https:\/\/lafilledecorinthe.com\/wordpress\/wp-content\/uploads\/2014\/04\/ruperto_ruhe_39r-jaro_2014_1140-240x300.jpg 240w\" sizes=\"auto, (max-width: 1140px) 100vw, 1140px\" \/><\/a><figcaption class=\"wp-element-caption\">Etudes botaniques Voynich de Miljohn Ruperto et Ulrick Heltoft, 2013<\/figcaption><\/figure>\n<\/div>\n\n<div class=\"wp-block-image\">\n<figure class=\"aligncenter\"><a href=\"https:\/\/lafilledecorinthe.com\/wordpress\/wp-content\/uploads\/2014\/04\/ruperto_ruhe_55r_podzim_2014_639.jpg\"><img loading=\"lazy\" decoding=\"async\" width=\"639\" height=\"799\" src=\"https:\/\/lafilledecorinthe.com\/wordpress\/wp-content\/uploads\/2014\/04\/ruperto_ruhe_55r_podzim_2014_639.jpg\" alt=\"Etudes botaniques Voynich de Miljohn Ruperto et Ulrick Heltoft, 2013\" class=\"wp-image-4644\" srcset=\"https:\/\/lafilledecorinthe.com\/wordpress\/wp-content\/uploads\/2014\/04\/ruperto_ruhe_55r_podzim_2014_639.jpg 639w, https:\/\/lafilledecorinthe.com\/wordpress\/wp-content\/uploads\/2014\/04\/ruperto_ruhe_55r_podzim_2014_639-543x680.jpg 543w, https:\/\/lafilledecorinthe.com\/wordpress\/wp-content\/uploads\/2014\/04\/ruperto_ruhe_55r_podzim_2014_639-239x300.jpg 239w\" sizes=\"auto, (max-width: 639px) 100vw, 639px\" \/><\/a><figcaption class=\"wp-element-caption\">Etudes botaniques Voynich de Miljohn Ruperto et Ulrick Heltoft, 2013<\/figcaption><\/figure>\n<\/div>\n\n\n<p>Un coup d&rsquo;oeil au cartel nous apprend que ces photographies sont \u00e0 l&rsquo;origine des illustrations d&rsquo;un manuscrit du 16 i\u00e8me si\u00e8cle dont on n&rsquo;a jamais perc\u00e9 le secret ! A partir de ces dessins de plantes inconnues,&nbsp;Miljohn Ruperto et son complice&nbsp;Ulrick Heltoft ont cr\u00e9\u00e9 des plantes en 3D qui ont \u00e9t\u00e9 ensuite photographi\u00e9es en argentique &#8230; Je suis aussi tr\u00e8s attir\u00e9e par la vid\u00e9o \u00ab\u00a0Janus\u00a0\u00bb qui reprend la c\u00e9l\u00e8bre image ambigu\u00eb du \u00ab\u00a0lapin-canard\u00a0\u00bb.<\/p>\n\n\n<div class=\"wp-block-image\">\n<figure class=\"aligncenter\"><a href=\"https:\/\/lafilledecorinthe.com\/wordpress\/wp-content\/uploads\/2014\/04\/Lapin-canard.png\"><img loading=\"lazy\" decoding=\"async\" width=\"370\" height=\"314\" src=\"https:\/\/lafilledecorinthe.com\/wordpress\/wp-content\/uploads\/2014\/04\/Lapin-canard.png\" alt=\"Lapin-canard, Fliegende Bl\u00e4tter, 1892\" class=\"wp-image-4651\" srcset=\"https:\/\/lafilledecorinthe.com\/wordpress\/wp-content\/uploads\/2014\/04\/Lapin-canard.png 370w, https:\/\/lafilledecorinthe.com\/wordpress\/wp-content\/uploads\/2014\/04\/Lapin-canard-353x300.png 353w\" sizes=\"auto, (max-width: 370px) 100vw, 370px\" \/><\/a><figcaption class=\"wp-element-caption\">Lapin-canard, Fliegende Bl\u00e4tter, 1892<\/figcaption><\/figure>\n<\/div>\n\n\n<p>Troublant de voir notre perception chang\u00e9e au rythme de la respiration de cet \u00e9trange hybride bless\u00e9 &#8230; Pour le voir s&rsquo;animer quelques secondes, cliquez !&nbsp;<a href=\"https:\/\/lafilledecorinthe.com\/wordpress\/wp-content\/uploads\/2014\/04\/Janus.m4v\">Janus<\/a><\/p>\n\n\n<div class=\"wp-block-image\">\n<figure class=\"aligncenter\"><a href=\"https:\/\/lafilledecorinthe.com\/wordpress\/wp-content\/uploads\/2014\/04\/IMG_26071.jpg\"><img loading=\"lazy\" decoding=\"async\" width=\"2367\" height=\"1418\" src=\"https:\/\/lafilledecorinthe.com\/wordpress\/wp-content\/uploads\/2014\/04\/IMG_26071.jpg\" alt=\"Janus de Miljohn Ruperto, anim\u00e9 par Aim\u00e9e de Jongh, 2014\" class=\"wp-image-4652\" srcset=\"https:\/\/lafilledecorinthe.com\/wordpress\/wp-content\/uploads\/2014\/04\/IMG_26071.jpg 2367w, https:\/\/lafilledecorinthe.com\/wordpress\/wp-content\/uploads\/2014\/04\/IMG_26071-680x407.jpg 680w, https:\/\/lafilledecorinthe.com\/wordpress\/wp-content\/uploads\/2014\/04\/IMG_26071-1280x766.jpg 1280w, https:\/\/lafilledecorinthe.com\/wordpress\/wp-content\/uploads\/2014\/04\/IMG_26071-500x300.jpg 500w\" sizes=\"auto, (max-width: 2367px) 100vw, 2367px\" \/><\/a><figcaption class=\"wp-element-caption\">Janus de Miljohn Ruperto, anim\u00e9 par Aim\u00e9e de Jongh, 2014<\/figcaption><\/figure>\n<\/div>\n\n\n<p>Au MoMA, j&rsquo;ai \u00e9t\u00e9 particuli\u00e8rement sensible \u00e0 l&rsquo;expression du mouvement dans de nombreuses oeuvres s\u00e9lectionn\u00e9es pour l&rsquo;exposition <em>Un monde \u00e0 part: les pratiques photographiques dans le studio. <\/em>Les photographies multiflash d&rsquo;<a href=\"http:\/\/edgerton-digital-collections.org\/techniques\/multiflash\" target=\"_blank\" rel=\"noopener\">Harold Edgerton<\/a>, les s\u00e9quences photographiques d&rsquo;Eadweard Muybridge \u00e0 John Balessari et la vid\u00e9o de Peter Fischli et David Weiss&#8230;<\/p>\n\n\n<div class=\"wp-block-image\">\n<figure class=\"aligncenter\"><a href=\"https:\/\/lafilledecorinthe.com\/wordpress\/wp-content\/uploads\/2014\/04\/Muybridge.jpg\"><img loading=\"lazy\" decoding=\"async\" width=\"500\" height=\"273\" src=\"https:\/\/lafilledecorinthe.com\/wordpress\/wp-content\/uploads\/2014\/04\/Muybridge.jpg\" alt=\"Cockatoo vol: Plaque 762 de Animal Locomotion d'Eadweard Muybridge, 1884_1886\" class=\"wp-image-4684\"\/><\/a><figcaption class=\"wp-element-caption\">Cockatoo vol: Plaque 762 de Animal Locomotion d&rsquo;Eadweard Muybridge, 1884_1886<\/figcaption><\/figure>\n<\/div>\n\n<div class=\"wp-block-image\">\n<figure class=\"aligncenter\"><a href=\"https:\/\/lafilledecorinthe.com\/wordpress\/wp-content\/uploads\/2014\/04\/golfeur.jpg\"><img loading=\"lazy\" decoding=\"async\" width=\"468\" height=\"420\" src=\"https:\/\/lafilledecorinthe.com\/wordpress\/wp-content\/uploads\/2014\/04\/golfeur.jpg\" alt=\"Golfeur d'Harold Edgerton, 1937\" class=\"wp-image-4685\" srcset=\"https:\/\/lafilledecorinthe.com\/wordpress\/wp-content\/uploads\/2014\/04\/golfeur.jpg 468w, https:\/\/lafilledecorinthe.com\/wordpress\/wp-content\/uploads\/2014\/04\/golfeur-334x300.jpg 334w\" sizes=\"auto, (max-width: 468px) 100vw, 468px\" \/><\/a><figcaption class=\"wp-element-caption\">Golfeur d&rsquo;Harold Edgerton, 1937<\/figcaption><\/figure>\n<\/div>\n\n<div class=\"wp-block-image\">\n<figure class=\"aligncenter\"><a href=\"https:\/\/lafilledecorinthe.com\/wordpress\/wp-content\/uploads\/2014\/04\/Charlie-Chaplin.jpg\"><img loading=\"lazy\" decoding=\"async\" width=\"500\" height=\"235\" src=\"https:\/\/lafilledecorinthe.com\/wordpress\/wp-content\/uploads\/2014\/04\/Charlie-Chaplin.jpg\" alt=\"Charlie Chaplin d'Edward Steichen, 1931\" class=\"wp-image-4686\"\/><\/a><figcaption class=\"wp-element-caption\">Charlie Chaplin d&rsquo;Edward Steichen, 1931<\/figcaption><\/figure>\n<\/div>\n\n<div class=\"wp-block-image\">\n<figure class=\"aligncenter\"><a href=\"https:\/\/lafilledecorinthe.com\/wordpress\/wp-content\/uploads\/2014\/04\/wegman.jpg\"><img loading=\"lazy\" decoding=\"async\" width=\"500\" height=\"208\" src=\"https:\/\/lafilledecorinthe.com\/wordpress\/wp-content\/uploads\/2014\/04\/wegman.jpg\" alt=\"Dropping Milk de William Wegman, 1971\" class=\"wp-image-4687\"\/><\/a><figcaption class=\"wp-element-caption\">Dropping Milk de William Wegman, 1971<\/figcaption><\/figure>\n<\/div>\n\n<div class=\"wp-block-image\">\n<figure class=\"aligncenter\"><a href=\"https:\/\/lafilledecorinthe.com\/wordpress\/wp-content\/uploads\/2014\/04\/Blume.jpg\"><img loading=\"lazy\" decoding=\"async\" width=\"500\" height=\"158\" src=\"https:\/\/lafilledecorinthe.com\/wordpress\/wp-content\/uploads\/2014\/04\/Blume.jpg\" alt=\"Kitchen Frenzy d'Anna et Bernhard Blume, 1986\" class=\"wp-image-4688\"\/><\/a><figcaption class=\"wp-element-caption\">Kitchen Frenzy d&rsquo;Anna et Bernhard Blume, 1986<\/figcaption><\/figure>\n<\/div>\n\n<div class=\"wp-block-image\">\n<figure class=\"aligncenter\"><a href=\"https:\/\/lafilledecorinthe.com\/wordpress\/wp-content\/uploads\/2014\/04\/john-baldessari.jpg\"><img loading=\"lazy\" decoding=\"async\" width=\"576\" height=\"264\" src=\"https:\/\/lafilledecorinthe.com\/wordpress\/wp-content\/uploads\/2014\/04\/john-baldessari.jpg\" alt=\"Throwing four balls in the air to get a square de John Baldessari, 1972-73\" class=\"wp-image-4689\" srcset=\"https:\/\/lafilledecorinthe.com\/wordpress\/wp-content\/uploads\/2014\/04\/john-baldessari.jpg 576w, https:\/\/lafilledecorinthe.com\/wordpress\/wp-content\/uploads\/2014\/04\/john-baldessari-500x229.jpg 500w\" sizes=\"auto, (max-width: 576px) 100vw, 576px\" \/><\/a><figcaption class=\"wp-element-caption\">Throwing four balls in the air to get a square de John Baldessari, 1972-73<\/figcaption><\/figure>\n<\/div>\n\n\n<p>Extrait de 3 min de la vid\u00e9o \u00ab\u00a0The way things go\u00a0\u00bb de Peter Fischli et David Weiss, 1987<br>(30 min)<\/p>\n\n\n\n<figure class=\"wp-block-embed is-type-video is-provider-youtube wp-block-embed-youtube wp-embed-aspect-4-3 wp-has-aspect-ratio\"><div class=\"wp-block-embed__wrapper\">\n<iframe loading=\"lazy\" title=\"THE WAY THINGS GO Clip | From Fischli and Weiss\" width=\"720\" height=\"540\" src=\"https:\/\/www.youtube.com\/embed\/GXrRC3pfLnE?feature=oembed\" frameborder=\"0\" allow=\"accelerometer; autoplay; clipboard-write; encrypted-media; gyroscope; picture-in-picture; web-share\" referrerpolicy=\"strict-origin-when-cross-origin\" allowfullscreen><\/iframe>\n<\/div><\/figure>\n\n\n\n<p><\/p>\n\n\n\n<p>Et encore&#8230; Carrie Mae Weems au Guggenheim museum, Marville et Kentridge au Met !<\/p>\n\n\n<div class=\"wp-block-image\">\n<figure class=\"aligncenter\"><a href=\"https:\/\/lafilledecorinthe.com\/wordpress\/wp-content\/uploads\/2014\/04\/473_Carrie-Mae-Weems-at-998664.jpg\"><img loading=\"lazy\" decoding=\"async\" width=\"360\" height=\"363\" src=\"https:\/\/lafilledecorinthe.com\/wordpress\/wp-content\/uploads\/2014\/04\/473_Carrie-Mae-Weems-at-998664.jpg\" alt=\"Kitchen table s\u00e9ries de Carrie Mae Weems, 1990\" class=\"wp-image-4657\" srcset=\"https:\/\/lafilledecorinthe.com\/wordpress\/wp-content\/uploads\/2014\/04\/473_Carrie-Mae-Weems-at-998664.jpg 360w, https:\/\/lafilledecorinthe.com\/wordpress\/wp-content\/uploads\/2014\/04\/473_Carrie-Mae-Weems-at-998664-297x300.jpg 297w\" sizes=\"auto, (max-width: 360px) 100vw, 360px\" \/><\/a><figcaption class=\"wp-element-caption\">Kitchen table s\u00e9ries de Carrie Mae Weems, 1990<\/figcaption><\/figure>\n<\/div>\n\n<div class=\"wp-block-image\">\n<figure class=\"aligncenter\"><a href=\"https:\/\/lafilledecorinthe.com\/wordpress\/wp-content\/uploads\/2014\/04\/JPMARVILLE2-articleLarge.jpg\"><img loading=\"lazy\" decoding=\"async\" width=\"600\" height=\"451\" src=\"https:\/\/lafilledecorinthe.com\/wordpress\/wp-content\/uploads\/2014\/04\/JPMARVILLE2-articleLarge.jpg\" alt=\"Les rives de la Bi\u00e8vre de Charles Marville, 1862\" class=\"wp-image-4658\" srcset=\"https:\/\/lafilledecorinthe.com\/wordpress\/wp-content\/uploads\/2014\/04\/JPMARVILLE2-articleLarge.jpg 600w, https:\/\/lafilledecorinthe.com\/wordpress\/wp-content\/uploads\/2014\/04\/JPMARVILLE2-articleLarge-399x300.jpg 399w\" sizes=\"auto, (max-width: 600px) 100vw, 600px\" \/><\/a><figcaption class=\"wp-element-caption\">Les rives de la Bi\u00e8vre de Charles Marville, 1862<\/figcaption><\/figure>\n<\/div>\n\n<div class=\"wp-block-image\">\n<figure class=\"aligncenter\"><a href=\"https:\/\/lafilledecorinthe.com\/wordpress\/wp-content\/uploads\/2014\/04\/Kentridge.jpg\"><img loading=\"lazy\" decoding=\"async\" width=\"600\" height=\"400\" src=\"https:\/\/lafilledecorinthe.com\/wordpress\/wp-content\/uploads\/2014\/04\/Kentridge.jpg\" alt=\"The refusal of time de William Kentridge, 2012\" class=\"wp-image-4659\" srcset=\"https:\/\/lafilledecorinthe.com\/wordpress\/wp-content\/uploads\/2014\/04\/Kentridge.jpg 600w, https:\/\/lafilledecorinthe.com\/wordpress\/wp-content\/uploads\/2014\/04\/Kentridge-450x300.jpg 450w\" sizes=\"auto, (max-width: 600px) 100vw, 600px\" \/><\/a><figcaption class=\"wp-element-caption\">The refusal of time de William Kentridge, 2012<\/figcaption><\/figure>\n<\/div>\n\n\n<p>J&rsquo;ai aussi beaucoup appr\u00e9ci\u00e9 jouer au <a href=\"http:\/\/www.moma.org\/visit\/calendar\/exhibitions\/1433\" target=\"_blank\" rel=\"noopener\">MoMA Art Lab<\/a> et au mus\u00e9e du cin\u00e9ma ! R\u00e9aliser des petites s\u00e9ances anim\u00e9es&nbsp;et des flipbook photographiques, jouer avec la bande son des films, je ne m&rsquo;en lasse pas !<\/p>\n\n\n<div class=\"wp-block-image\">\n<figure class=\"aligncenter\"><a href=\"https:\/\/lafilledecorinthe.com\/wordpress\/wp-content\/uploads\/2014\/04\/Moma.jpg\"><img loading=\"lazy\" decoding=\"async\" width=\"2592\" height=\"1936\" src=\"https:\/\/lafilledecorinthe.com\/wordpress\/wp-content\/uploads\/2014\/04\/Moma.jpg\" alt=\"Moma\" class=\"wp-image-4661\" srcset=\"https:\/\/lafilledecorinthe.com\/wordpress\/wp-content\/uploads\/2014\/04\/Moma.jpg 2592w, https:\/\/lafilledecorinthe.com\/wordpress\/wp-content\/uploads\/2014\/04\/Moma-680x507.jpg 680w, https:\/\/lafilledecorinthe.com\/wordpress\/wp-content\/uploads\/2014\/04\/Moma-1280x956.jpg 1280w, https:\/\/lafilledecorinthe.com\/wordpress\/wp-content\/uploads\/2014\/04\/Moma-401x300.jpg 401w\" sizes=\"auto, (max-width: 2592px) 100vw, 2592px\" \/><\/a><figcaption class=\"wp-element-caption\">MoMa Art Lab, atelier cin\u00e9ma d&rsquo;animation<\/figcaption><\/figure>\n<\/div>\n\n\n<p>Cliquez ! <a href=\"https:\/\/lafilledecorinthe.com\/wordpress\/wp-content\/uploads\/2014\/04\/\u00e7a-bouge-.m4v\">\u00e7a bouge !<\/a><\/p>\n\n\n<div class=\"wp-block-image wp-image-4668\">\n<figure class=\"aligncenter\"><img loading=\"lazy\" decoding=\"async\" width=\"2592\" height=\"1936\" src=\"https:\/\/lafilledecorinthe.com\/wordpress\/wp-content\/uploads\/2014\/04\/Asturia1.jpg\" alt=\"Atelier bruitage au mus\u00e9e du cin\u00e9ma Kaufman Asturia \" class=\"wp-image-4668\" srcset=\"https:\/\/lafilledecorinthe.com\/wordpress\/wp-content\/uploads\/2014\/04\/Asturia1.jpg 2592w, https:\/\/lafilledecorinthe.com\/wordpress\/wp-content\/uploads\/2014\/04\/Asturia1-680x507.jpg 680w, https:\/\/lafilledecorinthe.com\/wordpress\/wp-content\/uploads\/2014\/04\/Asturia1-1280x956.jpg 1280w, https:\/\/lafilledecorinthe.com\/wordpress\/wp-content\/uploads\/2014\/04\/Asturia1-401x300.jpg 401w\" sizes=\"auto, (max-width: 2592px) 100vw, 2592px\" \/><figcaption class=\"wp-element-caption\">Atelier bruitage au mus\u00e9e du cin\u00e9ma Kaufman Asturia<\/figcaption><\/figure>\n<\/div>\n\n\n<p>De retour en France, je me pr\u00e9cipite pour voir \u00ab\u00a0Les amants \u00e9lectriques\u00a0\u00bb de Bill Plymton, le voyage se poursuit &#8230;<\/p>\n\n\n<div class=\"wp-block-image\">\n<figure class=\"aligncenter\"><a href=\"https:\/\/lafilledecorinthe.com\/wordpress\/wp-content\/uploads\/2014\/04\/les-amants-electriques_affiche1.jpg\"><img loading=\"lazy\" decoding=\"async\" width=\"1193\" height=\"1600\" src=\"https:\/\/lafilledecorinthe.com\/wordpress\/wp-content\/uploads\/2014\/04\/les-amants-electriques_affiche1.jpg\" alt=\"les-amants-electriques_affiche1\" class=\"wp-image-4674\" srcset=\"https:\/\/lafilledecorinthe.com\/wordpress\/wp-content\/uploads\/2014\/04\/les-amants-electriques_affiche1.jpg 1193w, https:\/\/lafilledecorinthe.com\/wordpress\/wp-content\/uploads\/2014\/04\/les-amants-electriques_affiche1-507x680.jpg 507w, https:\/\/lafilledecorinthe.com\/wordpress\/wp-content\/uploads\/2014\/04\/les-amants-electriques_affiche1-954x1280.jpg 954w, https:\/\/lafilledecorinthe.com\/wordpress\/wp-content\/uploads\/2014\/04\/les-amants-electriques_affiche1-223x300.jpg 223w\" sizes=\"auto, (max-width: 1193px) 100vw, 1193px\" \/><\/a><\/figure>\n<\/div>\n\n\n<p class=\"has-text-align-center\"><\/p>\n","protected":false},"excerpt":{"rendered":"<p>New York et la d\u00e9couverte d&rsquo;une ville \u00e0 travers le regard des photographes et des cin\u00e9astes qui l&rsquo;ont arpent\u00e9e avant moi &#8230; Alfred Stieglitz, Edward Steichen, Berenice Abbott, Walker Evans, Paul Strand, Lewis Hine, Diane Arbus, Garry Winogrand, Lee Friedlander, William Klein, Paul Graham &#8230; Impossible de faire une liste exhaustive des photographes qui ont&#8230;<\/p>\n","protected":false},"author":2,"featured_media":4576,"comment_status":"open","ping_status":"open","sticky":false,"template":"","format":"standard","meta":{"_kad_post_transparent":"","_kad_post_title":"","_kad_post_layout":"","_kad_post_sidebar_id":"","_kad_post_content_style":"","_kad_post_vertical_padding":"","_kad_post_feature":"","_kad_post_feature_position":"","_kad_post_header":false,"_kad_post_footer":false,"_kad_post_classname":"","footnotes":""},"categories":[6],"tags":[786,783,781,785,788,794,782,789,795,787,792,790,780,500,793,107,796,791,784],"class_list":["post-4574","post","type-post","status-publish","format-standard","has-post-thumbnail","hentry","category-blog","tag-biennale-dart-contemporain-du-whitney-museum","tag-capa-in-color","tag-cinema","tag-edward-hopper","tag-etudes-botaniques-voynich","tag-harold-edgerton","tag-international-center-of-photography","tag-janus","tag-john-balessari","tag-miljohn-ruperto","tag-moma","tag-musee-du-cinema-kaufman-asturia","tag-new-york","tag-peter-fischli-et-david-weiss","tag-photo","tag-photographie","tag-the-way-things-go","tag-un-monde-a-part-les-pratiques-photographiques-dans-le-studio","tag-william-eggleston"],"_links":{"self":[{"href":"https:\/\/lafilledecorinthe.com\/wordpress\/wp-json\/wp\/v2\/posts\/4574","targetHints":{"allow":["GET"]}}],"collection":[{"href":"https:\/\/lafilledecorinthe.com\/wordpress\/wp-json\/wp\/v2\/posts"}],"about":[{"href":"https:\/\/lafilledecorinthe.com\/wordpress\/wp-json\/wp\/v2\/types\/post"}],"author":[{"embeddable":true,"href":"https:\/\/lafilledecorinthe.com\/wordpress\/wp-json\/wp\/v2\/users\/2"}],"replies":[{"embeddable":true,"href":"https:\/\/lafilledecorinthe.com\/wordpress\/wp-json\/wp\/v2\/comments?post=4574"}],"version-history":[{"count":76,"href":"https:\/\/lafilledecorinthe.com\/wordpress\/wp-json\/wp\/v2\/posts\/4574\/revisions"}],"predecessor-version":[{"id":15420,"href":"https:\/\/lafilledecorinthe.com\/wordpress\/wp-json\/wp\/v2\/posts\/4574\/revisions\/15420"}],"wp:featuredmedia":[{"embeddable":true,"href":"https:\/\/lafilledecorinthe.com\/wordpress\/wp-json\/wp\/v2\/media\/4576"}],"wp:attachment":[{"href":"https:\/\/lafilledecorinthe.com\/wordpress\/wp-json\/wp\/v2\/media?parent=4574"}],"wp:term":[{"taxonomy":"category","embeddable":true,"href":"https:\/\/lafilledecorinthe.com\/wordpress\/wp-json\/wp\/v2\/categories?post=4574"},{"taxonomy":"post_tag","embeddable":true,"href":"https:\/\/lafilledecorinthe.com\/wordpress\/wp-json\/wp\/v2\/tags?post=4574"}],"curies":[{"name":"wp","href":"https:\/\/api.w.org\/{rel}","templated":true}]}}