{"id":4452,"date":"2014-04-17T16:00:41","date_gmt":"2014-04-17T15:00:41","guid":{"rendered":"http:\/\/lafilledecorinthe.com\/wordpress\/?p=4452"},"modified":"2025-12-10T13:14:16","modified_gmt":"2025-12-10T12:14:16","slug":"le-musee-imaginaire-dhenri-langlois","status":"publish","type":"post","link":"https:\/\/lafilledecorinthe.com\/wordpress\/2014\/04\/le-musee-imaginaire-dhenri-langlois\/","title":{"rendered":"Le mus\u00e9e imaginaire d&rsquo;Henri Langlois"},"content":{"rendered":"\n<p>Je vous invite \u00e0 courir voir l&rsquo;exposition consacr\u00e9e \u00e0 Henri Langlois. Pour le plaisir des yeux tout d&rsquo;abord ! Le montage r\u00e9alis\u00e9 par Dominique Pa\u00efni est un pur bonheur visuel. Un kal\u00e9idoscope d&rsquo;oeuvres r\u00e9centes c\u00f4toie les oeuvres aim\u00e9es et d\u00e9fendues par Langlois. Une jolie mani\u00e8re de f\u00eater ses 100 ans sans le plonger dans la naphtaline.<\/p>\n\n\n<div class=\"wp-block-image\">\n<figure class=\"aligncenter\"><a href=\"https:\/\/lafilledecorinthe.com\/wordpress\/wp-content\/uploads\/2014\/04\/donne-moi-tes-yeux.jpg\"><img loading=\"lazy\" decoding=\"async\" width=\"550\" height=\"418\" src=\"https:\/\/lafilledecorinthe.com\/wordpress\/wp-content\/uploads\/2014\/04\/donne-moi-tes-yeux.jpg\" alt=\"Donne-moi tes yeux \u00a9 Henri  Foucault\" class=\"wp-image-4515\" srcset=\"https:\/\/lafilledecorinthe.com\/wordpress\/wp-content\/uploads\/2014\/04\/donne-moi-tes-yeux.jpg 550w, https:\/\/lafilledecorinthe.com\/wordpress\/wp-content\/uploads\/2014\/04\/donne-moi-tes-yeux-394x300.jpg 394w\" sizes=\"auto, (max-width: 550px) 100vw, 550px\" \/><\/a><figcaption class=\"wp-element-caption\">Donne-moi tes yeux \u00a9 Henri Foucault<\/figcaption><\/figure>\n<\/div>\n\n\n<p>Toutes les images passionnaient Langlois, les extraits de films partagent l&rsquo;espace d&rsquo;exposition avec les planches color\u00e9es de Matisse, les peintures de Gino Severini, les \u00ab\u00a0<a href=\"http:\/\/televandalist.com\/post\/31365653440\/marcel-duchamp-rotoreliefs-duchamp-recognized\" target=\"_blank\" rel=\"noopener\">rotoreliefs<\/a>\u00a0\u00bb de Marcel Duchamp, les dessins de Fischinger, les photographies de Germaine Krull&#8230; Langlois ne doutait pas que le cin\u00e9ma est un art, si la salle de cin\u00e9ma est son espace naturel, le mus\u00e9e est sa deuxi\u00e8me maison.<\/p>\n\n\n<div class=\"wp-block-image\">\n<figure class=\"aligncenter\"><a href=\"https:\/\/lafilledecorinthe.com\/wordpress\/wp-content\/uploads\/2014\/04\/22-victor-vasarely-essai-de-logo-pour-le-musc3a9e-du-cinc3a9ma-1970.jpg\"><img loading=\"lazy\" decoding=\"async\" width=\"450\" height=\"627\" src=\"https:\/\/lafilledecorinthe.com\/wordpress\/wp-content\/uploads\/2014\/04\/22-victor-vasarely-essai-de-logo-pour-le-musc3a9e-du-cinc3a9ma-1970.jpg\" alt=\"Victor Vasarely, essai de logo pour le mus\u00e9e du cin\u00e9ma \u00a9 ADAGP, Paris, 2014\" class=\"wp-image-4514\" srcset=\"https:\/\/lafilledecorinthe.com\/wordpress\/wp-content\/uploads\/2014\/04\/22-victor-vasarely-essai-de-logo-pour-le-musc3a9e-du-cinc3a9ma-1970.jpg 450w, https:\/\/lafilledecorinthe.com\/wordpress\/wp-content\/uploads\/2014\/04\/22-victor-vasarely-essai-de-logo-pour-le-musc3a9e-du-cinc3a9ma-1970-215x300.jpg 215w\" sizes=\"auto, (max-width: 450px) 100vw, 450px\" \/><\/a><figcaption class=\"wp-element-caption\">Victor Vasarely, essai de logo pour le mus\u00e9e du cin\u00e9ma \u00a9 ADAGP, Paris, 2014<\/figcaption><\/figure>\n<\/div>\n\n\n<p>L&rsquo;exposition permet aussi d&rsquo;aller \u00e0 l&rsquo;essentiel. Au-del\u00e0 des anecdotes, que retient-on de cet homme ? C&rsquo;\u00e9tait un acharn\u00e9, il s&rsquo;est donn\u00e9 tr\u00e8s jeune une mission, sauver les films de la destruction et de l&rsquo;oubli. Pour cela il a consacr\u00e9 sa vie \u00e0 collecter inlassablement les bobines des films pour pouvoir les montrer. Il n&rsquo;\u00e9tait pas un archiviste mais un passeur. La m\u00e9moire des hommes est encore le lieu de stockage le plus s\u00fbr ! La vitrine consacr\u00e9e aux listes des programmes cin\u00e9ma con\u00e7us par Langlois est le coeur de l&rsquo;exposition, j&rsquo;ai \u00e9t\u00e9 particuli\u00e8rement touch\u00e9e par la place qu&rsquo;il accordait aux films d&rsquo;animation&#8230; Grimault et Alexeieff sont programm\u00e9s avec Renoir, Bunuel, Vigo &#8230;<\/p>\n\n\n<div class=\"wp-block-image\">\n<figure class=\"aligncenter\"><a href=\"https:\/\/lafilledecorinthe.com\/wordpress\/wp-content\/uploads\/2014\/04\/Exposition-de-dessin-anim\u00e9.jpg\"><img loading=\"lazy\" decoding=\"async\" width=\"455\" height=\"660\" src=\"https:\/\/lafilledecorinthe.com\/wordpress\/wp-content\/uploads\/2014\/04\/Exposition-de-dessin-anim\u00e9.jpg\" alt=\"Exposition du dessin anim\u00e91945-46 \u00a9 ADAGP, Paris, 2014\" class=\"wp-image-4524\" srcset=\"https:\/\/lafilledecorinthe.com\/wordpress\/wp-content\/uploads\/2014\/04\/Exposition-de-dessin-anim\u00e9.jpg 455w, https:\/\/lafilledecorinthe.com\/wordpress\/wp-content\/uploads\/2014\/04\/Exposition-de-dessin-anim\u00e9-206x300.jpg 206w\" sizes=\"auto, (max-width: 455px) 100vw, 455px\" \/><\/a><figcaption class=\"wp-element-caption\">Exposition du dessin anim\u00e9 1945-46 \u00a9 ADAGP, Paris, 2014<\/figcaption><\/figure>\n<\/div>\n\n\n<p>Une autre id\u00e9e forte qu&rsquo;il d\u00e9fendait concerne la naissance du cin\u00e9ma. Si le 28 d\u00e9cembre 1895&nbsp;est une date clef, elle n&rsquo;est pas pour lui fondatrice. J&rsquo;aime cette id\u00e9e d&rsquo;un cin\u00e9ma latent \u00e0 l&rsquo;humanit\u00e9, pr\u00e9sent d\u00e8s les premi\u00e8res ombres vacillantes&#8230; Il collectait &nbsp;les lanternes magiques et les jouets optiques avec fr\u00e9n\u00e9sie. On peut admirer nombre de ces objets dans l&rsquo;exposition permanente de la cin\u00e9math\u00e8que&#8230; Il a expos\u00e9 et d\u00e9fendu les oeuvres des pionniers de l&rsquo;art anim\u00e9, Emile Reynaud, Etienne-Jules Marey, Emile Cohl&#8230;<\/p>\n\n\n<div class=\"wp-block-image\">\n<figure class=\"aligncenter\"><a href=\"https:\/\/lafilledecorinthe.com\/wordpress\/wp-content\/uploads\/2014\/04\/18-cat_langlois-826_a044_img0097.jpg\"><img loading=\"lazy\" decoding=\"async\" width=\"2000\" height=\"2924\" src=\"https:\/\/lafilledecorinthe.com\/wordpress\/wp-content\/uploads\/2014\/04\/18-cat_langlois-826_a044_img0097.jpg\" alt=\"Dessin de Marc Chagall, 1955 \u00a9 ADAGP, Paris 2014\" class=\"wp-image-4554\" srcset=\"https:\/\/lafilledecorinthe.com\/wordpress\/wp-content\/uploads\/2014\/04\/18-cat_langlois-826_a044_img0097.jpg 2000w, https:\/\/lafilledecorinthe.com\/wordpress\/wp-content\/uploads\/2014\/04\/18-cat_langlois-826_a044_img0097-465x680.jpg 465w, https:\/\/lafilledecorinthe.com\/wordpress\/wp-content\/uploads\/2014\/04\/18-cat_langlois-826_a044_img0097-875x1280.jpg 875w, https:\/\/lafilledecorinthe.com\/wordpress\/wp-content\/uploads\/2014\/04\/18-cat_langlois-826_a044_img0097-205x300.jpg 205w\" sizes=\"auto, (max-width: 2000px) 100vw, 2000px\" \/><\/a><figcaption class=\"wp-element-caption\">Dessin de Marc Chagall, 1955 \u00a9 ADAGP, Paris 2014<\/figcaption><\/figure>\n<\/div>\n\n\n<p>Le plaisir de l&rsquo;exposition est prolong\u00e9 par le catalogue qui l&rsquo;accompagne. Aucune envie de r\u00e9sister \u00e0 cette tr\u00e8s belle couverture ! Il vous faudra quitter l&rsquo;\u00e9cran de votre ordinateur et vous d\u00e9placer dans une librairie pour sentir sous vos doigts le papier glac\u00e9 de la photo s&rsquo;opposant au contact duveteux du carton&#8230; Apr\u00e8s avoir jou\u00e9 avec l&rsquo;\u00e9lastique vous d\u00e9couvrirez un ensemble de t\u00e9moignages qui compose peu \u00e0 peu le portrait passionnant d&rsquo;un homme aux multiples facettes. Vive Langlois ! Vive la cin\u00e9math\u00e8que !<\/p>\n\n\n<div class=\"wp-block-image\">\n<figure class=\"aligncenter\"><a href=\"https:\/\/lafilledecorinthe.com\/wordpress\/wp-content\/uploads\/2014\/04\/catalogue.jpg\"><img loading=\"lazy\" decoding=\"async\" width=\"400\" height=\"438\" src=\"https:\/\/lafilledecorinthe.com\/wordpress\/wp-content\/uploads\/2014\/04\/catalogue.jpg\" alt=\"catalogue\" class=\"wp-image-4546\" srcset=\"https:\/\/lafilledecorinthe.com\/wordpress\/wp-content\/uploads\/2014\/04\/catalogue.jpg 400w, https:\/\/lafilledecorinthe.com\/wordpress\/wp-content\/uploads\/2014\/04\/catalogue-273x300.jpg 273w\" sizes=\"auto, (max-width: 400px) 100vw, 400px\" \/><\/a><\/figure>\n<\/div>\n\n\n<p class=\"has-text-align-center\"><\/p>\n\n\n<div class=\"wp-block-image\">\n<figure class=\"aligncenter\"><a href=\"https:\/\/lafilledecorinthe.com\/wordpress\/wp-content\/uploads\/2014\/04\/IMG_2190.jpg\"><img loading=\"lazy\" decoding=\"async\" width=\"1936\" height=\"2592\" src=\"https:\/\/lafilledecorinthe.com\/wordpress\/wp-content\/uploads\/2014\/04\/IMG_2190.jpg\" alt=\"Vive Langlois de Basile Pasch, 1968\" class=\"wp-image-4551\" srcset=\"https:\/\/lafilledecorinthe.com\/wordpress\/wp-content\/uploads\/2014\/04\/IMG_2190.jpg 1936w, https:\/\/lafilledecorinthe.com\/wordpress\/wp-content\/uploads\/2014\/04\/IMG_2190-507x680.jpg 507w, https:\/\/lafilledecorinthe.com\/wordpress\/wp-content\/uploads\/2014\/04\/IMG_2190-956x1280.jpg 956w, https:\/\/lafilledecorinthe.com\/wordpress\/wp-content\/uploads\/2014\/04\/IMG_2190-224x300.jpg 224w\" sizes=\"auto, (max-width: 1936px) 100vw, 1936px\" \/><\/a><figcaption class=\"wp-element-caption\">Vive Langlois de Basile Pasch, 1968<\/figcaption><\/figure>\n<\/div>","protected":false},"excerpt":{"rendered":"<p>Je vous invite \u00e0 courir voir l&rsquo;exposition consacr\u00e9e \u00e0 Henri Langlois. Pour le plaisir des yeux tout d&rsquo;abord ! Le montage r\u00e9alis\u00e9 par Dominique Pa\u00efni est un pur bonheur visuel. Un kal\u00e9idoscope d&rsquo;oeuvres r\u00e9centes c\u00f4toie les oeuvres aim\u00e9es et d\u00e9fendues par Langlois. Une jolie mani\u00e8re de f\u00eater ses 100 ans sans le plonger dans la&#8230;<\/p>\n","protected":false},"author":2,"featured_media":4453,"comment_status":"open","ping_status":"open","sticky":false,"template":"","format":"standard","meta":{"_kad_post_transparent":"","_kad_post_title":"","_kad_post_layout":"","_kad_post_sidebar_id":"","_kad_post_content_style":"","_kad_post_vertical_padding":"","_kad_post_feature":"","_kad_post_feature_position":"","_kad_post_header":false,"_kad_post_footer":false,"_kad_post_classname":"","footnotes":""},"categories":[6],"tags":[772,769,773,352,766,767,770,199,771,778,779,776,28,768,765,764,256,777,775,395,774],"class_list":["post-4452","post","type-post","status-publish","format-standard","has-post-thumbnail","hentry","category-blog","tag-alexeieff","tag-basile-pasch","tag-bunuel","tag-cinematheque","tag-dominique-paini","tag-donne-moi-tes-yeux","tag-emile-cohl","tag-emile-reynaud","tag-etienne-jules-marey","tag-fischinger","tag-germaine-krull","tag-gino-severini","tag-grimault","tag-henri-foucault","tag-henri-langlois","tag-le-musee-imaginaire","tag-marc-chagall","tag-marcel-duchamp","tag-matisse","tag-renoir","tag-vigo"],"_links":{"self":[{"href":"https:\/\/lafilledecorinthe.com\/wordpress\/wp-json\/wp\/v2\/posts\/4452","targetHints":{"allow":["GET"]}}],"collection":[{"href":"https:\/\/lafilledecorinthe.com\/wordpress\/wp-json\/wp\/v2\/posts"}],"about":[{"href":"https:\/\/lafilledecorinthe.com\/wordpress\/wp-json\/wp\/v2\/types\/post"}],"author":[{"embeddable":true,"href":"https:\/\/lafilledecorinthe.com\/wordpress\/wp-json\/wp\/v2\/users\/2"}],"replies":[{"embeddable":true,"href":"https:\/\/lafilledecorinthe.com\/wordpress\/wp-json\/wp\/v2\/comments?post=4452"}],"version-history":[{"count":59,"href":"https:\/\/lafilledecorinthe.com\/wordpress\/wp-json\/wp\/v2\/posts\/4452\/revisions"}],"predecessor-version":[{"id":15397,"href":"https:\/\/lafilledecorinthe.com\/wordpress\/wp-json\/wp\/v2\/posts\/4452\/revisions\/15397"}],"wp:featuredmedia":[{"embeddable":true,"href":"https:\/\/lafilledecorinthe.com\/wordpress\/wp-json\/wp\/v2\/media\/4453"}],"wp:attachment":[{"href":"https:\/\/lafilledecorinthe.com\/wordpress\/wp-json\/wp\/v2\/media?parent=4452"}],"wp:term":[{"taxonomy":"category","embeddable":true,"href":"https:\/\/lafilledecorinthe.com\/wordpress\/wp-json\/wp\/v2\/categories?post=4452"},{"taxonomy":"post_tag","embeddable":true,"href":"https:\/\/lafilledecorinthe.com\/wordpress\/wp-json\/wp\/v2\/tags?post=4452"}],"curies":[{"name":"wp","href":"https:\/\/api.w.org\/{rel}","templated":true}]}}