{"id":4435,"date":"2014-06-05T22:01:51","date_gmt":"2014-06-05T21:01:51","guid":{"rendered":"http:\/\/lafilledecorinthe.com\/wordpress\/?p=4435"},"modified":"2025-12-07T08:49:22","modified_gmt":"2025-12-07T07:49:22","slug":"lecole-maternelle-halphen-et-le-cinema-danimation","status":"publish","type":"post","link":"https:\/\/lafilledecorinthe.com\/wordpress\/2014\/06\/lecole-maternelle-halphen-et-le-cinema-danimation\/","title":{"rendered":"L&rsquo;\u00e9cole Maternelle Halphen et le cin\u00e9ma d&rsquo;animation"},"content":{"rendered":"<div class=\"wp-block-image\">\n<figure class=\"aligncenter\"><a href=\"https:\/\/lafilledecorinthe.com\/wordpress\/wp-content\/uploads\/2014\/04\/insectes4.jpg\"><img loading=\"lazy\" decoding=\"async\" width=\"4000\" height=\"3000\" src=\"https:\/\/lafilledecorinthe.com\/wordpress\/wp-content\/uploads\/2014\/04\/insectes4.jpg\" alt=\"insectes4\" class=\"wp-image-4436\" srcset=\"https:\/\/lafilledecorinthe.com\/wordpress\/wp-content\/uploads\/2014\/04\/insectes4.jpg 4000w, https:\/\/lafilledecorinthe.com\/wordpress\/wp-content\/uploads\/2014\/04\/insectes4-680x510.jpg 680w, https:\/\/lafilledecorinthe.com\/wordpress\/wp-content\/uploads\/2014\/04\/insectes4-1280x960.jpg 1280w, https:\/\/lafilledecorinthe.com\/wordpress\/wp-content\/uploads\/2014\/04\/insectes4-400x300.jpg 400w\" sizes=\"auto, (max-width: 4000px) 100vw, 4000px\" \/><\/a><\/figure>\n<\/div>\n\n\n<p>C&rsquo;est au tour des enfants de l&rsquo;\u00e9cole maternelle Halphen de Ville d&rsquo;Avray de percer le myst\u00e8re des images qui bougent. La programmation con\u00e7ue sp\u00e9cifiquement pour les jeunes \u00e9coliers de la ville par le&nbsp;tout nouveau cin\u00e9ma leur a permis de conna\u00eetre le plaisir partag\u00e9 d&rsquo;une s\u00e9ance de projection &#8230; Ils ont d\u00e9couvert des courts m\u00e9trages d&rsquo;animation venus des quatre coins du monde !<\/p>\n\n\n<div class=\"wp-block-image\">\n<figure class=\"aligncenter\"><a href=\"https:\/\/lafilledecorinthe.com\/wordpress\/wp-content\/uploads\/2014\/04\/boutique_1.jpg\"><img loading=\"lazy\" decoding=\"async\" width=\"709\" height=\"500\" src=\"https:\/\/lafilledecorinthe.com\/wordpress\/wp-content\/uploads\/2014\/04\/boutique_1.jpg\" alt=\"La boutique des pandas des studios d'art de Shanghai\" class=\"wp-image-4439\" srcset=\"https:\/\/lafilledecorinthe.com\/wordpress\/wp-content\/uploads\/2014\/04\/boutique_1.jpg 709w, https:\/\/lafilledecorinthe.com\/wordpress\/wp-content\/uploads\/2014\/04\/boutique_1-680x479.jpg 680w, https:\/\/lafilledecorinthe.com\/wordpress\/wp-content\/uploads\/2014\/04\/boutique_1-425x300.jpg 425w\" sizes=\"auto, (max-width: 709px) 100vw, 709px\" \/><\/a><figcaption class=\"wp-element-caption\">La boutique des pandas des studios d&rsquo;art de Shanghai, Les films du pr\u00e9au<\/figcaption><\/figure>\n<\/div>\n\n<div class=\"wp-block-image\">\n<figure class=\"aligncenter\"><a href=\"https:\/\/lafilledecorinthe.com\/wordpress\/wp-content\/uploads\/2014\/04\/LUCIOLES6.jpg\"><img loading=\"lazy\" decoding=\"async\" width=\"800\" height=\"600\" src=\"https:\/\/lafilledecorinthe.com\/wordpress\/wp-content\/uploads\/2014\/04\/LUCIOLES6.jpg\" alt=\"Le bal des Lucioles du Studio AB de Riga (Lettonie), Cin\u00e9ma Public Films\" class=\"wp-image-4440\" srcset=\"https:\/\/lafilledecorinthe.com\/wordpress\/wp-content\/uploads\/2014\/04\/LUCIOLES6.jpg 800w, https:\/\/lafilledecorinthe.com\/wordpress\/wp-content\/uploads\/2014\/04\/LUCIOLES6-680x510.jpg 680w, https:\/\/lafilledecorinthe.com\/wordpress\/wp-content\/uploads\/2014\/04\/LUCIOLES6-400x300.jpg 400w\" sizes=\"auto, (max-width: 800px) 100vw, 800px\" \/><\/a><figcaption class=\"wp-element-caption\">Le bal des Lucioles du Studio AB de Riga (Lettonie), Cin\u00e9ma Public Films<\/figcaption><\/figure>\n<\/div>\n\n<div class=\"wp-block-image\">\n<figure class=\"aligncenter\"><a href=\"https:\/\/lafilledecorinthe.com\/wordpress\/wp-content\/uploads\/2014\/04\/LFDP_poisson_31.jpg\"><img loading=\"lazy\" decoding=\"async\" width=\"646\" height=\"500\" src=\"https:\/\/lafilledecorinthe.com\/wordpress\/wp-content\/uploads\/2014\/04\/LFDP_poisson_31.jpg\" alt=\"Les contes de la m\u00e8re poule, animation iranienne, Les films du pr\u00e9au\" class=\"wp-image-4447\" srcset=\"https:\/\/lafilledecorinthe.com\/wordpress\/wp-content\/uploads\/2014\/04\/LFDP_poisson_31.jpg 646w, https:\/\/lafilledecorinthe.com\/wordpress\/wp-content\/uploads\/2014\/04\/LFDP_poisson_31-387x300.jpg 387w\" sizes=\"auto, (max-width: 646px) 100vw, 646px\" \/><\/a><figcaption class=\"wp-element-caption\">Les contes de la m\u00e8re poule, animation iranienne, Les films du pr\u00e9au<\/figcaption><\/figure>\n<\/div>\n\n\n<p>Ils ont aussi fabriqu\u00e9, lors d&rsquo;ateliers organis\u00e9s \u00e0 l&rsquo;\u00e9cole, des jouets optiques et une petite s\u00e9quence anim\u00e9e par classe. Un beau projet d&rsquo;\u00e9cole ! Album photo :<a title=\"Mes albums\" href=\"https:\/\/lafilledecorinthe.com\/wordpress\/mes-albums\/\"> ici<\/a><\/p>\n\n\n\n<p><iframe loading=\"lazy\" title=\"vimeo-player\" src=\"https:\/\/player.vimeo.com\/video\/97322167?h=dcb5f61d41\" width=\"640\" height=\"360\" frameborder=\"0\" allowfullscreen=\"allowfullscreen\"><\/iframe><\/p>\n\n\n\n<p><iframe loading=\"lazy\" title=\"vimeo-player\" src=\"https:\/\/player.vimeo.com\/video\/97319251?h=4c8074fb86\" width=\"640\" height=\"360\" frameborder=\"0\" allowfullscreen=\"allowfullscreen\"><\/iframe><\/p>\n","protected":false},"excerpt":{"rendered":"<p>C&rsquo;est au tour des enfants de l&rsquo;\u00e9cole maternelle Halphen de Ville d&rsquo;Avray de percer le myst\u00e8re des images qui bougent. La programmation con\u00e7ue sp\u00e9cifiquement pour les jeunes \u00e9coliers de la ville par le&nbsp;tout nouveau cin\u00e9ma leur a permis de conna\u00eetre le plaisir partag\u00e9 d&rsquo;une s\u00e9ance de projection &#8230; Ils ont d\u00e9couvert des courts m\u00e9trages d&rsquo;animation&#8230;<\/p>\n","protected":false},"author":2,"featured_media":4436,"comment_status":"open","ping_status":"open","sticky":false,"template":"","format":"standard","meta":{"_kad_post_transparent":"","_kad_post_title":"","_kad_post_layout":"","_kad_post_sidebar_id":"","_kad_post_content_style":"","_kad_post_vertical_padding":"","_kad_post_feature":"","_kad_post_feature_position":"","_kad_post_header":false,"_kad_post_footer":false,"_kad_post_classname":"","footnotes":""},"categories":[7],"tags":[195,841,742],"class_list":["post-4435","post","type-post","status-publish","format-standard","has-post-thumbnail","hentry","category-ateliers-enfants","tag-atelier-cinema-danimation","tag-maternelle-halphen","tag-ville-davray"],"_links":{"self":[{"href":"https:\/\/lafilledecorinthe.com\/wordpress\/wp-json\/wp\/v2\/posts\/4435","targetHints":{"allow":["GET"]}}],"collection":[{"href":"https:\/\/lafilledecorinthe.com\/wordpress\/wp-json\/wp\/v2\/posts"}],"about":[{"href":"https:\/\/lafilledecorinthe.com\/wordpress\/wp-json\/wp\/v2\/types\/post"}],"author":[{"embeddable":true,"href":"https:\/\/lafilledecorinthe.com\/wordpress\/wp-json\/wp\/v2\/users\/2"}],"replies":[{"embeddable":true,"href":"https:\/\/lafilledecorinthe.com\/wordpress\/wp-json\/wp\/v2\/comments?post=4435"}],"version-history":[{"count":27,"href":"https:\/\/lafilledecorinthe.com\/wordpress\/wp-json\/wp\/v2\/posts\/4435\/revisions"}],"predecessor-version":[{"id":14881,"href":"https:\/\/lafilledecorinthe.com\/wordpress\/wp-json\/wp\/v2\/posts\/4435\/revisions\/14881"}],"wp:featuredmedia":[{"embeddable":true,"href":"https:\/\/lafilledecorinthe.com\/wordpress\/wp-json\/wp\/v2\/media\/4436"}],"wp:attachment":[{"href":"https:\/\/lafilledecorinthe.com\/wordpress\/wp-json\/wp\/v2\/media?parent=4435"}],"wp:term":[{"taxonomy":"category","embeddable":true,"href":"https:\/\/lafilledecorinthe.com\/wordpress\/wp-json\/wp\/v2\/categories?post=4435"},{"taxonomy":"post_tag","embeddable":true,"href":"https:\/\/lafilledecorinthe.com\/wordpress\/wp-json\/wp\/v2\/tags?post=4435"}],"curies":[{"name":"wp","href":"https:\/\/api.w.org\/{rel}","templated":true}]}}