{"id":4394,"date":"2014-04-08T11:23:39","date_gmt":"2014-04-08T10:23:39","guid":{"rendered":"http:\/\/lafilledecorinthe.com\/wordpress\/?p=4394"},"modified":"2025-12-06T19:12:10","modified_gmt":"2025-12-06T18:12:10","slug":"ecole-et-cinema-75-lhomme-qui-retrecit","status":"publish","type":"post","link":"https:\/\/lafilledecorinthe.com\/wordpress\/2014\/04\/ecole-et-cinema-75-lhomme-qui-retrecit\/","title":{"rendered":"\u00ab\u00a0Ecole et cin\u00e9ma 75\u00a0\u00bb : L&rsquo;homme qui r\u00e9tr\u00e9cit"},"content":{"rendered":"\n<p>Projection conf\u00e9rence<br>L&rsquo;homme qui r\u00e9tr\u00e9cit<br>de Jack Arnold<br>Au studio des Ursulines (Paris)<br>Mardi 8 avril 2014<\/p>\n\n\n\n<p>Document accompagnant la conf\u00e9rence&nbsp;<a href=\"https:\/\/lafilledecorinthe.com\/wordpress\/wp-content\/uploads\/2014\/04\/lhomme-qui-r\u00e9tr\u00e9cit-2-.pdf\">l&rsquo;homme qui r\u00e9tr\u00e9cit &#8211; 2 &#8211;<\/a>&nbsp;organis\u00e9e par l&rsquo;association <a href=\"http:\/\/www.enfancesaucinema.net\/\" target=\"_blank\" rel=\"noopener\">Enfances au cin\u00e9ma<\/a>.<\/p>\n\n\n\n<p>Joe chez les abeilles, s\u00e9rie d&rsquo;animation r\u00e9alis\u00e9e par Jean Image en 1960. Pour d\u00e9couvrir comment Joe se retrouve r\u00e9duit \u00e0 la taille des abeilles&#8230;.<\/p>\n\n\n\n<figure class=\"wp-block-embed is-type-video is-provider-youtube wp-block-embed-youtube wp-embed-aspect-16-9 wp-has-aspect-ratio\"><div class=\"wp-block-embed__wrapper\">\n<iframe loading=\"lazy\" title=\"joe chez les abeilles &#039; 1960 a 1963\" width=\"720\" height=\"405\" src=\"https:\/\/www.youtube.com\/embed\/w-84X8QjVds?feature=oembed\" frameborder=\"0\" allow=\"accelerometer; autoplay; clipboard-write; encrypted-media; gyroscope; picture-in-picture; web-share\" referrerpolicy=\"strict-origin-when-cross-origin\" allowfullscreen><\/iframe>\n<\/div><\/figure>\n\n\n\n<p><\/p>\n\n\n\n<p>D&rsquo;autres <a title=\"\u00ab&nbsp;Ecole et cin\u00e9ma 92\u2033 : L\u2019homme qui r\u00e9tr\u00e9cit\" href=\"https:\/\/lafilledecorinthe.com\/wordpress\/2014\/03\/ecole-et-cinema-92-lhomme-qui-retrecit\/\">vid\u00e9os<\/a> en r\u00e9sonance &#8230;<\/p>\n\n\n\n<p><\/p>\n","protected":false},"excerpt":{"rendered":"<p>Projection conf\u00e9renceL&rsquo;homme qui r\u00e9tr\u00e9citde Jack ArnoldAu studio des Ursulines (Paris)Mardi 8 avril 2014 Document accompagnant la conf\u00e9rence&nbsp;l&rsquo;homme qui r\u00e9tr\u00e9cit &#8211; 2 &#8211;&nbsp;organis\u00e9e par l&rsquo;association Enfances au cin\u00e9ma. Joe chez les abeilles, s\u00e9rie d&rsquo;animation r\u00e9alis\u00e9e par Jean Image en 1960. Pour d\u00e9couvrir comment Joe se retrouve r\u00e9duit \u00e0 la taille des abeilles&#8230;. D&rsquo;autres vid\u00e9os en r\u00e9sonance&#8230;<\/p>\n","protected":false},"author":2,"featured_media":4395,"comment_status":"open","ping_status":"open","sticky":false,"template":"","format":"standard","meta":{"_kad_post_transparent":"","_kad_post_title":"","_kad_post_layout":"","_kad_post_sidebar_id":"","_kad_post_content_style":"","_kad_post_vertical_padding":"","_kad_post_feature":"","_kad_post_feature_position":"","_kad_post_header":false,"_kad_post_footer":false,"_kad_post_classname":"","footnotes":""},"categories":[8],"tags":[755,353,711,709,536],"class_list":["post-4394","post","type-post","status-publish","format-standard","has-post-thumbnail","hentry","category-formations-adultes","tag-ecole-et-cinema-75","tag-enfances-au-cinema","tag-jack-arnold","tag-lhomme-qui-retrecit","tag-studio-des-ursulines"],"_links":{"self":[{"href":"https:\/\/lafilledecorinthe.com\/wordpress\/wp-json\/wp\/v2\/posts\/4394","targetHints":{"allow":["GET"]}}],"collection":[{"href":"https:\/\/lafilledecorinthe.com\/wordpress\/wp-json\/wp\/v2\/posts"}],"about":[{"href":"https:\/\/lafilledecorinthe.com\/wordpress\/wp-json\/wp\/v2\/types\/post"}],"author":[{"embeddable":true,"href":"https:\/\/lafilledecorinthe.com\/wordpress\/wp-json\/wp\/v2\/users\/2"}],"replies":[{"embeddable":true,"href":"https:\/\/lafilledecorinthe.com\/wordpress\/wp-json\/wp\/v2\/comments?post=4394"}],"version-history":[{"count":38,"href":"https:\/\/lafilledecorinthe.com\/wordpress\/wp-json\/wp\/v2\/posts\/4394\/revisions"}],"predecessor-version":[{"id":9613,"href":"https:\/\/lafilledecorinthe.com\/wordpress\/wp-json\/wp\/v2\/posts\/4394\/revisions\/9613"}],"wp:featuredmedia":[{"embeddable":true,"href":"https:\/\/lafilledecorinthe.com\/wordpress\/wp-json\/wp\/v2\/media\/4395"}],"wp:attachment":[{"href":"https:\/\/lafilledecorinthe.com\/wordpress\/wp-json\/wp\/v2\/media?parent=4394"}],"wp:term":[{"taxonomy":"category","embeddable":true,"href":"https:\/\/lafilledecorinthe.com\/wordpress\/wp-json\/wp\/v2\/categories?post=4394"},{"taxonomy":"post_tag","embeddable":true,"href":"https:\/\/lafilledecorinthe.com\/wordpress\/wp-json\/wp\/v2\/tags?post=4394"}],"curies":[{"name":"wp","href":"https:\/\/api.w.org\/{rel}","templated":true}]}}