{"id":4369,"date":"2014-04-06T19:16:58","date_gmt":"2014-04-06T18:16:58","guid":{"rendered":"http:\/\/lafilledecorinthe.com\/wordpress\/?p=4369"},"modified":"2025-12-07T21:45:54","modified_gmt":"2025-12-07T20:45:54","slug":"ecole-et-cinema-a-lecole-kergomard","status":"publish","type":"post","link":"https:\/\/lafilledecorinthe.com\/wordpress\/2014\/04\/ecole-et-cinema-a-lecole-kergomard\/","title":{"rendered":"\u00ab\u00a0Ecole et cin\u00e9ma\u00a0\u00bb \u00e0 l&rsquo;\u00e9cole Kergomard"},"content":{"rendered":"\n<p>Depuis plusieurs ann\u00e9es, l&rsquo;\u00e9cole maternelle Kergomard de Gennevilliers est une fid\u00e8le du dispositif <a href=\"http:\/\/www.ecoleetcinema92.ac-versailles.fr\/cinema\/\" target=\"_blank\" rel=\"noopener\">\u00ab\u00a0Ecole et cin\u00e9ma\u00a0\u00bb<\/a>. Les trois classes de grande section ont un rapport privil\u00e9gi\u00e9 avec le cin\u00e9ma de la ville : visite des lieux, projection des films&#8230; Au mois de juin, le cin\u00e9ma Jean Vigo accueillera les enfants et leurs parents pour une projection sur grand \u00e9cran de leur s\u00e9ance anim\u00e9e !<\/p>\n\n\n\n<p>Petit aper\u00e7u en <a title=\"Mes albums\" href=\"https:\/\/lafilledecorinthe.com\/wordpress\/mes-albums\/\" target=\"_blank\" rel=\"noopener\">images<\/a> du travail des classes &#8230;<\/p>\n\n\n<p><object type=\"application\/x-shockwave-flash\" data=\"http:\/\/www.vimeo.com\/moogaloop.swf?clip_id=91161414\" width=\"500\" height=\"375\"><param name=\"movie\" value=\"http:\/\/www.vimeo.com\/moogaloop.swf?clip_id=91161414\" \/><param name=\"wmode\" value=\"transparent\" \/><\/object><br \/>\n<!-- generated by WordPress plugin Embedded Video -->\n<\/p>\n\n\n\n<p>\u00ab\u00a0Musique :&nbsp;<a href=\"http:\/\/www.musicscreen.be\/\">http:\/\/www.musicscreen.be<\/a>\u00a0\u00bb &nbsp;<em>Forest<\/em>&nbsp;sous licence creative commons et <em>La ronde des musiciens<\/em> de Beno\u00eet Viquesnel (Le bal de Mandarine, 1996)<\/p>\n","protected":false},"excerpt":{"rendered":"<p>Depuis plusieurs ann\u00e9es, l&rsquo;\u00e9cole maternelle Kergomard de Gennevilliers est une fid\u00e8le du dispositif \u00ab\u00a0Ecole et cin\u00e9ma\u00a0\u00bb. Les trois classes de grande section ont un rapport privil\u00e9gi\u00e9 avec le cin\u00e9ma de la ville : visite des lieux, projection des films&#8230; Au mois de juin, le cin\u00e9ma Jean Vigo accueillera les enfants et leurs parents pour une&#8230;<\/p>\n","protected":false},"author":2,"featured_media":4370,"comment_status":"open","ping_status":"open","sticky":false,"template":"","format":"standard","meta":{"_kad_post_transparent":"","_kad_post_title":"","_kad_post_layout":"","_kad_post_sidebar_id":"","_kad_post_content_style":"","_kad_post_vertical_padding":"","_kad_post_feature":"","_kad_post_feature_position":"","_kad_post_header":false,"_kad_post_footer":false,"_kad_post_classname":"","footnotes":""},"categories":[7],"tags":[374,24,754,122],"class_list":["post-4369","post","type-post","status-publish","format-standard","has-post-thumbnail","hentry","category-ateliers-enfants","tag-cinema-jean-vigo","tag-ecole-et-cinema","tag-ecole-maternelle-kergomard","tag-gennevilliers"],"_links":{"self":[{"href":"https:\/\/lafilledecorinthe.com\/wordpress\/wp-json\/wp\/v2\/posts\/4369","targetHints":{"allow":["GET"]}}],"collection":[{"href":"https:\/\/lafilledecorinthe.com\/wordpress\/wp-json\/wp\/v2\/posts"}],"about":[{"href":"https:\/\/lafilledecorinthe.com\/wordpress\/wp-json\/wp\/v2\/types\/post"}],"author":[{"embeddable":true,"href":"https:\/\/lafilledecorinthe.com\/wordpress\/wp-json\/wp\/v2\/users\/2"}],"replies":[{"embeddable":true,"href":"https:\/\/lafilledecorinthe.com\/wordpress\/wp-json\/wp\/v2\/comments?post=4369"}],"version-history":[{"count":27,"href":"https:\/\/lafilledecorinthe.com\/wordpress\/wp-json\/wp\/v2\/posts\/4369\/revisions"}],"predecessor-version":[{"id":15046,"href":"https:\/\/lafilledecorinthe.com\/wordpress\/wp-json\/wp\/v2\/posts\/4369\/revisions\/15046"}],"wp:featuredmedia":[{"embeddable":true,"href":"https:\/\/lafilledecorinthe.com\/wordpress\/wp-json\/wp\/v2\/media\/4370"}],"wp:attachment":[{"href":"https:\/\/lafilledecorinthe.com\/wordpress\/wp-json\/wp\/v2\/media?parent=4369"}],"wp:term":[{"taxonomy":"category","embeddable":true,"href":"https:\/\/lafilledecorinthe.com\/wordpress\/wp-json\/wp\/v2\/categories?post=4369"},{"taxonomy":"post_tag","embeddable":true,"href":"https:\/\/lafilledecorinthe.com\/wordpress\/wp-json\/wp\/v2\/tags?post=4369"}],"curies":[{"name":"wp","href":"https:\/\/api.w.org\/{rel}","templated":true}]}}