{"id":4286,"date":"2014-03-28T21:32:25","date_gmt":"2014-03-28T20:32:25","guid":{"rendered":"http:\/\/lafilledecorinthe.com\/wordpress\/?p=4286"},"modified":"2025-12-07T07:46:55","modified_gmt":"2025-12-07T06:46:55","slug":"lecole-maternelle-fait-son-cinema","status":"publish","type":"post","link":"https:\/\/lafilledecorinthe.com\/wordpress\/2014\/03\/lecole-maternelle-fait-son-cinema\/","title":{"rendered":"\u00ab\u00a0L&rsquo;\u00e9cole maternelle fait son cin\u00e9ma &#8230;\u00a0\u00bb"},"content":{"rendered":"\n<p><\/p>\n\n\n\n<p>L&rsquo;ouverture d&rsquo;un cin\u00e9ma est toujours une tr\u00e8s bonne nouvelle dans une ville. Quand de plus la programmation jeune public est une priorit\u00e9, on applaudit ! Les \u00e9coles maternelles se sont empar\u00e9es de cette nouvelle offre culturelle en participant \u00e0 un cycle de courts m\u00e9trages d&rsquo;animation. L&rsquo;\u00e9cole Jean Rostand en a m\u00eame fait un projet d&rsquo;\u00e9cole : \u00ab\u00a0l&rsquo;\u00e9cole maternelle fait son cin\u00e9ma&#8230;\u00a0\u00bb<\/p>\n\n\n\n<p>Une belle opportunit\u00e9 pour les enfants de d\u00e9couvrir et de manipuler les jouets optiques de la superbe bo\u00eete \u00e0 <a href=\"http:\/\/colorant14.revolublog.com\/la-boite-a-balbu-cine-a5642612\" target=\"_blank\" rel=\"noopener\">balbu-cin\u00e9<\/a> et de fabriquer un thaumatrope et un feuilletoscope chacun.<\/p>\n\n\n<div class=\"wp-block-image\">\n<figure class=\"aligncenter\"><a href=\"https:\/\/lafilledecorinthe.com\/wordpress\/wp-content\/uploads\/2014\/03\/P1100561-copie.jpg\"><img loading=\"lazy\" decoding=\"async\" width=\"800\" height=\"576\" src=\"https:\/\/lafilledecorinthe.com\/wordpress\/wp-content\/uploads\/2014\/03\/P1100561-copie.jpg\" alt=\"P1100561 copie\" class=\"wp-image-5025\" srcset=\"https:\/\/lafilledecorinthe.com\/wordpress\/wp-content\/uploads\/2014\/03\/P1100561-copie.jpg 800w, https:\/\/lafilledecorinthe.com\/wordpress\/wp-content\/uploads\/2014\/03\/P1100561-copie-680x489.jpg 680w, https:\/\/lafilledecorinthe.com\/wordpress\/wp-content\/uploads\/2014\/03\/P1100561-copie-416x300.jpg 416w\" sizes=\"auto, (max-width: 800px) 100vw, 800px\" \/><\/a><\/figure>\n<\/div>\n\n\n<p class=\"has-text-align-center\"><\/p>\n\n\n<div class=\"wp-block-image\">\n<figure class=\"aligncenter\"><a href=\"https:\/\/lafilledecorinthe.com\/wordpress\/wp-content\/uploads\/2014\/03\/feuilletoscope.jpg\"><img loading=\"lazy\" decoding=\"async\" width=\"4000\" height=\"3000\" src=\"https:\/\/lafilledecorinthe.com\/wordpress\/wp-content\/uploads\/2014\/03\/feuilletoscope.jpg\" alt=\"feuilletoscope\" class=\"wp-image-5023\" srcset=\"https:\/\/lafilledecorinthe.com\/wordpress\/wp-content\/uploads\/2014\/03\/feuilletoscope.jpg 4000w, https:\/\/lafilledecorinthe.com\/wordpress\/wp-content\/uploads\/2014\/03\/feuilletoscope-680x510.jpg 680w, https:\/\/lafilledecorinthe.com\/wordpress\/wp-content\/uploads\/2014\/03\/feuilletoscope-1280x960.jpg 1280w, https:\/\/lafilledecorinthe.com\/wordpress\/wp-content\/uploads\/2014\/03\/feuilletoscope-400x300.jpg 400w\" sizes=\"auto, (max-width: 4000px) 100vw, 4000px\" \/><\/a><\/figure>\n<\/div>\n\n\n<p class=\"has-text-align-left\"><\/p>\n\n\n\n<p>Album photos : <a title=\"Mes albums\" href=\"https:\/\/lafilledecorinthe.com\/wordpress\/mes-albums\/\" target=\"_blank\" rel=\"noopener\">ici<\/a><\/p>\n\n\n\n<p>Quand les feuilletoscopes s&rsquo;animent &#8230;<\/p>\n\n\n\n<figure class=\"wp-block-embed is-type-video is-provider-vimeo wp-block-embed-vimeo wp-embed-aspect-16-9 wp-has-aspect-ratio\"><div class=\"wp-block-embed__wrapper\">\n<iframe loading=\"lazy\" title=\"Rostand\" src=\"https:\/\/player.vimeo.com\/video\/90343398?dnt=1&amp;app_id=122963\" width=\"640\" height=\"360\" frameborder=\"0\" allow=\"autoplay; fullscreen; picture-in-picture; clipboard-write; encrypted-media; web-share\" referrerpolicy=\"strict-origin-when-cross-origin\"><\/iframe>\n<\/div><\/figure>\n\n\n\n<p>\u00ab\u00a0Musique :&nbsp;<a href=\"http:\/\/www.musicscreen.be\/\">http:\/\/www.musicscreen.be<\/a>\u00a0\u00bb &nbsp;<em>Young<\/em>&nbsp;sous licence creative commons<\/p>\n\n\n\n<p><\/p>\n","protected":false},"excerpt":{"rendered":"<p>L&rsquo;ouverture d&rsquo;un cin\u00e9ma est toujours une tr\u00e8s bonne nouvelle dans une ville. Quand de plus la programmation jeune public est une priorit\u00e9, on applaudit ! Les \u00e9coles maternelles se sont empar\u00e9es de cette nouvelle offre culturelle en participant \u00e0 un cycle de courts m\u00e9trages d&rsquo;animation. L&rsquo;\u00e9cole Jean Rostand en a m\u00eame fait un projet d&rsquo;\u00e9cole&#8230;<\/p>\n","protected":false},"author":2,"featured_media":4287,"comment_status":"open","ping_status":"open","sticky":false,"template":"","format":"standard","meta":{"_kad_post_transparent":"","_kad_post_title":"","_kad_post_layout":"","_kad_post_sidebar_id":"","_kad_post_content_style":"","_kad_post_vertical_padding":"","_kad_post_feature":"","_kad_post_feature_position":"","_kad_post_header":false,"_kad_post_footer":false,"_kad_post_classname":"","footnotes":""},"categories":[7],"tags":[195,744,743,741,197,842,198,742],"class_list":["post-4286","post","type-post","status-publish","format-standard","has-post-thumbnail","hentry","category-ateliers-enfants","tag-atelier-cinema-danimation","tag-balbu-cine","tag-cinema-au-colombier","tag-ecole-maternelle-jean-rostand","tag-feuilletoscope","tag-sequence-animee","tag-thaumatrope","tag-ville-davray"],"_links":{"self":[{"href":"https:\/\/lafilledecorinthe.com\/wordpress\/wp-json\/wp\/v2\/posts\/4286","targetHints":{"allow":["GET"]}}],"collection":[{"href":"https:\/\/lafilledecorinthe.com\/wordpress\/wp-json\/wp\/v2\/posts"}],"about":[{"href":"https:\/\/lafilledecorinthe.com\/wordpress\/wp-json\/wp\/v2\/types\/post"}],"author":[{"embeddable":true,"href":"https:\/\/lafilledecorinthe.com\/wordpress\/wp-json\/wp\/v2\/users\/2"}],"replies":[{"embeddable":true,"href":"https:\/\/lafilledecorinthe.com\/wordpress\/wp-json\/wp\/v2\/comments?post=4286"}],"version-history":[{"count":27,"href":"https:\/\/lafilledecorinthe.com\/wordpress\/wp-json\/wp\/v2\/posts\/4286\/revisions"}],"predecessor-version":[{"id":14843,"href":"https:\/\/lafilledecorinthe.com\/wordpress\/wp-json\/wp\/v2\/posts\/4286\/revisions\/14843"}],"wp:featuredmedia":[{"embeddable":true,"href":"https:\/\/lafilledecorinthe.com\/wordpress\/wp-json\/wp\/v2\/media\/4287"}],"wp:attachment":[{"href":"https:\/\/lafilledecorinthe.com\/wordpress\/wp-json\/wp\/v2\/media?parent=4286"}],"wp:term":[{"taxonomy":"category","embeddable":true,"href":"https:\/\/lafilledecorinthe.com\/wordpress\/wp-json\/wp\/v2\/categories?post=4286"},{"taxonomy":"post_tag","embeddable":true,"href":"https:\/\/lafilledecorinthe.com\/wordpress\/wp-json\/wp\/v2\/tags?post=4286"}],"curies":[{"name":"wp","href":"https:\/\/api.w.org\/{rel}","templated":true}]}}