{"id":428,"date":"2012-01-18T17:12:25","date_gmt":"2012-01-18T16:12:25","guid":{"rendered":"http:\/\/lafilledecorinthe.com\/wordpress\/?p=428"},"modified":"2025-12-07T08:41:42","modified_gmt":"2025-12-07T07:41:42","slug":"les-enfants-dabord-au-jeu-de-paume","status":"publish","type":"post","link":"https:\/\/lafilledecorinthe.com\/wordpress\/2012\/01\/les-enfants-dabord-au-jeu-de-paume\/","title":{"rendered":"Les \u00ab\u00a0enfants d&rsquo;abord\u00a0\u00bb au Jeu de Paume"},"content":{"rendered":"\n<p>Le samedi 7 janvier au matin, l&rsquo;espace \u00e9ducatif s&rsquo;anime de la pr\u00e9sence joyeuse d&rsquo;enfants invit\u00e9s \u00e0 exp\u00e9rimenter la premi\u00e8re visite-atelier des \u00ab\u00a0Enfants d&rsquo;abord\u00a0\u00bb, nouvelle offre pour le jeune public, propos\u00e9e par le Jeu de Paume.<\/p>\n\n\n\n<p>En lien avec l&rsquo;exposition Diane Arbus, le th\u00e8me de cette premi\u00e8re visite-atelier porte sur le portrait photographique.<\/p>\n\n\n<div class=\"wp-block-image\">\n<figure class=\"aligncenter\"><a href=\"https:\/\/lafilledecorinthe.com\/wordpress\/wp-content\/uploads\/2012\/01\/029.jpg\"><img loading=\"lazy\" decoding=\"async\" width=\"680\" height=\"455\" src=\"https:\/\/lafilledecorinthe.com\/wordpress\/wp-content\/uploads\/2012\/01\/029-680x455.jpg\" alt=\"\" class=\"wp-image-430\" srcset=\"https:\/\/lafilledecorinthe.com\/wordpress\/wp-content\/uploads\/2012\/01\/029-680x455.jpg 680w, https:\/\/lafilledecorinthe.com\/wordpress\/wp-content\/uploads\/2012\/01\/029-1280x856.jpg 1280w, https:\/\/lafilledecorinthe.com\/wordpress\/wp-content\/uploads\/2012\/01\/029-448x300.jpg 448w\" sizes=\"auto, (max-width: 680px) 100vw, 680px\" \/><\/a><figcaption class=\"wp-element-caption\">Photo d&rsquo; Adrien Chevrot pour le Jeu de Paume<\/figcaption><\/figure>\n<\/div>\n\n\n<p>Par l&rsquo;observation de photographies projet\u00e9es ou expos\u00e9es dans les salles, les enfants d\u00e9couvrent peu \u00e0 peu qu&rsquo;une photographie est le r\u00e9sultat d&rsquo;un ensemble de choix r\u00e9alis\u00e9s par le photographe :<br>Dans quel espace prendre la photo ? (int\u00e9rieur\/ext\u00e9rieur)<br>Quelle pose choisir ? (mise en sc\u00e8ne\/instantan\u00e9)<br>Dans quel sens prendre la photo ? (format portrait\/format paysage)<br>Quel cadrage choisir ? (les diff\u00e9rents plans)<br>Quel angle choisir ? (les angles de prise de vue)<\/p>\n\n\n<div class=\"wp-block-image\">\n<figure class=\"aligncenter\"><a href=\"https:\/\/lafilledecorinthe.com\/wordpress\/wp-content\/uploads\/2012\/01\/008.jpg\"><img loading=\"lazy\" decoding=\"async\" width=\"680\" height=\"432\" src=\"https:\/\/lafilledecorinthe.com\/wordpress\/wp-content\/uploads\/2012\/01\/008-680x432.jpg\" alt=\"\" class=\"wp-image-431\" srcset=\"https:\/\/lafilledecorinthe.com\/wordpress\/wp-content\/uploads\/2012\/01\/008-680x432.jpg 680w, https:\/\/lafilledecorinthe.com\/wordpress\/wp-content\/uploads\/2012\/01\/008-1280x813.jpg 1280w, https:\/\/lafilledecorinthe.com\/wordpress\/wp-content\/uploads\/2012\/01\/008-472x300.jpg 472w\" sizes=\"auto, (max-width: 680px) 100vw, 680px\" \/><\/a><figcaption class=\"wp-element-caption\">Photo d&rsquo; Adrien Chevrot pour le Jeu de Paume<\/figcaption><\/figure>\n<\/div>\n\n<div class=\"wp-block-image\">\n<figure class=\"aligncenter\"><a href=\"https:\/\/lafilledecorinthe.com\/wordpress\/wp-content\/uploads\/2012\/01\/031.jpg\"><img loading=\"lazy\" decoding=\"async\" width=\"680\" height=\"416\" src=\"https:\/\/lafilledecorinthe.com\/wordpress\/wp-content\/uploads\/2012\/01\/031-680x416.jpg\" alt=\"\" class=\"wp-image-433\" srcset=\"https:\/\/lafilledecorinthe.com\/wordpress\/wp-content\/uploads\/2012\/01\/031-680x416.jpg 680w, https:\/\/lafilledecorinthe.com\/wordpress\/wp-content\/uploads\/2012\/01\/031-1280x784.jpg 1280w, https:\/\/lafilledecorinthe.com\/wordpress\/wp-content\/uploads\/2012\/01\/031-489x300.jpg 489w\" sizes=\"auto, (max-width: 680px) 100vw, 680px\" \/><\/a><figcaption class=\"wp-element-caption\">photo d&rsquo; Adrien Chevrot pour le Jeu de Paume<\/figcaption><\/figure>\n<\/div>\n\n\n<p>Au cours de l&rsquo;atelier, les enfants r\u00e9pondent eux m\u00eames &nbsp;\u00e0 ces questions en jouant tour \u00e0 tour le r\u00f4le du photographe et du mod\u00e8le.<\/p>\n\n\n<div class=\"wp-block-image\">\n<figure class=\"aligncenter\"><a href=\"https:\/\/lafilledecorinthe.com\/wordpress\/wp-content\/uploads\/2012\/01\/023.jpg\"><img loading=\"lazy\" decoding=\"async\" width=\"680\" height=\"455\" src=\"https:\/\/lafilledecorinthe.com\/wordpress\/wp-content\/uploads\/2012\/01\/023-680x455.jpg\" alt=\"\" class=\"wp-image-434\" srcset=\"https:\/\/lafilledecorinthe.com\/wordpress\/wp-content\/uploads\/2012\/01\/023-680x455.jpg 680w, https:\/\/lafilledecorinthe.com\/wordpress\/wp-content\/uploads\/2012\/01\/023-1280x856.jpg 1280w, https:\/\/lafilledecorinthe.com\/wordpress\/wp-content\/uploads\/2012\/01\/023-448x300.jpg 448w\" sizes=\"auto, (max-width: 680px) 100vw, 680px\" \/><\/a><figcaption class=\"wp-element-caption\">Photo d&rsquo;Adrien Chevrot pour le Jeu de Paume<\/figcaption><\/figure>\n<\/div>\n\n\n<p>Les enfants r\u00e9alisent ensuite chacun un portfolio, m\u00e9moire de leur activit\u00e9.<\/p>\n\n\n<div class=\"wp-block-image\">\n<figure class=\"aligncenter\"><a href=\"https:\/\/lafilledecorinthe.com\/wordpress\/wp-content\/uploads\/2012\/01\/0046.jpg\"><img loading=\"lazy\" decoding=\"async\" width=\"455\" height=\"680\" src=\"https:\/\/lafilledecorinthe.com\/wordpress\/wp-content\/uploads\/2012\/01\/0046-455x680.jpg\" alt=\"\" class=\"wp-image-435\" srcset=\"https:\/\/lafilledecorinthe.com\/wordpress\/wp-content\/uploads\/2012\/01\/0046-455x680.jpg 455w, https:\/\/lafilledecorinthe.com\/wordpress\/wp-content\/uploads\/2012\/01\/0046-856x1280.jpg 856w, https:\/\/lafilledecorinthe.com\/wordpress\/wp-content\/uploads\/2012\/01\/0046-200x300.jpg 200w\" sizes=\"auto, (max-width: 455px) 100vw, 455px\" \/><\/a><figcaption class=\"wp-element-caption\">photo d&rsquo;Adrien Chevrot pour le Jeu de Paume<\/figcaption><\/figure>\n<\/div>\n\n\n<p>D\u00e9couvrez sur le site du Jeu de Paume les prochaines \u00a0\u00bb visites-ateliers\u00a0\u00bb : &nbsp; &nbsp; &nbsp; &nbsp; &nbsp; &nbsp; &nbsp; &nbsp; &nbsp; &nbsp; &nbsp; &nbsp; &nbsp; &nbsp; &nbsp; &nbsp; &nbsp; &nbsp; &nbsp; &nbsp; &nbsp; &nbsp; &nbsp; &nbsp; &nbsp; &nbsp; &nbsp; &nbsp; &nbsp; &nbsp; &nbsp;&nbsp;<strong> &nbsp;<a href=\"http:\/\/www.jeudepaume.org\/index.php?page=article&amp;sousmenu=151&amp;idArt=1644&amp;lieu=1\">\u00a0\u00bb Chantiers sur la ville \u00ab\u00a0<\/a><\/strong><\/p>\n\n\n\n<p>Le film du premier atelier est en ligne sur <a href=\"http:\/\/lemagazine.jeudepaume.org\/2012\/03\/les-enfants-dabord\/\" target=\"_blank\" rel=\"noopener\">le site du magazine du Jeu de Paume<\/a>.<\/p>\n","protected":false},"excerpt":{"rendered":"<p>Le samedi 7 janvier au matin, l&rsquo;espace \u00e9ducatif s&rsquo;anime de la pr\u00e9sence joyeuse d&rsquo;enfants invit\u00e9s \u00e0 exp\u00e9rimenter la premi\u00e8re visite-atelier des \u00ab\u00a0Enfants d&rsquo;abord\u00a0\u00bb, nouvelle offre pour le jeune public, propos\u00e9e par le Jeu de Paume. En lien avec l&rsquo;exposition Diane Arbus, le th\u00e8me de cette premi\u00e8re visite-atelier porte sur le portrait photographique. Par l&rsquo;observation de&#8230;<\/p>\n","protected":false},"author":2,"featured_media":14873,"comment_status":"open","ping_status":"open","sticky":false,"template":"","format":"standard","meta":{"_kad_post_transparent":"","_kad_post_title":"","_kad_post_layout":"","_kad_post_sidebar_id":"","_kad_post_content_style":"","_kad_post_vertical_padding":"","_kad_post_feature":"","_kad_post_feature_position":"","_kad_post_header":false,"_kad_post_footer":false,"_kad_post_classname":"","footnotes":""},"categories":[7],"tags":[51,48,74,73],"class_list":["post-428","post","type-post","status-publish","format-standard","has-post-thumbnail","hentry","category-ateliers-enfants","tag-enfants-dabord","tag-jeu-de-paume","tag-portrait-photographique","tag-visite-atelier"],"_links":{"self":[{"href":"https:\/\/lafilledecorinthe.com\/wordpress\/wp-json\/wp\/v2\/posts\/428","targetHints":{"allow":["GET"]}}],"collection":[{"href":"https:\/\/lafilledecorinthe.com\/wordpress\/wp-json\/wp\/v2\/posts"}],"about":[{"href":"https:\/\/lafilledecorinthe.com\/wordpress\/wp-json\/wp\/v2\/types\/post"}],"author":[{"embeddable":true,"href":"https:\/\/lafilledecorinthe.com\/wordpress\/wp-json\/wp\/v2\/users\/2"}],"replies":[{"embeddable":true,"href":"https:\/\/lafilledecorinthe.com\/wordpress\/wp-json\/wp\/v2\/comments?post=428"}],"version-history":[{"count":28,"href":"https:\/\/lafilledecorinthe.com\/wordpress\/wp-json\/wp\/v2\/posts\/428\/revisions"}],"predecessor-version":[{"id":14872,"href":"https:\/\/lafilledecorinthe.com\/wordpress\/wp-json\/wp\/v2\/posts\/428\/revisions\/14872"}],"wp:featuredmedia":[{"embeddable":true,"href":"https:\/\/lafilledecorinthe.com\/wordpress\/wp-json\/wp\/v2\/media\/14873"}],"wp:attachment":[{"href":"https:\/\/lafilledecorinthe.com\/wordpress\/wp-json\/wp\/v2\/media?parent=428"}],"wp:term":[{"taxonomy":"category","embeddable":true,"href":"https:\/\/lafilledecorinthe.com\/wordpress\/wp-json\/wp\/v2\/categories?post=428"},{"taxonomy":"post_tag","embeddable":true,"href":"https:\/\/lafilledecorinthe.com\/wordpress\/wp-json\/wp\/v2\/tags?post=428"}],"curies":[{"name":"wp","href":"https:\/\/api.w.org\/{rel}","templated":true}]}}