{"id":4200,"date":"2014-03-19T12:06:38","date_gmt":"2014-03-19T11:06:38","guid":{"rendered":"http:\/\/lafilledecorinthe.com\/wordpress\/?p=4200"},"modified":"2025-12-10T18:18:35","modified_gmt":"2025-12-10T17:18:35","slug":"pulp-festival-a-la-ferme-du-buisson","status":"publish","type":"post","link":"https:\/\/lafilledecorinthe.com\/wordpress\/2014\/03\/pulp-festival-a-la-ferme-du-buisson\/","title":{"rendered":"PULP Festival \u00e0 la Ferme du Buisson"},"content":{"rendered":"\n<p>Un nouveau festival autour de la Bande dessin\u00e9e dans la r\u00e9gion parisienne ? Je demande \u00e0 voir ! J&rsquo;ai vu &#8230; et j&rsquo;ai ador\u00e9 ! Deux marraines attentionn\u00e9es : la Ferme du Buisson et ARTE. Un ma\u00eetre d&rsquo;oeuvre inspir\u00e9 : Philippe Dupuy. Des propositions multiples \u00e0 en perdre la t\u00eate &#8230;<\/p>\n\n\n\n<p>La journ\u00e9e commence par une \u00ab\u00a0battle dessin\u00e9e\u00a0\u00bb <em>Exquise esquisse :&nbsp;<\/em>match amical entre cinq dessinateurs qui reprend le principe de l&rsquo;\u00e9mission TV culte <em>Tac au Tac. <\/em>Pour ceux qui ne regardaient pas la t\u00e9l\u00e9vision au d\u00e9but des ann\u00e9es 70, il est possible de d\u00e9couvrir ces petits bijoux de l&rsquo;ORTF sur le site de l<a href=\"http:\/\/www.ina.fr\/recherche\/search?search=Tac+au+tac&amp;vue=Video&amp;x=30&amp;y=12\" target=\"_blank\" rel=\"noopener\">&lsquo;Ina<\/a>.<\/p>\n\n\n<div class=\"wp-block-image\">\n<figure class=\"aligncenter\"><a href=\"https:\/\/lafilledecorinthe.com\/wordpress\/wp-content\/uploads\/2014\/03\/IMG_1837-21.jpg\"><img loading=\"lazy\" decoding=\"async\" width=\"2032\" height=\"1385\" src=\"https:\/\/lafilledecorinthe.com\/wordpress\/wp-content\/uploads\/2014\/03\/IMG_1837-21.jpg\" alt=\"Mana \" class=\"wp-image-4216\" srcset=\"https:\/\/lafilledecorinthe.com\/wordpress\/wp-content\/uploads\/2014\/03\/IMG_1837-21.jpg 2032w, https:\/\/lafilledecorinthe.com\/wordpress\/wp-content\/uploads\/2014\/03\/IMG_1837-21-680x463.jpg 680w, https:\/\/lafilledecorinthe.com\/wordpress\/wp-content\/uploads\/2014\/03\/IMG_1837-21-1280x872.jpg 1280w, https:\/\/lafilledecorinthe.com\/wordpress\/wp-content\/uploads\/2014\/03\/IMG_1837-21-440x300.jpg 440w\" sizes=\"auto, (max-width: 2032px) 100vw, 2032px\" \/><\/a><figcaption class=\"wp-element-caption\">Mana Neyestani termine le d\u00e9fi autour d&rsquo;une porte. Exquise esquisse, 16\/03\/14<\/figcaption><\/figure>\n<\/div>\n\n<div class=\"wp-block-image\">\n<figure class=\"aligncenter\"><a href=\"https:\/\/lafilledecorinthe.com\/wordpress\/wp-content\/uploads\/2014\/03\/IMG_1839-2.jpg\"><img loading=\"lazy\" decoding=\"async\" width=\"2592\" height=\"1936\" src=\"https:\/\/lafilledecorinthe.com\/wordpress\/wp-content\/uploads\/2014\/03\/IMG_1839-2.jpg\" alt=\"Marion Montaigne, Mathieu Sapin, Dash Shaw, Philippe Dupuy et Mana Neyestani\" class=\"wp-image-4214\" srcset=\"https:\/\/lafilledecorinthe.com\/wordpress\/wp-content\/uploads\/2014\/03\/IMG_1839-2.jpg 2592w, https:\/\/lafilledecorinthe.com\/wordpress\/wp-content\/uploads\/2014\/03\/IMG_1839-2-680x507.jpg 680w, https:\/\/lafilledecorinthe.com\/wordpress\/wp-content\/uploads\/2014\/03\/IMG_1839-2-1280x956.jpg 1280w, https:\/\/lafilledecorinthe.com\/wordpress\/wp-content\/uploads\/2014\/03\/IMG_1839-2-401x300.jpg 401w\" sizes=\"auto, (max-width: 2592px) 100vw, 2592px\" \/><\/a><figcaption class=\"wp-element-caption\">Marion Montaigne, Mathieu Sapin, Dash Shaw, Philippe Dupuy et Mana Neyestani, Exquise esquisse, 16\/03\/14<\/figcaption><\/figure>\n<\/div>\n\n\n<p>ARTE a eu l&rsquo;excellente id\u00e9e de lancer un appel \u00e0 projet aupr\u00e8s &nbsp;des \u00e9coles d&rsquo;art et de graphisme europ\u00e9ennes. Le d\u00e9fi ? Cr\u00e9er des folioscopes alias flip books collectifs ou individuels. Des \u00e9tudiants nous proposent leur r\u00e9alisation \u00e0 feuilleter&#8230; Attention cette pratique peut devenir addictive !<\/p>\n\n\n\n<figure class=\"wp-block-embed is-type-video is-provider-vimeo wp-block-embed-vimeo wp-embed-aspect-16-9 wp-has-aspect-ratio\"><div class=\"wp-block-embed__wrapper\">\n<iframe loading=\"lazy\" title=\"Pulp Flip books\" src=\"https:\/\/player.vimeo.com\/video\/89397580?dnt=1&amp;app_id=122963\" width=\"640\" height=\"360\" frameborder=\"0\" allow=\"autoplay; fullscreen; picture-in-picture; clipboard-write; encrypted-media; web-share\" referrerpolicy=\"strict-origin-when-cross-origin\"><\/iframe>\n<\/div><\/figure>\n\n\n\n<p><\/p>\n\n\n\n<p>Philippe Dupuy a con\u00e7u deux installations qui interrogent la Bande dessin\u00e9e contemporaine et son ouverture vers d&rsquo;autres pratiques artistiques : musique, installation, cin\u00e9ma&#8230; Dans <em>Ceci n&rsquo;est pas une bande dessin\u00e9e,<\/em> chaque box de l&rsquo;ancienne \u00e9curie est d\u00e9di\u00e9 \u00e0 un auteur. Dans le premier box, il n&rsquo;y a rien \u00e0 voir, nous sommes invit\u00e9s \u00e0 nous asseoir pour \u00e9couter une voix lire l&rsquo;album&nbsp;<em>Contre la bande dessin\u00e9e<\/em> de Jochen Gerner. Je teste sur moi l&rsquo;esprit de contradiction, apr\u00e8s quelques minutes d&rsquo;un inventaire \u00e0 charge, je n&rsquo;ai qu&rsquo;une envie, me lever et lire, lire de la BD. &nbsp;A commencer par l&rsquo;ouvrage de Jochen Gerner ! J&rsquo;ai \u00e9t\u00e9 particuli\u00e8rement sensible \u00e0 la pr\u00e9sentation de <em>L&rsquo;Ascension du Haut Mal<\/em> de David B. L&rsquo;immersion est totale !<\/p>\n\n\n<div class=\"wp-block-image\">\n<figure class=\"aligncenter\"><a href=\"https:\/\/lafilledecorinthe.com\/wordpress\/wp-content\/uploads\/2014\/03\/IMG_1851.jpg\"><img loading=\"lazy\" decoding=\"async\" width=\"2592\" height=\"1936\" src=\"https:\/\/lafilledecorinthe.com\/wordpress\/wp-content\/uploads\/2014\/03\/IMG_1851.jpg\" alt=\"L'Ascension du Haut Mal de David B\" class=\"wp-image-4231\" srcset=\"https:\/\/lafilledecorinthe.com\/wordpress\/wp-content\/uploads\/2014\/03\/IMG_1851.jpg 2592w, https:\/\/lafilledecorinthe.com\/wordpress\/wp-content\/uploads\/2014\/03\/IMG_1851-680x507.jpg 680w, https:\/\/lafilledecorinthe.com\/wordpress\/wp-content\/uploads\/2014\/03\/IMG_1851-1280x956.jpg 1280w, https:\/\/lafilledecorinthe.com\/wordpress\/wp-content\/uploads\/2014\/03\/IMG_1851-401x300.jpg 401w\" sizes=\"auto, (max-width: 2592px) 100vw, 2592px\" \/><\/a><figcaption class=\"wp-element-caption\">L&rsquo;Ascension du Haut Mal de David B<\/figcaption><\/figure>\n<\/div>\n\n\n<p>Dans un autre box, Philippe Dupuy a repris les praxinoscopes utilis\u00e9s lors de son installation <a href=\"http:\/\/www.philippedupuy.fr\/travaux\/expositions-installations\/\" target=\"_blank\" rel=\"noopener\"><em>Loops <\/em><\/a>pour animer les personnages en noir et blanc de Jason. J&rsquo;adore !<\/p>\n\n\n\n<figure class=\"wp-block-embed is-type-video is-provider-vimeo wp-block-embed-vimeo wp-embed-aspect-16-9 wp-has-aspect-ratio\"><div class=\"wp-block-embed__wrapper\">\n<iframe loading=\"lazy\" title=\"Pulp Installation\" src=\"https:\/\/player.vimeo.com\/video\/89481983?dnt=1&amp;app_id=122963\" width=\"640\" height=\"360\" frameborder=\"0\" allow=\"autoplay; fullscreen; picture-in-picture; clipboard-write; encrypted-media; web-share\" referrerpolicy=\"strict-origin-when-cross-origin\"><\/iframe>\n<\/div><\/figure>\n\n\n\n<p><\/p>\n\n\n\n<p>L&rsquo;installation<em> L&rsquo;oeil du cyclope <\/em>est quant \u00e0 elle un m\u00e9lange de technologies num\u00e9riques et de bricolages loufoques pour rendre obsol\u00e8te l&rsquo;action de tourner la page ! Jubilatoire !<\/p>\n\n\n<div class=\"wp-block-image\">\n<figure class=\"aligncenter\"><a href=\"https:\/\/lafilledecorinthe.com\/wordpress\/wp-content\/uploads\/2014\/03\/IMG_1871.jpg\"><img loading=\"lazy\" decoding=\"async\" width=\"2592\" height=\"1936\" src=\"https:\/\/lafilledecorinthe.com\/wordpress\/wp-content\/uploads\/2014\/03\/IMG_1871.jpg\" alt=\"&quot;Pourquoi le poisson?&quot; de Marchalot, Dans l'oeil du cyclope, mars 2014\" class=\"wp-image-4254\" srcset=\"https:\/\/lafilledecorinthe.com\/wordpress\/wp-content\/uploads\/2014\/03\/IMG_1871.jpg 2592w, https:\/\/lafilledecorinthe.com\/wordpress\/wp-content\/uploads\/2014\/03\/IMG_1871-680x507.jpg 680w, https:\/\/lafilledecorinthe.com\/wordpress\/wp-content\/uploads\/2014\/03\/IMG_1871-1280x956.jpg 1280w, https:\/\/lafilledecorinthe.com\/wordpress\/wp-content\/uploads\/2014\/03\/IMG_1871-401x300.jpg 401w\" sizes=\"auto, (max-width: 2592px) 100vw, 2592px\" \/><\/a><figcaption class=\"wp-element-caption\">\u00ab\u00a0Pourquoi le poisson?\u00a0\u00bb de Marchalot, Dans l&rsquo;oeil du cyclope, mars 2014<\/figcaption><\/figure>\n<\/div>\n\n<div class=\"wp-block-image\">\n<figure class=\"aligncenter\"><a href=\"https:\/\/lafilledecorinthe.com\/wordpress\/wp-content\/uploads\/2014\/03\/IMG_1883.jpg\"><img loading=\"lazy\" decoding=\"async\" width=\"2592\" height=\"1936\" src=\"https:\/\/lafilledecorinthe.com\/wordpress\/wp-content\/uploads\/2014\/03\/IMG_1883.jpg\" alt=\"Le public est au centre de l'espace de projection...\" class=\"wp-image-4255\" srcset=\"https:\/\/lafilledecorinthe.com\/wordpress\/wp-content\/uploads\/2014\/03\/IMG_1883.jpg 2592w, https:\/\/lafilledecorinthe.com\/wordpress\/wp-content\/uploads\/2014\/03\/IMG_1883-680x507.jpg 680w, https:\/\/lafilledecorinthe.com\/wordpress\/wp-content\/uploads\/2014\/03\/IMG_1883-1280x956.jpg 1280w, https:\/\/lafilledecorinthe.com\/wordpress\/wp-content\/uploads\/2014\/03\/IMG_1883-401x300.jpg 401w\" sizes=\"auto, (max-width: 2592px) 100vw, 2592px\" \/><\/a><figcaption class=\"wp-element-caption\">Le public est au coeur de la projection&#8230;<\/figcaption><\/figure>\n<\/div>\n\n\n<p>C&rsquo;est dans cet espace que Philippe Dupuy nous pr\u00e9sente la forme mat\u00e9rielle de son projet de r\u00e9sidence <em>Une histoire de l&rsquo;art.&nbsp;<\/em>En parall\u00e8le \u00e0 sa version num\u00e9rique diffus\u00e9e par la revue <em><a href=\"http:\/\/www.professeurcyclope.fr\/\" target=\"_blank\" rel=\"noopener\">Professeur cyclope<\/a>, <\/em>une longue suite de dessins d\u00e9file en boucle sous nos yeux. Accorder son rythme de lecture au d\u00e9filement impos\u00e9 des images et \u00e0 la pr\u00e9sence d&rsquo;autres lecteurs provoque une lecture fragment\u00e9e. Passionnant !<\/p>\n\n\n<div class=\"wp-block-image\">\n<figure class=\"aligncenter\"><a href=\"https:\/\/lafilledecorinthe.com\/wordpress\/wp-content\/uploads\/2014\/03\/IMG_1891.jpg\"><img loading=\"lazy\" decoding=\"async\" width=\"1936\" height=\"2592\" src=\"https:\/\/lafilledecorinthe.com\/wordpress\/wp-content\/uploads\/2014\/03\/IMG_1891.jpg\" alt=\"&quot;Une histoire de l'art&quot; de Philippe Dupuis, mars 2014\" class=\"wp-image-4256\" srcset=\"https:\/\/lafilledecorinthe.com\/wordpress\/wp-content\/uploads\/2014\/03\/IMG_1891.jpg 1936w, https:\/\/lafilledecorinthe.com\/wordpress\/wp-content\/uploads\/2014\/03\/IMG_1891-507x680.jpg 507w, https:\/\/lafilledecorinthe.com\/wordpress\/wp-content\/uploads\/2014\/03\/IMG_1891-956x1280.jpg 956w, https:\/\/lafilledecorinthe.com\/wordpress\/wp-content\/uploads\/2014\/03\/IMG_1891-224x300.jpg 224w\" sizes=\"auto, (max-width: 1936px) 100vw, 1936px\" \/><\/a><figcaption class=\"wp-element-caption\">\u00ab\u00a0Une histoire de l&rsquo;art\u00a0\u00bb de Philippe Dupuis, mars 2014<\/figcaption><\/figure>\n<\/div>\n\n\n<figure class=\"wp-block-embed is-type-video is-provider-vimeo wp-block-embed-vimeo wp-embed-aspect-16-9 wp-has-aspect-ratio\"><div class=\"wp-block-embed__wrapper\">\n<iframe loading=\"lazy\" title=\"7 questions sur Une Histoire de l&#039;Art\" src=\"https:\/\/player.vimeo.com\/video\/73721650?dnt=1&amp;app_id=122963\" width=\"720\" height=\"405\" frameborder=\"0\" allow=\"autoplay; fullscreen; picture-in-picture; clipboard-write; encrypted-media; web-share\" referrerpolicy=\"strict-origin-when-cross-origin\"><\/iframe>\n<\/div><\/figure>\n\n\n\n<p><\/p>\n\n\n\n<p>Seule ombre \u00e0 cette journ\u00e9e ensoleill\u00e9e est de ne pas avoir eu de place pour le spectacle <em>The paper cinema&rsquo;s odyssey. <\/em>Si deuxi\u00e8me \u00e9dition il y a &#8230; je penserais \u00e0 r\u00e9server ! Pour finir, un petit tour au Magic&rsquo;salon s&rsquo;impose. Le bon vieil album papier a encore de beaux jours devant lui !<\/p>\n\n\n<div class=\"wp-block-image\">\n<figure class=\"aligncenter\"><a href=\"https:\/\/lafilledecorinthe.com\/wordpress\/wp-content\/uploads\/2014\/03\/IMG_1845.jpg\"><img loading=\"lazy\" decoding=\"async\" width=\"800\" height=\"597\" src=\"https:\/\/lafilledecorinthe.com\/wordpress\/wp-content\/uploads\/2014\/03\/IMG_1845.jpg\" alt=\"Magic'salon (librairie et bar), Pulp festival, mars2014\" class=\"wp-image-4268\" srcset=\"https:\/\/lafilledecorinthe.com\/wordpress\/wp-content\/uploads\/2014\/03\/IMG_1845.jpg 800w, https:\/\/lafilledecorinthe.com\/wordpress\/wp-content\/uploads\/2014\/03\/IMG_1845-680x507.jpg 680w, https:\/\/lafilledecorinthe.com\/wordpress\/wp-content\/uploads\/2014\/03\/IMG_1845-402x300.jpg 402w\" sizes=\"auto, (max-width: 800px) 100vw, 800px\" \/><\/a><figcaption class=\"wp-element-caption\">Magic&rsquo;salon (librairie et bar), Pulp festival, mars 2014<\/figcaption><\/figure>\n<\/div>","protected":false},"excerpt":{"rendered":"<p>Un nouveau festival autour de la Bande dessin\u00e9e dans la r\u00e9gion parisienne ? Je demande \u00e0 voir ! J&rsquo;ai vu &#8230; et j&rsquo;ai ador\u00e9 ! Deux marraines attentionn\u00e9es : la Ferme du Buisson et ARTE. Un ma\u00eetre d&rsquo;oeuvre inspir\u00e9 : Philippe Dupuy. Des propositions multiples \u00e0 en perdre la t\u00eate &#8230; La journ\u00e9e commence par&#8230;<\/p>\n","protected":false},"author":2,"featured_media":4201,"comment_status":"open","ping_status":"open","sticky":false,"template":"","format":"standard","meta":{"_kad_post_transparent":"","_kad_post_title":"","_kad_post_layout":"","_kad_post_sidebar_id":"","_kad_post_content_style":"","_kad_post_vertical_padding":"","_kad_post_feature":"","_kad_post_feature_position":"","_kad_post_header":false,"_kad_post_footer":false,"_kad_post_classname":"","footnotes":""},"categories":[6,13],"tags":[732,733,729,735,724,736,734,737,722,726,731,738,727,728,723,740,721,725,730,739],"class_list":["post-4200","post","type-post","status-publish","format-standard","has-post-thumbnail","hentry","category-blog","category-sorties-culturelles","tag-arte","tag-ceci-nest-pas-une-bande-dessinee","tag-dash-shaw","tag-david-b","tag-exquise-esquisse","tag-jason","tag-jochen-gerner","tag-loeil-du-cyclope","tag-la-ferme-du-buisson","tag-magicsalon","tag-mana-neyestani","tag-marchalot","tag-marion-montaigne","tag-mathieu-sapin","tag-philippe-dupuy","tag-professeur-cyclope","tag-pulp-festival","tag-salon-des-flip-books","tag-tac-au-tac","tag-une-histoire-de-lart"],"_links":{"self":[{"href":"https:\/\/lafilledecorinthe.com\/wordpress\/wp-json\/wp\/v2\/posts\/4200","targetHints":{"allow":["GET"]}}],"collection":[{"href":"https:\/\/lafilledecorinthe.com\/wordpress\/wp-json\/wp\/v2\/posts"}],"about":[{"href":"https:\/\/lafilledecorinthe.com\/wordpress\/wp-json\/wp\/v2\/types\/post"}],"author":[{"embeddable":true,"href":"https:\/\/lafilledecorinthe.com\/wordpress\/wp-json\/wp\/v2\/users\/2"}],"replies":[{"embeddable":true,"href":"https:\/\/lafilledecorinthe.com\/wordpress\/wp-json\/wp\/v2\/comments?post=4200"}],"version-history":[{"count":74,"href":"https:\/\/lafilledecorinthe.com\/wordpress\/wp-json\/wp\/v2\/posts\/4200\/revisions"}],"predecessor-version":[{"id":15514,"href":"https:\/\/lafilledecorinthe.com\/wordpress\/wp-json\/wp\/v2\/posts\/4200\/revisions\/15514"}],"wp:featuredmedia":[{"embeddable":true,"href":"https:\/\/lafilledecorinthe.com\/wordpress\/wp-json\/wp\/v2\/media\/4201"}],"wp:attachment":[{"href":"https:\/\/lafilledecorinthe.com\/wordpress\/wp-json\/wp\/v2\/media?parent=4200"}],"wp:term":[{"taxonomy":"category","embeddable":true,"href":"https:\/\/lafilledecorinthe.com\/wordpress\/wp-json\/wp\/v2\/categories?post=4200"},{"taxonomy":"post_tag","embeddable":true,"href":"https:\/\/lafilledecorinthe.com\/wordpress\/wp-json\/wp\/v2\/tags?post=4200"}],"curies":[{"name":"wp","href":"https:\/\/api.w.org\/{rel}","templated":true}]}}