{"id":4113,"date":"2014-02-22T23:02:40","date_gmt":"2014-02-22T22:02:40","guid":{"rendered":"http:\/\/lafilledecorinthe.com\/wordpress\/?p=4113"},"modified":"2025-12-07T07:44:15","modified_gmt":"2025-12-07T06:44:15","slug":"les-enfants-dabord-au-jeu-de-paume-7","status":"publish","type":"post","link":"https:\/\/lafilledecorinthe.com\/wordpress\/2014\/02\/les-enfants-dabord-au-jeu-de-paume-7\/","title":{"rendered":"\u00ab\u00a0Les enfants d&rsquo;abord au Jeu de Paume !\u00a0\u00bb 7"},"content":{"rendered":"\n<p>Le Jeu de Paume accueille deux artistes contemporains qui portent un regard singulier sur les lieux qui les entourent : <a href=\"http:\/\/media.artgallery.yale.edu\/adams\/landing.php\" target=\"_blank\" rel=\"noopener\">Robert Adams<\/a>&nbsp;(<em>L&rsquo;endroit o\u00f9 nous vivons<\/em>) et <a href=\"http:\/\/www.mathieupernot.com\/\" target=\"_blank\" rel=\"noopener\">Mathieu Pernot<\/a>&nbsp;(<em>La<\/em> <em>travers\u00e9e<\/em>). A leur suite, nous invitons les enfants \u00e0 r\u00e9fl\u00e9chir sur les notions de <strong>point de vue<\/strong> et de <strong>paysage <\/strong>en confrontant leurs repr\u00e9sentations avec une s\u00e9lection de photographies.<\/p>\n\n\n<div class=\"wp-block-image\">\n<figure class=\"aligncenter\"><a href=\"https:\/\/lafilledecorinthe.com\/wordpress\/wp-content\/uploads\/2014\/02\/IMG_1658.jpg\"><img loading=\"lazy\" decoding=\"async\" width=\"2339\" height=\"1714\" src=\"https:\/\/lafilledecorinthe.com\/wordpress\/wp-content\/uploads\/2014\/02\/IMG_1658.jpg\" alt=\"Exposition Robert Adams, 22\/02\/14\" class=\"wp-image-4139\" srcset=\"https:\/\/lafilledecorinthe.com\/wordpress\/wp-content\/uploads\/2014\/02\/IMG_1658.jpg 2339w, https:\/\/lafilledecorinthe.com\/wordpress\/wp-content\/uploads\/2014\/02\/IMG_1658-680x498.jpg 680w, https:\/\/lafilledecorinthe.com\/wordpress\/wp-content\/uploads\/2014\/02\/IMG_1658-1280x937.jpg 1280w, https:\/\/lafilledecorinthe.com\/wordpress\/wp-content\/uploads\/2014\/02\/IMG_1658-409x300.jpg 409w\" sizes=\"auto, (max-width: 2339px) 100vw, 2339px\" \/><\/a><figcaption class=\"wp-element-caption\">Exposition Robert Adams, 22\/02\/14<\/figcaption><\/figure>\n<\/div>\n\n<div class=\"wp-block-image\">\n<figure class=\"aligncenter\"><a href=\"https:\/\/lafilledecorinthe.com\/wordpress\/wp-content\/uploads\/2014\/02\/Pernot11.jpg\"><img loading=\"lazy\" decoding=\"async\" width=\"640\" height=\"480\" src=\"https:\/\/lafilledecorinthe.com\/wordpress\/wp-content\/uploads\/2014\/02\/Pernot11.jpg\" alt=\"Exposition Mathieu Pernot, 29\/03\/14\" class=\"wp-image-4312\" srcset=\"https:\/\/lafilledecorinthe.com\/wordpress\/wp-content\/uploads\/2014\/02\/Pernot11.jpg 640w, https:\/\/lafilledecorinthe.com\/wordpress\/wp-content\/uploads\/2014\/02\/Pernot11-400x300.jpg 400w\" sizes=\"auto, (max-width: 640px) 100vw, 640px\" \/><\/a><figcaption class=\"wp-element-caption\">Exposition Mathieu Pernot, 29\/03\/14<\/figcaption><\/figure>\n<\/div>\n\n\n<p><em>Apr\u00e8s la visite des expositions, le jardin des Tuileries et la place de la Concorde se transforment en terrain de jeux pour une exploration contrast\u00e9e&#8230;<\/em><\/p>\n\n\n<div class=\"wp-block-image\">\n<figure class=\"aligncenter\"><a href=\"https:\/\/lafilledecorinthe.com\/wordpress\/wp-content\/uploads\/2014\/02\/IMG_1697.jpg\"><img loading=\"lazy\" decoding=\"async\" width=\"2592\" height=\"1936\" src=\"https:\/\/lafilledecorinthe.com\/wordpress\/wp-content\/uploads\/2014\/02\/IMG_1697.jpg\" alt=\"Confrontation de points de vue, 22\/02\/14\" class=\"wp-image-4142\" srcset=\"https:\/\/lafilledecorinthe.com\/wordpress\/wp-content\/uploads\/2014\/02\/IMG_1697.jpg 2592w, https:\/\/lafilledecorinthe.com\/wordpress\/wp-content\/uploads\/2014\/02\/IMG_1697-680x507.jpg 680w, https:\/\/lafilledecorinthe.com\/wordpress\/wp-content\/uploads\/2014\/02\/IMG_1697-1280x956.jpg 1280w, https:\/\/lafilledecorinthe.com\/wordpress\/wp-content\/uploads\/2014\/02\/IMG_1697-401x300.jpg 401w\" sizes=\"auto, (max-width: 2592px) 100vw, 2592px\" \/><\/a><figcaption class=\"wp-element-caption\">Confrontation de points de vue, 22\/02\/14<\/figcaption><\/figure>\n<\/div>\n\n<div class=\"wp-block-image\">\n<figure class=\"aligncenter\"><a href=\"https:\/\/lafilledecorinthe.com\/wordpress\/wp-content\/uploads\/2014\/02\/IMG_2693-2.jpg\"><img loading=\"lazy\" decoding=\"async\" width=\"2592\" height=\"1936\" src=\"https:\/\/lafilledecorinthe.com\/wordpress\/wp-content\/uploads\/2014\/02\/IMG_2693-2.jpg\" alt=\"Le diaporama des contraires, 26\/04\/14\" class=\"wp-image-4607\" srcset=\"https:\/\/lafilledecorinthe.com\/wordpress\/wp-content\/uploads\/2014\/02\/IMG_2693-2.jpg 2592w, https:\/\/lafilledecorinthe.com\/wordpress\/wp-content\/uploads\/2014\/02\/IMG_2693-2-680x507.jpg 680w, https:\/\/lafilledecorinthe.com\/wordpress\/wp-content\/uploads\/2014\/02\/IMG_2693-2-1280x956.jpg 1280w, https:\/\/lafilledecorinthe.com\/wordpress\/wp-content\/uploads\/2014\/02\/IMG_2693-2-401x300.jpg 401w\" sizes=\"auto, (max-width: 2592px) 100vw, 2592px\" \/><\/a><figcaption class=\"wp-element-caption\">Le diaporama des contraires, 26\/04\/14<\/figcaption><\/figure>\n<\/div>\n\n<div class=\"wp-block-image\">\n<figure class=\"aligncenter\"><a href=\"https:\/\/lafilledecorinthe.com\/wordpress\/wp-content\/uploads\/2014\/02\/IMG_1701.jpg\"><img loading=\"lazy\" decoding=\"async\" width=\"2437\" height=\"1724\" src=\"https:\/\/lafilledecorinthe.com\/wordpress\/wp-content\/uploads\/2014\/02\/IMG_1701.jpg\" alt=\"Pr\u00e9sentation des portfolios, 22\/02\/14\" class=\"wp-image-4143\" srcset=\"https:\/\/lafilledecorinthe.com\/wordpress\/wp-content\/uploads\/2014\/02\/IMG_1701.jpg 2437w, https:\/\/lafilledecorinthe.com\/wordpress\/wp-content\/uploads\/2014\/02\/IMG_1701-680x481.jpg 680w, https:\/\/lafilledecorinthe.com\/wordpress\/wp-content\/uploads\/2014\/02\/IMG_1701-1280x905.jpg 1280w, https:\/\/lafilledecorinthe.com\/wordpress\/wp-content\/uploads\/2014\/02\/IMG_1701-424x300.jpg 424w\" sizes=\"auto, (max-width: 2437px) 100vw, 2437px\" \/><\/a><figcaption class=\"wp-element-caption\">Pr\u00e9sentation des portfolios, 22\/02\/14<\/figcaption><\/figure>\n<\/div>","protected":false},"excerpt":{"rendered":"<p>Le Jeu de Paume accueille deux artistes contemporains qui portent un regard singulier sur les lieux qui les entourent : Robert Adams&nbsp;(L&rsquo;endroit o\u00f9 nous vivons) et Mathieu Pernot&nbsp;(La travers\u00e9e). A leur suite, nous invitons les enfants \u00e0 r\u00e9fl\u00e9chir sur les notions de point de vue et de paysage en confrontant leurs repr\u00e9sentations avec une s\u00e9lection&#8230;<\/p>\n","protected":false},"author":2,"featured_media":4138,"comment_status":"open","ping_status":"open","sticky":false,"template":"","format":"standard","meta":{"_kad_post_transparent":"","_kad_post_title":"","_kad_post_layout":"","_kad_post_sidebar_id":"","_kad_post_content_style":"","_kad_post_vertical_padding":"","_kad_post_feature":"","_kad_post_feature_position":"","_kad_post_header":false,"_kad_post_footer":false,"_kad_post_classname":"","footnotes":""},"categories":[7],"tags":[717,48,719,720,77,718],"class_list":["post-4113","post","type-post","status-publish","format-standard","has-post-thumbnail","hentry","category-ateliers-enfants","tag-atelier-les-enfants-dabord","tag-jeu-de-paume","tag-mathieu-pernot","tag-paysage","tag-point-de-vue","tag-robert-adams"],"_links":{"self":[{"href":"https:\/\/lafilledecorinthe.com\/wordpress\/wp-json\/wp\/v2\/posts\/4113","targetHints":{"allow":["GET"]}}],"collection":[{"href":"https:\/\/lafilledecorinthe.com\/wordpress\/wp-json\/wp\/v2\/posts"}],"about":[{"href":"https:\/\/lafilledecorinthe.com\/wordpress\/wp-json\/wp\/v2\/types\/post"}],"author":[{"embeddable":true,"href":"https:\/\/lafilledecorinthe.com\/wordpress\/wp-json\/wp\/v2\/users\/2"}],"replies":[{"embeddable":true,"href":"https:\/\/lafilledecorinthe.com\/wordpress\/wp-json\/wp\/v2\/comments?post=4113"}],"version-history":[{"count":41,"href":"https:\/\/lafilledecorinthe.com\/wordpress\/wp-json\/wp\/v2\/posts\/4113\/revisions"}],"predecessor-version":[{"id":14842,"href":"https:\/\/lafilledecorinthe.com\/wordpress\/wp-json\/wp\/v2\/posts\/4113\/revisions\/14842"}],"wp:featuredmedia":[{"embeddable":true,"href":"https:\/\/lafilledecorinthe.com\/wordpress\/wp-json\/wp\/v2\/media\/4138"}],"wp:attachment":[{"href":"https:\/\/lafilledecorinthe.com\/wordpress\/wp-json\/wp\/v2\/media?parent=4113"}],"wp:term":[{"taxonomy":"category","embeddable":true,"href":"https:\/\/lafilledecorinthe.com\/wordpress\/wp-json\/wp\/v2\/categories?post=4113"},{"taxonomy":"post_tag","embeddable":true,"href":"https:\/\/lafilledecorinthe.com\/wordpress\/wp-json\/wp\/v2\/tags?post=4113"}],"curies":[{"name":"wp","href":"https:\/\/api.w.org\/{rel}","templated":true}]}}