{"id":399,"date":"2012-01-17T11:04:51","date_gmt":"2012-01-17T10:04:51","guid":{"rendered":"http:\/\/lafilledecorinthe.com\/wordpress\/?p=399"},"modified":"2025-12-10T10:57:07","modified_gmt":"2025-12-10T09:57:07","slug":"la-colline-aux-coquelicots","status":"publish","type":"post","link":"https:\/\/lafilledecorinthe.com\/wordpress\/2012\/01\/la-colline-aux-coquelicots\/","title":{"rendered":"La colline aux coquelicots"},"content":{"rendered":"\n<p>\u00ab\u00a0L&rsquo;histoire de ce film est une pure fiction\u00a0\u00bb . C&rsquo;est par ces mots que se termine le g\u00e9n\u00e9rique de fin du nouveau film de Goro Miyazaki : \u00ab\u00a0la colline aux coquelicots\u00a0\u00bb.<\/p>\n\n\n\n<p>L&rsquo;histoire de Shun et Umi, deux jeunes lyc\u00e9ens du port de Yokohama est en effet adapt\u00e9e d&rsquo;un manga des ann\u00e9es 80. Manga o\u00f9 l&rsquo;amour est le th\u00e8me principal.<br>Une romance se d\u00e9veloppe entre les deux jeunes lyc\u00e9ens et leur relation va \u00a0s&rsquo;enrichir peu \u00e0 peu de la lutte commune pour la pr\u00e9servation d&rsquo;un vieux b\u00e2timent qui accueille des ateliers anim\u00e9s par les \u00e9l\u00e8ves. Leur idylle sera menac\u00e9e par une photographie semant le trouble sur leur origine.<\/p>\n\n\n\n<p>Au del\u00e0 de cette histoire attachante, le v\u00e9ritable h\u00e9ros est le lieu m\u00eame de l&rsquo;action, cette colline qui relie terre et mer dans le port de Yokohama. J&rsquo;ai \u00e9t\u00e9 fascin\u00e9e par les dessins qui font revivre cette ville japonaise. Au del\u00e0 de la fiction, c&rsquo;est cette reconstitution qui m&rsquo;a \u00e9blouie : le port, les magasins, l&rsquo;animation des rues&#8230;Contrairement aux pr\u00e9ceptes de son p\u00e8re, Hayao Miyazaki, Goro Miyazaki s&rsquo;est inspir\u00e9 de photographies r\u00e9alis\u00e9es par le photographe Motochika Hirose. La r\u00e9alit\u00e9 est transcend\u00e9e !<\/p>\n\n\n<div class=\"wp-block-image\">\n<figure class=\"aligncenter size-medium\"><a href=\"https:\/\/lafilledecorinthe.com\/wordpress\/wp-content\/uploads\/2012\/01\/301067_216665115053798_157466287640348_523989_8052743_n.jpg\"><img loading=\"lazy\" decoding=\"async\" width=\"680\" height=\"481\" src=\"https:\/\/lafilledecorinthe.com\/wordpress\/wp-content\/uploads\/2012\/01\/301067_216665115053798_157466287640348_523989_8052743_n-680x481.jpg\" alt=\"\" class=\"wp-image-403\" srcset=\"https:\/\/lafilledecorinthe.com\/wordpress\/wp-content\/uploads\/2012\/01\/301067_216665115053798_157466287640348_523989_8052743_n-680x481.jpg 680w, https:\/\/lafilledecorinthe.com\/wordpress\/wp-content\/uploads\/2012\/01\/301067_216665115053798_157466287640348_523989_8052743_n-423x300.jpg 423w, https:\/\/lafilledecorinthe.com\/wordpress\/wp-content\/uploads\/2012\/01\/301067_216665115053798_157466287640348_523989_8052743_n.jpg 720w\" sizes=\"auto, (max-width: 680px) 100vw, 680px\" \/><\/a><figcaption class=\"wp-element-caption\">Motochika Hirose<\/figcaption><\/figure>\n<\/div>\n\n\n<p>Cette r\u00e9alit\u00e9 s&rsquo;inscrit aussi dans un temps pr\u00e9cis ; les jeux olympiques d&rsquo;\u00e9t\u00e9 de 1964. &nbsp;Le Japon est \u00e0 nouveau prosp\u00e8re mais la guerre de Cor\u00e9e est dans les m\u00e9moires et dans les coeurs.<\/p>\n\n\n\n<figure class=\"wp-block-image size-large\"><img loading=\"lazy\" decoding=\"async\" width=\"838\" height=\"1280\" src=\"https:\/\/lafilledecorinthe.com\/wordpress\/wp-content\/uploads\/2012\/01\/tokyo-1964-olympic-games-38138-j-o-vintage-poster.jpg__960x0_q85_subsampling-2_upscale-838x1280.jpg\" alt=\"\" class=\"wp-image-15370\" srcset=\"https:\/\/lafilledecorinthe.com\/wordpress\/wp-content\/uploads\/2012\/01\/tokyo-1964-olympic-games-38138-j-o-vintage-poster.jpg__960x0_q85_subsampling-2_upscale-838x1280.jpg 838w, https:\/\/lafilledecorinthe.com\/wordpress\/wp-content\/uploads\/2012\/01\/tokyo-1964-olympic-games-38138-j-o-vintage-poster.jpg__960x0_q85_subsampling-2_upscale-445x680.jpg 445w, https:\/\/lafilledecorinthe.com\/wordpress\/wp-content\/uploads\/2012\/01\/tokyo-1964-olympic-games-38138-j-o-vintage-poster.jpg__960x0_q85_subsampling-2_upscale-768x1174.jpg 768w, https:\/\/lafilledecorinthe.com\/wordpress\/wp-content\/uploads\/2012\/01\/tokyo-1964-olympic-games-38138-j-o-vintage-poster.jpg__960x0_q85_subsampling-2_upscale.jpg 960w\" sizes=\"auto, (max-width: 838px) 100vw, 838px\" \/><\/figure>\n\n\n\n<p>L&rsquo;attention aux gestes de la vie quotidienne est aussi remarquable, la pr\u00e9paration des repas dont Umi a la responsabilit\u00e9 rythme le r\u00e9cit tout comme la bande son qui occidentalise cette histoire qui nous est \u00e0 la fois proche et lointaine.<\/p>\n\n\n\n<p>Difficile de ne pas penser au p\u00e8re en regardant un film du fils ! Mais qu&rsquo;apporte la comparaison voir la confrontation entre les deux r\u00e9alisateurs ? Inqui\u00e8te de plaquer mon regard europ\u00e9en sur une relation humaine et professionnelle dont les enjeux nous \u00e9chappent, j&rsquo;ai \u00e9t\u00e9 tr\u00e8s curieuse de d\u00e9couvrir le livre de Toshio Suzuki :\u00a0\u00bbDans le studio Ghibli- travailler en s&rsquo;amusant\u00a0\u00bb.<\/p>\n\n\n\n<figure class=\"wp-block-image size-large\"><img loading=\"lazy\" decoding=\"async\" width=\"836\" height=\"1280\" src=\"https:\/\/lafilledecorinthe.com\/wordpress\/wp-content\/uploads\/2012\/01\/Ghibli-836x1280.jpg\" alt=\"\" class=\"wp-image-15372\" srcset=\"https:\/\/lafilledecorinthe.com\/wordpress\/wp-content\/uploads\/2012\/01\/Ghibli-836x1280.jpg 836w, https:\/\/lafilledecorinthe.com\/wordpress\/wp-content\/uploads\/2012\/01\/Ghibli-444x680.jpg 444w, https:\/\/lafilledecorinthe.com\/wordpress\/wp-content\/uploads\/2012\/01\/Ghibli-768x1176.jpg 768w, https:\/\/lafilledecorinthe.com\/wordpress\/wp-content\/uploads\/2012\/01\/Ghibli.jpg 980w\" sizes=\"auto, (max-width: 836px) 100vw, 836px\" \/><\/figure>\n\n\n\n<p>Toshio Suzuki, producteur du Studio Ghibli,&nbsp;partage ses souvenirs sur son travail et sur ses relations avec les deux grands r\u00e9alisateurs : Isa Takahata et Hayao Miyazaki . Univers singulier o\u00f9 se c\u00f4toient des artistes d&rsquo;exception aux personnalit\u00e9s tr\u00e8s fortes. Dans les toutes derni\u00e8res pages du livre, il \u00e9voque les d\u00e9buts de Gor\u00f4 Miyazaki comme r\u00e9alisateur du film \u00ab\u00a0Les contes de Terremer\u00a0\u00bb, laissons lui la parole :<\/p>\n\n\n\n<p>\u00ab\u00a0Au d\u00e9but, il n&rsquo;\u00e9tait pas pr\u00e9vu que ce soit lui le r\u00e9alisateur, mais, peu \u00e0 peu, je me suis dit que ce serait un choix judicieux. &#8230; Etre le fils de Hayao Miyazaki et r\u00e9aliser, pour un premier film, l&rsquo;oeuvre qui, de notori\u00e9t\u00e9 publique, a influenc\u00e9 le plus son p\u00e8re, c&rsquo;\u00e9tait une pression terrible&#8230; Au d\u00e9but , Miya \u00e9tait f\u00e2ch\u00e9 contre moi aussi. \u00ab\u00a0Confier la r\u00e9alisation \u00e0 un type qui n&rsquo;a pas la moindre exp\u00e9rience, \u00e7a ne va pas bien, Suzuki ?\u00a0\u00bb me r\u00e9p\u00e9tait-il. Mais, en mon for int\u00e9rieur, je songeais \u00e0 quelque chose : une r\u00e9plique de Porco Rosso. Pour pr\u00e9parer l&rsquo;avion du h\u00e9ros, Porco Rosso, appara\u00eet Fio, une jeune ing\u00e9nieure, et, quand Porco refuse son aide parce qu&rsquo;il trouve qu&rsquo;elle manque d&rsquo;exp\u00e9rience, elle lui demande : &nbsp;\u00a0\u00bb L&rsquo;important, c&rsquo;est l&rsquo;exp\u00e9rience ou l&rsquo;inspiration ?\u00a0\u00bb Porco r\u00e9pond : \u00ab\u00a0C&rsquo;est l&rsquo;inspiration\u00a0\u00bb, et il r\u00e9alise son erreur. C&rsquo;est ainsi qu&rsquo;il accepte la jeune fille. Gor\u00f4 se trouvait dans le m\u00eame cas, me semblait-il.\u00a0\u00bb<\/p>\n\n\n\n<figure class=\"wp-block-image size-full\"><img loading=\"lazy\" decoding=\"async\" width=\"1200\" height=\"722\" src=\"https:\/\/lafilledecorinthe.com\/wordpress\/wp-content\/uploads\/2012\/01\/Porco-Rosso-Banniere.jpg\" alt=\"\" class=\"wp-image-15373\" srcset=\"https:\/\/lafilledecorinthe.com\/wordpress\/wp-content\/uploads\/2012\/01\/Porco-Rosso-Banniere.jpg 1200w, https:\/\/lafilledecorinthe.com\/wordpress\/wp-content\/uploads\/2012\/01\/Porco-Rosso-Banniere-680x409.jpg 680w, https:\/\/lafilledecorinthe.com\/wordpress\/wp-content\/uploads\/2012\/01\/Porco-Rosso-Banniere-768x462.jpg 768w\" sizes=\"auto, (max-width: 1200px) 100vw, 1200px\" \/><\/figure>\n","protected":false},"excerpt":{"rendered":"<p>\u00ab\u00a0L&rsquo;histoire de ce film est une pure fiction\u00a0\u00bb . C&rsquo;est par ces mots que se termine le g\u00e9n\u00e9rique de fin du nouveau film de Goro Miyazaki : \u00ab\u00a0la colline aux coquelicots\u00a0\u00bb. L&rsquo;histoire de Shun et Umi, deux jeunes lyc\u00e9ens du port de Yokohama est en effet adapt\u00e9e d&rsquo;un manga des ann\u00e9es 80. Manga o\u00f9 l&rsquo;amour&#8230;<\/p>\n","protected":false},"author":2,"featured_media":400,"comment_status":"open","ping_status":"open","sticky":false,"template":"","format":"standard","meta":{"_kad_post_transparent":"","_kad_post_title":"","_kad_post_layout":"","_kad_post_sidebar_id":"","_kad_post_content_style":"","_kad_post_vertical_padding":"","_kad_post_feature":"","_kad_post_feature_position":"","_kad_post_header":false,"_kad_post_footer":false,"_kad_post_classname":"","footnotes":""},"categories":[6,13],"tags":[40],"class_list":["post-399","post","type-post","status-publish","format-standard","has-post-thumbnail","hentry","category-blog","category-sorties-culturelles","tag-miyazaki"],"_links":{"self":[{"href":"https:\/\/lafilledecorinthe.com\/wordpress\/wp-json\/wp\/v2\/posts\/399","targetHints":{"allow":["GET"]}}],"collection":[{"href":"https:\/\/lafilledecorinthe.com\/wordpress\/wp-json\/wp\/v2\/posts"}],"about":[{"href":"https:\/\/lafilledecorinthe.com\/wordpress\/wp-json\/wp\/v2\/types\/post"}],"author":[{"embeddable":true,"href":"https:\/\/lafilledecorinthe.com\/wordpress\/wp-json\/wp\/v2\/users\/2"}],"replies":[{"embeddable":true,"href":"https:\/\/lafilledecorinthe.com\/wordpress\/wp-json\/wp\/v2\/comments?post=399"}],"version-history":[{"count":27,"href":"https:\/\/lafilledecorinthe.com\/wordpress\/wp-json\/wp\/v2\/posts\/399\/revisions"}],"predecessor-version":[{"id":15374,"href":"https:\/\/lafilledecorinthe.com\/wordpress\/wp-json\/wp\/v2\/posts\/399\/revisions\/15374"}],"wp:featuredmedia":[{"embeddable":true,"href":"https:\/\/lafilledecorinthe.com\/wordpress\/wp-json\/wp\/v2\/media\/400"}],"wp:attachment":[{"href":"https:\/\/lafilledecorinthe.com\/wordpress\/wp-json\/wp\/v2\/media?parent=399"}],"wp:term":[{"taxonomy":"category","embeddable":true,"href":"https:\/\/lafilledecorinthe.com\/wordpress\/wp-json\/wp\/v2\/categories?post=399"},{"taxonomy":"post_tag","embeddable":true,"href":"https:\/\/lafilledecorinthe.com\/wordpress\/wp-json\/wp\/v2\/tags?post=399"}],"curies":[{"name":"wp","href":"https:\/\/api.w.org\/{rel}","templated":true}]}}