{"id":3983,"date":"2014-02-14T11:21:20","date_gmt":"2014-02-14T10:21:20","guid":{"rendered":"http:\/\/lafilledecorinthe.com\/wordpress\/?p=3983"},"modified":"2025-12-09T16:48:07","modified_gmt":"2025-12-09T15:48:07","slug":"joan-fontcuberta-a-la-maison-europeenne-de-la-photographie","status":"publish","type":"post","link":"https:\/\/lafilledecorinthe.com\/wordpress\/2014\/02\/joan-fontcuberta-a-la-maison-europeenne-de-la-photographie\/","title":{"rendered":"Joan Fontcuberta \u00e0 la Maison Europ\u00e9enne de la Photographie"},"content":{"rendered":"\n<p>J&rsquo;ai eu la chance d&rsquo;assister \u00e0 une conf\u00e9rence de Joan Fontcuberta \u00e0 Arles en 2009. Il participait \u00e0 un s\u00e9minaire sur le \u00ab\u00a0statut de la photographie \u00e0 travers ses usages\u00a0\u00bb. Moment privil\u00e9gi\u00e9 o\u00f9 la rencontre d&rsquo;une oeuvre vous oblige \u00e0 d\u00e9placer vos lignes de pens\u00e9e.<br>Au del\u00e0 de ses publications, j&rsquo;avais tr\u00e8s envie de d\u00e9couvrir son travail in situ. La Maison Europ\u00e9enne de la Photographie lui consacre actuellement un vaste espace o\u00f9 neuf s\u00e9ries embl\u00e9matiques sont pr\u00e9sent\u00e9es. Si la manipulation des images est au coeur de son travail, l&rsquo;organisation de l&rsquo;espace d&rsquo;exposition est aussi un \u00e9l\u00e9ment cl\u00e9 de ses projets. Il peut ainsi multiplier les moyens pour \u00ab\u00a0faire croire\u00a0\u00bb, donner l&rsquo;illusion de la r\u00e9alit\u00e9 : dioramas et vitrines r\u00e9pondent aux photographies et films pour envelopper le spectateur d&rsquo;informations multiples.<\/p>\n\n\n<div class=\"wp-block-image\">\n<figure class=\"aligncenter\"><a href=\"https:\/\/lafilledecorinthe.com\/wordpress\/wp-content\/uploads\/2014\/02\/IMG_1561.jpg\"><img loading=\"lazy\" decoding=\"async\" width=\"800\" height=\"567\" src=\"https:\/\/lafilledecorinthe.com\/wordpress\/wp-content\/uploads\/2014\/02\/IMG_1561.jpg\" alt=\"Vitrine consacr\u00e9e \u00e0 l'abb\u00e9 Jean Fontana, Les Hydropith\u00e8ques, 2003-2012\" class=\"wp-image-3994\" srcset=\"https:\/\/lafilledecorinthe.com\/wordpress\/wp-content\/uploads\/2014\/02\/IMG_1561.jpg 800w, https:\/\/lafilledecorinthe.com\/wordpress\/wp-content\/uploads\/2014\/02\/IMG_1561-680x481.jpg 680w, https:\/\/lafilledecorinthe.com\/wordpress\/wp-content\/uploads\/2014\/02\/IMG_1561-423x300.jpg 423w\" sizes=\"auto, (max-width: 800px) 100vw, 800px\" \/><\/a><figcaption class=\"wp-element-caption\">Vitrine consacr\u00e9e \u00e0 l&rsquo;abb\u00e9 Jean Fontana, Les Hydropith\u00e8ques, 2003-2012<\/figcaption><\/figure>\n<\/div>\n\n\n<p>Les r\u00e9actions des spectateurs sont passionnantes, les \u00ab\u00a0c&rsquo;est incroyable\u00a0\u00bb, \u00ab\u00a0c&rsquo;est pas vrai\u00a0\u00bb fusent dans les salles &#8230; En fonction du parcours de l&rsquo;exposition choisi, la cr\u00e9dulit\u00e9 des spectateurs \u00e9volue et impose parfois des retours sur preuve. &nbsp;Des regards complices s&rsquo;instaurent avec l&rsquo;impression de participer \u00e0 un grand jeu de piste. Conna\u00eetre la d\u00e9marche de l&rsquo;auteur ne vous pr\u00e9serve pas de toute mystification. Face aux premiers paysages de la s\u00e9rie <em>Orog\u00e9n\u00e8se,<\/em> j&rsquo;ai regrett\u00e9 haut et fort l&rsquo;absence d&rsquo;un cartel classique indiquant les coordonn\u00e9es g\u00e9ographiques de ces paysages virtuels !<\/p>\n\n\n<div class=\"wp-block-image\">\n<figure class=\"aligncenter\"><a href=\"https:\/\/lafilledecorinthe.com\/wordpress\/wp-content\/uploads\/2014\/02\/IMG_1567.jpg\"><img loading=\"lazy\" decoding=\"async\" width=\"800\" height=\"562\" src=\"https:\/\/lafilledecorinthe.com\/wordpress\/wp-content\/uploads\/2014\/02\/IMG_1567.jpg\" alt=\"Quatre paysages virtuels r\u00e9alis\u00e9s par les logiciels Vistapro, Bryce et Terragen \u00e0 partir des tableaux du Douanier Rousseau, Courbet, Kandinsky et Gainsborough, 2002-2004\" class=\"wp-image-3996\" srcset=\"https:\/\/lafilledecorinthe.com\/wordpress\/wp-content\/uploads\/2014\/02\/IMG_1567.jpg 800w, https:\/\/lafilledecorinthe.com\/wordpress\/wp-content\/uploads\/2014\/02\/IMG_1567-680x477.jpg 680w, https:\/\/lafilledecorinthe.com\/wordpress\/wp-content\/uploads\/2014\/02\/IMG_1567-427x300.jpg 427w\" sizes=\"auto, (max-width: 800px) 100vw, 800px\" \/><\/a><figcaption class=\"wp-element-caption\">Quatre paysages virtuels r\u00e9alis\u00e9s par les logiciels Vistapro, Bryce et Terragen \u00e0 partir des tableaux du Douanier Rousseau, Courbet, Kandinsky et Gainsborough, Orogen\u00e8se, 2002-2004<\/figcaption><\/figure>\n<\/div>\n\n\n<p>L&rsquo;esth\u00e9tisme est aussi au rendez-vous. Devant les s\u00e9ries <em>Palimpsestes<\/em> et <em>Herbarium,<\/em> peu m&rsquo;importe la v\u00e9racit\u00e9 des images, l&rsquo;agencement des formes et des couleurs me touche, le r\u00e9el peut \u00eatre r\u00e9invent\u00e9 !<\/p>\n\n\n\n<p>Plusieurs reproductions d&rsquo;un portrait du Gr\u00e9co intriguent tout au long de la visite. Derri\u00e8re cette image reprise sur la couverture du catalogue de l&rsquo;exposition se dissimule une nouvelle s\u00e9rie <em>Camouflages &#8230; <\/em>Joan Foncuberta qui a toujours aim\u00e9 se d\u00e9guiser invite \u00e0 une derni\u00e8re partie de cache-cache avec sa propre image !<\/p>\n\n\n<div class=\"wp-block-image\">\n<figure class=\"aligncenter\"><a href=\"https:\/\/lafilledecorinthe.com\/wordpress\/wp-content\/uploads\/2014\/02\/imgp1215-tt-width-455-height-672-lazyload-1-bgcolor-000000.jpg\"><img loading=\"lazy\" decoding=\"async\" width=\"541\" height=\"800\" src=\"https:\/\/lafilledecorinthe.com\/wordpress\/wp-content\/uploads\/2014\/02\/imgp1215-tt-width-455-height-672-lazyload-1-bgcolor-000000.jpg\" alt=\"imgp1215-tt-width-455-height-672-lazyload-1-bgcolor-000000\" class=\"wp-image-4008\" srcset=\"https:\/\/lafilledecorinthe.com\/wordpress\/wp-content\/uploads\/2014\/02\/imgp1215-tt-width-455-height-672-lazyload-1-bgcolor-000000.jpg 541w, https:\/\/lafilledecorinthe.com\/wordpress\/wp-content\/uploads\/2014\/02\/imgp1215-tt-width-455-height-672-lazyload-1-bgcolor-000000-459x680.jpg 459w, https:\/\/lafilledecorinthe.com\/wordpress\/wp-content\/uploads\/2014\/02\/imgp1215-tt-width-455-height-672-lazyload-1-bgcolor-000000-202x300.jpg 202w\" sizes=\"auto, (max-width: 541px) 100vw, 541px\" \/><\/a><\/figure>\n<\/div>\n\n\n<p class=\"has-text-align-center\"><\/p>\n","protected":false},"excerpt":{"rendered":"<p>J&rsquo;ai eu la chance d&rsquo;assister \u00e0 une conf\u00e9rence de Joan Fontcuberta \u00e0 Arles en 2009. Il participait \u00e0 un s\u00e9minaire sur le \u00ab\u00a0statut de la photographie \u00e0 travers ses usages\u00a0\u00bb. Moment privil\u00e9gi\u00e9 o\u00f9 la rencontre d&rsquo;une oeuvre vous oblige \u00e0 d\u00e9placer vos lignes de pens\u00e9e.Au del\u00e0 de ses publications, j&rsquo;avais tr\u00e8s envie de d\u00e9couvrir son&#8230;<\/p>\n","protected":false},"author":2,"featured_media":3984,"comment_status":"open","ping_status":"open","sticky":false,"template":"","format":"standard","meta":{"_kad_post_transparent":"","_kad_post_title":"","_kad_post_layout":"","_kad_post_sidebar_id":"","_kad_post_content_style":"","_kad_post_vertical_padding":"","_kad_post_feature":"","_kad_post_feature_position":"","_kad_post_header":false,"_kad_post_footer":false,"_kad_post_classname":"","footnotes":""},"categories":[6,14,13],"tags":[696,695,689,693,690,691,692,694],"class_list":["post-3983","post","type-post","status-publish","format-standard","has-post-thumbnail","hentry","category-blog","category-decouvertes-artistes","category-sorties-culturelles","tag-camouflages","tag-herbarium","tag-joan-fontcuberta","tag-les-hydropitheques","tag-maison-europeenne-de-la-photographie","tag-mep","tag-orogenese","tag-palimpsestes"],"_links":{"self":[{"href":"https:\/\/lafilledecorinthe.com\/wordpress\/wp-json\/wp\/v2\/posts\/3983","targetHints":{"allow":["GET"]}}],"collection":[{"href":"https:\/\/lafilledecorinthe.com\/wordpress\/wp-json\/wp\/v2\/posts"}],"about":[{"href":"https:\/\/lafilledecorinthe.com\/wordpress\/wp-json\/wp\/v2\/types\/post"}],"author":[{"embeddable":true,"href":"https:\/\/lafilledecorinthe.com\/wordpress\/wp-json\/wp\/v2\/users\/2"}],"replies":[{"embeddable":true,"href":"https:\/\/lafilledecorinthe.com\/wordpress\/wp-json\/wp\/v2\/comments?post=3983"}],"version-history":[{"count":41,"href":"https:\/\/lafilledecorinthe.com\/wordpress\/wp-json\/wp\/v2\/posts\/3983\/revisions"}],"predecessor-version":[{"id":15353,"href":"https:\/\/lafilledecorinthe.com\/wordpress\/wp-json\/wp\/v2\/posts\/3983\/revisions\/15353"}],"wp:featuredmedia":[{"embeddable":true,"href":"https:\/\/lafilledecorinthe.com\/wordpress\/wp-json\/wp\/v2\/media\/3984"}],"wp:attachment":[{"href":"https:\/\/lafilledecorinthe.com\/wordpress\/wp-json\/wp\/v2\/media?parent=3983"}],"wp:term":[{"taxonomy":"category","embeddable":true,"href":"https:\/\/lafilledecorinthe.com\/wordpress\/wp-json\/wp\/v2\/categories?post=3983"},{"taxonomy":"post_tag","embeddable":true,"href":"https:\/\/lafilledecorinthe.com\/wordpress\/wp-json\/wp\/v2\/tags?post=3983"}],"curies":[{"name":"wp","href":"https:\/\/api.w.org\/{rel}","templated":true}]}}