{"id":3971,"date":"2014-02-17T08:16:34","date_gmt":"2014-02-17T07:16:34","guid":{"rendered":"http:\/\/lafilledecorinthe.com\/wordpress\/?p=3971"},"modified":"2025-12-09T15:20:28","modified_gmt":"2025-12-09T14:20:28","slug":"paul-maz-mazicien-raconteur","status":"publish","type":"post","link":"https:\/\/lafilledecorinthe.com\/wordpress\/2014\/02\/paul-maz-mazicien-raconteur\/","title":{"rendered":"Paul Maz, Mazicien\/ Raconteur"},"content":{"rendered":"\n<p><em>Magie blanche, magie noire, magie rouge &#8230; Et si Paul Maz donnait \u00e0 la magie une nouvelle couleur &#8230; La couleur de la passion, la couleur de l&rsquo;engagement et la couleur du coeur ! &nbsp;Son spectacle \u00ab\u00a0Le Magicien de Papier\u00a0\u00bb est programm\u00e9 actuellement au th\u00e9\u00e2tre de la Vieille Grille. Une belle occasion de faire connaissance avec son p\u00e8re Qu\u00e9not qui ouvre les portes du possible ! Perch\u00e9 no ? Pourquoi Pas !<\/em><\/p>\n\n\n\n<p><strong>Se pr\u00e9senter en quelques mots &#8230;<\/strong><\/p>\n\n\n\n<p>Je suis d\u2019abord quelqu\u2019un de curieux et de passionn\u00e9. Cette curiosit\u00e9 m\u2019a conduit \u00e0 des virages professionnels et \u00e0 des choix de vie importants. Il y a une quinzaine d\u2019ann\u00e9es je suis tomb\u00e9, un peu par hasard, dans l\u2019art magique. Cela se traduit maintenant par la cr\u00e9ation de spectacles destin\u00e9s au jeune public qui allient \u00e0 la fois le conte et la magie.<\/p>\n\n\n\n<p><strong>Qu\u2019est-ce qui a \u00e9t\u00e9 le plus formateur pour toi dans ton enfance ?<\/strong><\/p>\n\n\n\n<p>Deux choses : la d\u00e9couverte de la nature et les voyages. J\u2019ai eu la chance de na\u00eetre \u00e0 Fontainebleau qui poss\u00e8de une for\u00eat extraordinaire. Elle \u00e9tait le terrain de jeu de mon enfance et je connaissais tr\u00e8s bien les rochers ! Fontainebleau est aussi li\u00e9 \u00e0 mon grand-p\u00e8re qui \u00e9tait guide au mus\u00e9e chinois de l\u2019imp\u00e9ratrice Eug\u00e9nie. Il avait son logement de fonction \u00e0 l\u2019int\u00e9rieur du ch\u00e2teau. J\u2019ai eu droit \u00e0 des visites priv\u00e9es pleines de myst\u00e8re \u00e0 mes yeux d\u2019enfant.<\/p>\n\n\n<div class=\"wp-block-image\">\n<figure class=\"aligncenter\"><a href=\"https:\/\/lafilledecorinthe.com\/wordpress\/wp-content\/uploads\/2014\/02\/mus\u00e9e-chinois1.jpg\"><img loading=\"lazy\" decoding=\"async\" width=\"512\" height=\"417\" src=\"https:\/\/lafilledecorinthe.com\/wordpress\/wp-content\/uploads\/2014\/02\/mus\u00e9e-chinois1.jpg\" alt=\"Pierre- Ambroise Richebourg, muse\u0301e chinois, 19 e\u0300me sie\u0300cle, RNM\" class=\"wp-image-4040\" srcset=\"https:\/\/lafilledecorinthe.com\/wordpress\/wp-content\/uploads\/2014\/02\/mus\u00e9e-chinois1.jpg 512w, https:\/\/lafilledecorinthe.com\/wordpress\/wp-content\/uploads\/2014\/02\/mus\u00e9e-chinois1-368x300.jpg 368w\" sizes=\"auto, (max-width: 512px) 100vw, 512px\" \/><\/a><figcaption class=\"wp-element-caption\">Pierre- Ambroise Richebourg, muse\u0301e chinois, 19 e\u0300me sie\u0300cle, RNM<\/figcaption><\/figure>\n<\/div>\n\n\n<p>Mon p\u00e8re voyageait beaucoup, j\u2019ai v\u00e9cu en Afrique et en Nouvelle Cal\u00e9donie pendant plusieurs ann\u00e9es. Nous voyagions sur des bateaux longs courriers. Je me souviens en particulier du voyage entre Pointe Noire au Congo et la France, le trajet a dur\u00e9 30 jours. Chaque matin je me r\u00e9veillais dans un nouveau port. Je pense que ma curiosit\u00e9, mon ouverture vers l\u2019inconnu vient en partie de cette \u00e9poque.<\/p>\n\n\n\n<p><strong>Une image qui t\u2019accompagne&#8230;<\/strong><\/p>\n\n\n\n<p>Je ne sais si je suis influenc\u00e9 par ce que je viens de te dire ou par le d\u00e9cor du caf\u00e9 o\u00f9 nous nous trouvons, fait de boiseries et de cuivres mais l\u2019image qui me vient est celle d\u2019une partie de p\u00eache dans le port de Lagos au Nig\u00e9ria. Je me revois petit bonhomme de 11 ans sur le pont de cet immense bateau. J\u2019avais fabriqu\u00e9 une canne \u00e0 p\u00eache avec une bobine de fil et un hame\u00e7on bricol\u00e9. J\u2019avais mis un morceau de pain pour app\u00e2ter les poissons et \u00e7a a march\u00e9 ! J\u2019ai pris un poisson ! J\u2019\u00e9tais au comble de la joie !<\/p>\n\n\n\n<p><strong>Si mes sources sont bonnes, tu as commenc\u00e9 ta vie professionnelle comme&nbsp;ing\u00e9nieur informatique&#8230;<\/strong><\/p>\n\n\n\n<p>Absolument, j\u2019ai travaill\u00e9 pendant 10 ans dans l\u2019informatique. C\u2019\u00e9tait dans les ann\u00e9es 70. Je suis devenu p\u00e8re tr\u00e8s jeune \u00e0 21 ans. J\u2019avais besoin d\u2019un m\u00e9tier lucratif. Je suis entr\u00e9 \u00e0 la Compagnie Internationale pour l\u2019Informatique (CII) qui m\u2019a form\u00e9 aux nouvelles technologies. Je gagnais bien ma vie mais ma vraie fibre \u00e9tait plut\u00f4t litt\u00e9raire.<\/p>\n\n\n<div class=\"wp-block-image\">\n<figure class=\"aligncenter\"><a href=\"https:\/\/lafilledecorinthe.com\/wordpress\/wp-content\/uploads\/2014\/02\/500px-CII_10070_IRIA.png\"><img loading=\"lazy\" decoding=\"async\" width=\"500\" height=\"335\" src=\"https:\/\/lafilledecorinthe.com\/wordpress\/wp-content\/uploads\/2014\/02\/500px-CII_10070_IRIA.png\" alt=\"La CII 10070 de l\u2019IRIA (vers 1973)\" class=\"wp-image-4041\" srcset=\"https:\/\/lafilledecorinthe.com\/wordpress\/wp-content\/uploads\/2014\/02\/500px-CII_10070_IRIA.png 500w, https:\/\/lafilledecorinthe.com\/wordpress\/wp-content\/uploads\/2014\/02\/500px-CII_10070_IRIA-447x300.png 447w\" sizes=\"auto, (max-width: 500px) 100vw, 500px\" \/><\/a><figcaption class=\"wp-element-caption\">La CII 10070 de l\u2019IRIA (vers 1973)<\/figcaption><\/figure>\n<\/div>\n\n\n<p>Plus jeune j\u2019\u00e9crivais des po\u00e8mes, de la musique, je jouais dans un orchestre. L\u2019\u00e9criture \u00e9tait rest\u00e9e une passion. J\u2019ai d\u00e9cid\u00e9 de postuler comme journaliste dans les technologies de l\u2019information. On \u00e9tait peu nombreux sur le cr\u00e9neau. J\u2019ai travaill\u00e9 notamment pour Le Monde Informatique, 01 Informatique, Les Echos , La Tribune &#8230;<\/p>\n\n\n<div class=\"wp-block-image\">\n<figure class=\"aligncenter\"><a href=\"https:\/\/lafilledecorinthe.com\/wordpress\/wp-content\/uploads\/2014\/02\/Fran\u00e7ois-Cointe.jpg\"><img loading=\"lazy\" decoding=\"async\" width=\"494\" height=\"372\" src=\"https:\/\/lafilledecorinthe.com\/wordpress\/wp-content\/uploads\/2014\/02\/Fran\u00e7ois-Cointe.jpg\" alt=\"Dessin de Franc\u0327ois Cointe\" class=\"wp-image-4042\" srcset=\"https:\/\/lafilledecorinthe.com\/wordpress\/wp-content\/uploads\/2014\/02\/Fran\u00e7ois-Cointe.jpg 494w, https:\/\/lafilledecorinthe.com\/wordpress\/wp-content\/uploads\/2014\/02\/Fran\u00e7ois-Cointe-398x300.jpg 398w\" sizes=\"auto, (max-width: 494px) 100vw, 494px\" \/><\/a><figcaption class=\"wp-element-caption\">Dessin de Franc\u0327ois Cointe<\/figcaption><\/figure>\n<\/div>\n\n\n<p>\u00c7a marchait bien, puis j\u2019ai cr\u00e9\u00e9 ma propre soci\u00e9t\u00e9. Je suis devenu un animateur reconnu de la presse informatique. J\u2019ai beaucoup pris la parole en public, j\u2019ai anim\u00e9 de nombreux d\u00e9bats.<\/p>\n\n\n\n<p><strong>Jusqu\u2019aux dix ans de ton fils pour lesquels tu as pr\u00e9par\u00e9 ton premier tour de&nbsp;magie&#8230;<\/strong><\/p>\n\n\n\n<p>Je voulais lui faire une surprise pour son anniversaire et j\u2019ai \u00e9t\u00e9 l\u2019arroseur arros\u00e9 ! Apr\u00e8s ce premier tour, j\u2019ai senti tout de suite que je voulais en faire mon m\u00e9tier. Je crois fortement que c\u2019est l\u2019envie et le d\u00e9sir qui m\u00e8nent les choses. Ce n\u2019est pas forc\u00e9ment tr\u00e8s rationnel, mais c\u2019est ce qui fait r\u00e9ussir parce qu\u2019on devient acharn\u00e9 ! Je passais des heures \u00e0 travailler des tours ! J\u2019ai commenc\u00e9 \u00e0 prendre des cours de magie, mais j\u2019\u00e9tais toujours journaliste. Pour que ma reconversion soit viable \u00e9conomiquement, j\u2019ai d\u00e9cid\u00e9 de faire de la magie \u00e0 partir d\u2019un domaine que je connaissais bien&nbsp;: l\u2019informatique. J\u2019ai pris un pseudonyme et j\u2019ai propos\u00e9 \u00e0 des soci\u00e9t\u00e9s comme IBM ou Oracle d\u2019animer leurs stands sur les salons professionnels.&nbsp;Je concevais des prestations commerciales magiques pour les industriels. J\u2019inventais des tours en faisant des m\u00e9taphores : les jeux de cartes repr\u00e9sentaient des bases de donn\u00e9es, les cordes devenaient des r\u00e9seaux&#8230;&nbsp;Progressivement, je me suis \u00e9loign\u00e9 de la presse et de l\u2019informatique&#8230;<\/p>\n\n\n\n<p><strong>Parcours pour le moins audacieux, original&#8230;<\/strong><\/p>\n\n\n\n<p>Pour moi, il est cependant\u00a0 assez logique ! C\u2019est toujours le m\u00eame principe qui me fait agir\u00a0: le bonheur de faire et d\u2019exp\u00e9rimenter. J\u2019ai horreur de m\u2019ennuyer, j\u2019adore \u00eatre inspir\u00e9. C\u2019est le plaisir qui me projette vers un but surtout quand je sens que cette passion, comme la magie, peut m\u2019accompagner longtemps. Mon int\u00e9r\u00eat s\u2019inscrit dans la dur\u00e9e. Je veux \u00eatre heureux dans ce que je fais !\u00a0La recherche de la rentabilit\u00e9 n\u2019est pas mon moteur. Par contre, je ne me d\u00e9connecte pas de mes responsabilit\u00e9s, j\u2019ai toujours attach\u00e9 de l\u2019importance \u00e0 la n\u00e9cessit\u00e9 de subvenir efficacement aux besoins de ma famille.<\/p>\n\n\n\n<p><strong>La magie peut \u00eatre vue comme un art d\u2019initi\u00e9s, entour\u00e9 de secret, de myst\u00e8re, un peu ferm\u00e9. Comment as-tu \u00e9t\u00e9 accueilli ?<\/strong><\/p>\n\n\n\n<p>C\u2019est vrai, pour moi ce qui d\u00e9finit\u00a0 la magie c\u2019est d\u2019abord le secret. Les magiciens poss\u00e8dent un secret que les spectateurs n\u2019ont pas. J\u2019ai d\u2019abord pris des cours \u00e0 la F\u00e9d\u00e9ration Fran\u00e7aise des Artistes Prestidigitateurs (<a href=\"http:\/\/www.magie-ffap.com\/\">FFAP<\/a>), j\u2019y allais tous les mois. Puis j\u2019ai pu acc\u00e9der \u00e0 des cercles de magie. Les magiciens, amateurs ou professionnels, ont \u00e9t\u00e9 bienveillants, ils ont reconnu ma passion et j\u2019ai pu gagner leur confiance.<\/p>\n\n\n\n<p><strong>Tu as d\u00e9velopp\u00e9 de nombreux talents que l\u2019on peut admirer dans tes spectacles : conteur, musicien, ventriloque, mime, com\u00e9dien &#8230; Cette ouverture vers d\u2019autres arts du spectacle vivant est-elle une n\u00e9cessit\u00e9 ?<\/strong><\/p>\n\n\n\n<p>Je suis convaincu que la magie ne se suffit pas \u00e0 elle-m\u00eame. Un spectacle n\u2019est pas une collection de tours. La magie doit arriver logiquement dans une histoire, une intrigue ou une situation. Elle doit intervenir dans un spectacle porteur de sens.<\/p>\n\n\n\n<p><strong>J\u2019ai \u00e9t\u00e9 marqu\u00e9e par l\u2019importance des mots dans ton spectacle.<\/strong><\/p>\n\n\n\n<p><br>Le th\u00e9\u00e2tre est indispensable \u00e0 la magie. J\u2019ai pris des cours pendant trois ans dans une \u00e9cole de th\u00e9\u00e2tre \u00e0 Fontenay sous Bois. Les mots sont essentiels pour installer un personnage. Pour prendre l\u2019exemple du\u00a0<em>Magicien de Papier\u00a0<\/em>que tu as vu mercredi, le \u00ab\u00a0<em>P\u00e8re Qu\u00e9not\u00a0\u00bb<\/em>\u00a0a une identit\u00e9 forte. Il a un petit m\u00e9tier, il r\u00e9cup\u00e8re des vieux papiers en sillonnant les rues de Paris. Il est un peu musicien avec son concertina et un peu po\u00e8te aussi. J\u2019aime glisser dans mes spectacles des vers que j\u2019affectionne particuli\u00e8rement comme ceux de Federico Garcia Lorca<em>, Deux marins au bord de l\u2019eau\u00a0<\/em>:<br><em>Il rapportait en son c\u0153ur<br>un poisson des Mers de Chine.<br>Parfois on le voit passer<br>minuscule dans ses yeux.<br><\/em>Je cherche \u00e0 cr\u00e9er un univers po\u00e9tique qui \u00e9veille l\u2019imaginaire des spectateurs, qui les fait d\u00e9coller de la r\u00e9alit\u00e9 ! Pour revenir au\u00a0<em>\u00ab\u00a0P\u00e8re Qu\u00e9not\u00a0\u00bb,<\/em>\u00a0ce sont les enfants qu\u2019il rencontre qui lui donnent de la valeur. Sa pauvre condition est sublim\u00e9e par le regard des enfants. Chaque rencontre entre lui et les enfants est porteuse d\u2019une petite histoire et d\u2019un tour de magie.<\/p>\n\n\n<div class=\"wp-block-image\">\n<figure class=\"aligncenter\"><a href=\"https:\/\/lafilledecorinthe.com\/wordpress\/wp-content\/uploads\/2014\/02\/PaulmazLMPConcertina.jpg\"><img loading=\"lazy\" decoding=\"async\" width=\"640\" height=\"480\" src=\"https:\/\/lafilledecorinthe.com\/wordpress\/wp-content\/uploads\/2014\/02\/PaulmazLMPConcertina.jpg\" alt=\"Paul Maz et son concertina, &quot;le magicien de papier&quot;\" class=\"wp-image-4045\" srcset=\"https:\/\/lafilledecorinthe.com\/wordpress\/wp-content\/uploads\/2014\/02\/PaulmazLMPConcertina.jpg 640w, https:\/\/lafilledecorinthe.com\/wordpress\/wp-content\/uploads\/2014\/02\/PaulmazLMPConcertina-400x300.jpg 400w\" sizes=\"auto, (max-width: 640px) 100vw, 640px\" \/><\/a><figcaption class=\"wp-element-caption\">Paul Maz et son concertina, \u00ab\u00a0le magicien de papier\u00a0\u00bb<\/figcaption><\/figure>\n<\/div>\n\n\n<p><strong>&nbsp;Tu as trois spectacles jeune public qui tournent actuellement &#8211; Le souffle magique &#8211; Le magicien de papier &#8211; Abracabaret, le th\u00e9\u00e2tre magique de Marcellus.<\/strong><\/p>\n\n\n\n<p>Oui, je cr\u00e9e peu de spectacles mais je les raffine avec le temps ! Chacun des spectacles a \u00e9volu\u00e9 depuis sa cr\u00e9ation. J\u2019ai tendance maintenant \u00e0 les all\u00e9ger, \u00e0 enlever des tours. Je pense qu\u2019ils \u00e9taient trop copieux, cr\u00e9er une l\u00e9g\u00e8re frustration est une bonne chose.&nbsp;Pour chacun de mes spectacles, je pars de la r\u00e9alit\u00e9. Le <i>\u00ab&nbsp;P\u00e8re Qu\u00e9not&nbsp;\u00bb,<\/i> c\u2019est un peu moi. <i>\u00ab&nbsp;Marcellus&nbsp;\u00bb <\/i>est li\u00e9 \u00e0 mon p\u00e8re Marcel. Je suis chez moi, sur sc\u00e8ne, avec eux ! Michel Bouquet a dit : <i>j\u2019ai le courage de rentrer sur sc\u00e8ne tous les soirs parce que je<\/i> <i>d\u00e9fends quelque chose qui est \u00e0 moi. <\/i>Lorsque tu es sur sc\u00e8ne c\u2019est cela que tu donnes !<\/p>\n\n\n<div class=\"wp-block-image\">\n<figure class=\"aligncenter\"><a href=\"https:\/\/lafilledecorinthe.com\/wordpress\/wp-content\/uploads\/2014\/02\/le_roi_se_meurt_1_bouquet1.jpg\"><img loading=\"lazy\" decoding=\"async\" width=\"494\" height=\"379\" src=\"https:\/\/lafilledecorinthe.com\/wordpress\/wp-content\/uploads\/2014\/02\/le_roi_se_meurt_1_bouquet1.jpg\" alt=\"Michel bouquet dans &quot;Le Roi se meurt&quot; d'Eug\u00e8ne Ionesco\" class=\"wp-image-4051\" srcset=\"https:\/\/lafilledecorinthe.com\/wordpress\/wp-content\/uploads\/2014\/02\/le_roi_se_meurt_1_bouquet1.jpg 494w, https:\/\/lafilledecorinthe.com\/wordpress\/wp-content\/uploads\/2014\/02\/le_roi_se_meurt_1_bouquet1-391x300.jpg 391w\" sizes=\"auto, (max-width: 494px) 100vw, 494px\" \/><\/a><figcaption class=\"wp-element-caption\">Michel bouquet dans \u00ab\u00a0Le Roi se meurt\u00a0\u00bb d&rsquo;Eug\u00e8ne Ionesco<\/figcaption><\/figure>\n<\/div>\n\n\n<p><strong>Le fait de t\u2019adresser en priorit\u00e9 aux enfants t\u2019impose-t-il des contraintes\u00a0sp\u00e9cifiques ?<\/strong><\/p>\n\n\n\n<p>Bien s\u00fbr j\u2019\u00e9carte toute vulgarit\u00e9. Ma premi\u00e8re pr\u00e9occupation est de valoriser le spectateur, Surtout\u00a0 si je l\u2019invite \u00e0 monter sur sc\u00e8ne avec moi. Je joue avec lui mais je ne dois pas le mettre en difficult\u00e9. Il doit \u00eatre fier de cette exp\u00e9rience. Je veille aussi \u00e0 \u00eatre compr\u00e9hensible. Cela ne m\u2019emp\u00eache pas de cr\u00e9er des petits myst\u00e8res. Par exemple, <i>dans le magicien de papier<\/i>, j\u2019ai introduit une montre \u00e0 gousset dans le tour des r\u00e9veils. Lesenfants ne connaissent pas cet objet. Est-ce important ?<\/p>\n\n\n<div class=\"wp-block-image\">\n<figure class=\"aligncenter\"><a href=\"https:\/\/lafilledecorinthe.com\/wordpress\/wp-content\/uploads\/2014\/02\/Paul-MAZ-Magicien-de-Papier-310107-080.jpg\"><img loading=\"lazy\" decoding=\"async\" width=\"640\" height=\"480\" src=\"https:\/\/lafilledecorinthe.com\/wordpress\/wp-content\/uploads\/2014\/02\/Paul-MAZ-Magicien-de-Papier-310107-080.jpg\" alt=\"Paul Maz dans &quot;Le magicien de papier&quot;\" class=\"wp-image-4052\" srcset=\"https:\/\/lafilledecorinthe.com\/wordpress\/wp-content\/uploads\/2014\/02\/Paul-MAZ-Magicien-de-Papier-310107-080.jpg 640w, https:\/\/lafilledecorinthe.com\/wordpress\/wp-content\/uploads\/2014\/02\/Paul-MAZ-Magicien-de-Papier-310107-080-400x300.jpg 400w\" sizes=\"auto, (max-width: 640px) 100vw, 640px\" \/><\/a><figcaption class=\"wp-element-caption\">Paul Maz dans \u00ab\u00a0Le magicien de papier\u00a0\u00bb<\/figcaption><\/figure>\n<\/div>\n\n\n<p>Je me rappelle un \u00e9change avec un copain magicien, <a href=\"http:\/\/www.peterdin.com\" target=\"_blank\" rel=\"noopener\">Peter Din<\/a>&nbsp;qui me disait avoir \u00e9t\u00e9 fascin\u00e9 par le mot Chandernagor quand il \u00e9tait petit &#8230;&nbsp;J\u2019aime aussi transmettre quelque chose aux enfants, je ne leur apprends pas un tour de magie mais \u00e0 la fin du <i>Magicien de papier, <\/i>ils savent faire des arbres avec des feuilles de papier journal, ils connaissent une chanson apr\u00e8s <i>Abracadabret, le th\u00e9\u00e2tre magique de<\/i> <i>Marcellus&#8230;&nbsp;<\/i>Mais au del\u00e0 des contraintes, j\u2019ai \u00e0 mon sens une grande responsabilit\u00e9 : cr\u00e9er de bons souvenirs d\u2019enfance.<\/p>\n\n\n\n<p><strong>Parall\u00e8lement \u00e0 tes spectacles o\u00f9 tu es seul ma\u00eetre \u00e0 bord, tu as aussi particip\u00e9 \u00e0 des projets collectifs, je pense notamment au spectacle \u00abM\u00e9li\u00e8s, Cabaret magique\u00bb cr\u00e9\u00e9 au Th\u00e9\u00e2tre de la Vieille Grille qui t\u2019accueille actuellement. Tu es plut\u00f4t un artiste solitaire ou le travail en groupe te tente-t-il ? &nbsp;<\/strong><\/p>\n\n\n\n<p>C\u2019est une grande question pour moi. Je fais beaucoup de choses seul. Je suis un solitaire solidaire. Je suis solidaire de tout ce qui se passe autour de moi mais j\u2019agis souvent en solitaire. Ma devise a longtemps \u00e9t\u00e9 \u00ab Autonomie-Autonomie\u00bb. Je suis un autodidacte dans l\u2019\u00e2me. Du coup, je ne fais pas les choses classiquement, avec les&nbsp;codes habituels. Il est donc parfois difficile de partager ma d\u00e9marche avec quelqu\u2019un. Quand c\u2019est possible, j\u2019en suis ravi mais c\u2019est rare. J\u2019ai aussi besoin de me d\u00e9brouiller seul. J\u2019ai conscience des imperfections de mes spectacles mais ce qui est important c\u2019est que le fond tienne, quelles que soient les conditions dans lesquelles ils sont donn\u00e9s&nbsp;!<\/p>\n\n\n<div class=\"wp-block-image\">\n<figure class=\"aligncenter\"><a href=\"https:\/\/lafilledecorinthe.com\/wordpress\/wp-content\/uploads\/2014\/02\/MELIES-IMG_1481.jpg\"><img loading=\"lazy\" decoding=\"async\" width=\"450\" height=\"300\" src=\"https:\/\/lafilledecorinthe.com\/wordpress\/wp-content\/uploads\/2014\/02\/MELIES-IMG_1481.jpg\" alt=\"Laurent Berman et Anne Quesemand, &quot;M\u00e9li\u00e8s, cabaret magique&quot;, \u00a9 Philippe Rouget\" class=\"wp-image-4055\"\/><\/a><figcaption class=\"wp-element-caption\">Laurent Berman et Anne Quesemand, \u00ab\u00a0M\u00e9li\u00e8s, cabaret magique\u00a0\u00bb, \u00a9 Philippe Rouget<\/figcaption><\/figure>\n<\/div>\n\n\n<p><strong>As-tu une famille artistique ?<\/strong><\/p>\n\n\n\n<p>Ma maison et ma famille c\u2019est le <a href=\"http:\/\/www.vieillegrille.fr\">Th\u00e9\u00e2tre de la Vieille Grille<\/a>&nbsp;dirig\u00e9 par Anne Quesemand et Laurent Berman. Je suis tr\u00e8s attach\u00e9 \u00e0 ce lieu et aux personnes qui l\u2019animent. C\u2019est l\u00e0 o\u00f9 j\u2019ai vraiment fait mes premi\u00e8res armes sur sc\u00e8ne. Les moyens techniques sont assez simples mais le plateau accueille des artistes sensationnels qui vont souvent \u00e0 l\u2019essentiel, \u00e0 l\u2019\u00e9pure. On n\u2019a pas besoin de moyens \u00e9normes pour que la magie fonctionne. Tout est possible \u00e0 partir du moment o\u00f9 l\u2019on y croit ! De mani\u00e8re g\u00e9n\u00e9rale, j\u2019aime les spectacles d\u00e9pouill\u00e9s mais flamboyants comme ceux de <a href=\"http:\/\/www.compagnieduhanneton.com\">James Thierr\u00e9e<\/a>.&nbsp;J\u2019aime les lieux qui ont&nbsp;une identit\u00e9, le th\u00e9\u00e2tre du Lucernaire, la P\u00e9niche Antipode&#8230;<\/p>\n\n\n\n<p><strong>J\u2019ai d\u00e9couvert tr\u00e8s r\u00e9cemment que tu avais une pratique de peintre &#8230;<\/strong><\/p>\n\n\n\n<p>La peinture est aussi magique. Elle participe \u00e0 ma recherche du bonheur, au plaisir de la d\u00e9couverte. Ma peinture n\u2019est pas figurative, je pars \u00e0 l\u2019aventure \u00e0 chaque tableau. Je joue avec les couleurs et les plis du papier &#8230;<\/p>\n\n\n<div class=\"wp-block-image\">\n<figure class=\"aligncenter\"><a href=\"https:\/\/lafilledecorinthe.com\/wordpress\/wp-content\/uploads\/2014\/02\/7490716_reflets.jpg\"><img loading=\"lazy\" decoding=\"async\" width=\"750\" height=\"643\" src=\"https:\/\/lafilledecorinthe.com\/wordpress\/wp-content\/uploads\/2014\/02\/7490716_reflets.jpg\" alt=\"&quot;Reflets&quot; de Paul Maz, 2014\" class=\"wp-image-4056\" srcset=\"https:\/\/lafilledecorinthe.com\/wordpress\/wp-content\/uploads\/2014\/02\/7490716_reflets.jpg 750w, https:\/\/lafilledecorinthe.com\/wordpress\/wp-content\/uploads\/2014\/02\/7490716_reflets-680x582.jpg 680w, https:\/\/lafilledecorinthe.com\/wordpress\/wp-content\/uploads\/2014\/02\/7490716_reflets-349x300.jpg 349w\" sizes=\"auto, (max-width: 750px) 100vw, 750px\" \/><\/a><figcaption class=\"wp-element-caption\">\u00ab\u00a0Reflets\u00a0\u00bb de Paul Maz, 2014<\/figcaption><\/figure>\n<\/div>","protected":false},"excerpt":{"rendered":"<p>Magie blanche, magie noire, magie rouge &#8230; Et si Paul Maz donnait \u00e0 la magie une nouvelle couleur &#8230; La couleur de la passion, la couleur de l&rsquo;engagement et la couleur du coeur ! &nbsp;Son spectacle \u00ab\u00a0Le Magicien de Papier\u00a0\u00bb est programm\u00e9 actuellement au th\u00e9\u00e2tre de la Vieille Grille. Une belle occasion de faire connaissance&#8230;<\/p>\n","protected":false},"author":2,"featured_media":3974,"comment_status":"open","ping_status":"open","sticky":false,"template":"","format":"standard","meta":{"_kad_post_transparent":"","_kad_post_title":"","_kad_post_layout":"","_kad_post_sidebar_id":"","_kad_post_content_style":"","_kad_post_vertical_padding":"","_kad_post_feature":"","_kad_post_feature_position":"","_kad_post_header":false,"_kad_post_footer":false,"_kad_post_classname":"","footnotes":""},"categories":[259],"tags":[702,706,700,708,707,698,701,703,704,697,705,699],"class_list":["post-3971","post","type-post","status-publish","format-standard","has-post-thumbnail","hentry","category-rencontres","tag-abracabaret","tag-anne-quesemand","tag-ffap","tag-james-thierree","tag-laurent-berman","tag-le-magicien-de-papier","tag-le-souffle-magique","tag-le-theatre-magique-de-marcellus","tag-michel-bouquet","tag-paul-maz","tag-peter-din","tag-theatre-de-la-vieille-grille"],"_links":{"self":[{"href":"https:\/\/lafilledecorinthe.com\/wordpress\/wp-json\/wp\/v2\/posts\/3971","targetHints":{"allow":["GET"]}}],"collection":[{"href":"https:\/\/lafilledecorinthe.com\/wordpress\/wp-json\/wp\/v2\/posts"}],"about":[{"href":"https:\/\/lafilledecorinthe.com\/wordpress\/wp-json\/wp\/v2\/types\/post"}],"author":[{"embeddable":true,"href":"https:\/\/lafilledecorinthe.com\/wordpress\/wp-json\/wp\/v2\/users\/2"}],"replies":[{"embeddable":true,"href":"https:\/\/lafilledecorinthe.com\/wordpress\/wp-json\/wp\/v2\/comments?post=3971"}],"version-history":[{"count":39,"href":"https:\/\/lafilledecorinthe.com\/wordpress\/wp-json\/wp\/v2\/posts\/3971\/revisions"}],"predecessor-version":[{"id":15257,"href":"https:\/\/lafilledecorinthe.com\/wordpress\/wp-json\/wp\/v2\/posts\/3971\/revisions\/15257"}],"wp:featuredmedia":[{"embeddable":true,"href":"https:\/\/lafilledecorinthe.com\/wordpress\/wp-json\/wp\/v2\/media\/3974"}],"wp:attachment":[{"href":"https:\/\/lafilledecorinthe.com\/wordpress\/wp-json\/wp\/v2\/media?parent=3971"}],"wp:term":[{"taxonomy":"category","embeddable":true,"href":"https:\/\/lafilledecorinthe.com\/wordpress\/wp-json\/wp\/v2\/categories?post=3971"},{"taxonomy":"post_tag","embeddable":true,"href":"https:\/\/lafilledecorinthe.com\/wordpress\/wp-json\/wp\/v2\/tags?post=3971"}],"curies":[{"name":"wp","href":"https:\/\/api.w.org\/{rel}","templated":true}]}}