{"id":3823,"date":"2014-03-02T20:25:43","date_gmt":"2014-03-02T19:25:43","guid":{"rendered":"http:\/\/lafilledecorinthe.com\/wordpress\/?p=3823"},"modified":"2025-12-06T18:44:39","modified_gmt":"2025-12-06T17:44:39","slug":"ecole-et-cinema-92-lhomme-qui-retrecit","status":"publish","type":"post","link":"https:\/\/lafilledecorinthe.com\/wordpress\/2014\/03\/ecole-et-cinema-92-lhomme-qui-retrecit\/","title":{"rendered":"\u00ab\u00a0Ecole et cin\u00e9ma 92\u00a0\u00bb : L&rsquo;homme qui r\u00e9tr\u00e9cit"},"content":{"rendered":"\n<p><strong>Projection conf\u00e9rence :<\/strong><br>L&rsquo;homme qui r\u00e9tr\u00e9cit<br>de Jack Arnold<br>Co-anim\u00e9e avec Marcos Uzal<br>Cin\u00e9ma Jean Vigo \u00e0 Gennevilliers<br>Mercredi 5 mars 2014<\/p>\n\n\n\n<p>Document accompagnant la conf\u00e9rence :&nbsp;<a href=\"https:\/\/lafilledecorinthe.com\/wordpress\/wp-content\/uploads\/2014\/03\/lhomme-qui-r\u00e9tr\u00e9cit-3.pdf\">l&rsquo;homme qui r\u00e9tr\u00e9cit<\/a><a href=\"https:\/\/lafilledecorinthe.com\/wordpress\/wp-content\/uploads\/2014\/03\/lhomme-qui-r\u00e9tr\u00e9cit-2.pdf\"><br><\/a><\/p>\n\n\n\n<p>Film r\u00e9alis\u00e9 pour la d\u00e9fense civile am\u00e9ricaine :<br>\u00ab\u00a0Duck and Cover\u00a0\u00bb d&rsquo; Anthony Rizzo (1951)<br><\/p>\n\n\n\n<figure class=\"wp-block-embed is-type-video is-provider-youtube wp-block-embed-youtube wp-embed-aspect-4-3 wp-has-aspect-ratio\"><div class=\"wp-block-embed__wrapper\">\n<iframe loading=\"lazy\" title=\"Duck and Cover\" width=\"720\" height=\"540\" src=\"https:\/\/www.youtube.com\/embed\/C0K_LZDXp0I?feature=oembed\" frameborder=\"0\" allow=\"accelerometer; autoplay; clipboard-write; encrypted-media; gyroscope; picture-in-picture; web-share\" referrerpolicy=\"strict-origin-when-cross-origin\" allowfullscreen><\/iframe>\n<\/div><\/figure>\n\n\n\n<p><\/p>\n\n\n\n<p>Quand les artistes et les scientifiques explorent l&rsquo;infini&#8230;<br>\u00ab\u00a0Les puissances de dix\u00a0\u00bb de Charles et Ray Eames<\/p>\n\n\n\n<figure class=\"wp-block-embed is-type-video is-provider-youtube wp-block-embed-youtube wp-embed-aspect-4-3 wp-has-aspect-ratio\"><div class=\"wp-block-embed__wrapper\">\n<iframe loading=\"lazy\" title=\"Powers of Ten\u2122 (1977)\" width=\"720\" height=\"540\" src=\"https:\/\/www.youtube.com\/embed\/0fKBhvDjuy0?start=97&#038;feature=oembed\" frameborder=\"0\" allow=\"accelerometer; autoplay; clipboard-write; encrypted-media; gyroscope; picture-in-picture; web-share\" referrerpolicy=\"strict-origin-when-cross-origin\" allowfullscreen><\/iframe>\n<\/div><\/figure>\n\n\n\n<p><\/p>\n\n\n\n<p>Film d\u2019animation r\u00e9alis\u00e9 avec des atomes de carbone par IBM \u00a0 \u00a0 \u00a0 \u00a0 \u00a0 \u00a0 \u00a0 \u00a0 \u00a0 \u00a0 \u00a0 \u00a0 \u00a0 \u00a0 \u00a0 \u00a0 \u00a0 \u00a0 \u00a0 \u00a0 \u00a0 \u00a0 \u00a0 \u00a0 \u00a0 <\/p>\n\n\n\n<figure class=\"wp-block-embed is-type-video is-provider-youtube wp-block-embed-youtube wp-embed-aspect-16-9 wp-has-aspect-ratio\"><div class=\"wp-block-embed__wrapper\">\n<iframe loading=\"lazy\" title=\"A Boy And His Atom: The World&#039;s Smallest Movie\" width=\"720\" height=\"405\" src=\"https:\/\/www.youtube.com\/embed\/oSCX78-8-q0?start=16&#038;feature=oembed\" frameborder=\"0\" allow=\"accelerometer; autoplay; clipboard-write; encrypted-media; gyroscope; picture-in-picture; web-share\" referrerpolicy=\"strict-origin-when-cross-origin\" allowfullscreen><\/iframe>\n<\/div><\/figure>\n\n\n\n<p><\/p>\n\n\n\n<p>Ecouter la voix d&rsquo; Orson Welles dans la bande-annonce originale&#8230;<br><\/p>\n\n\n\n<figure class=\"wp-block-embed is-type-video is-provider-youtube wp-block-embed-youtube wp-embed-aspect-4-3 wp-has-aspect-ratio\"><div class=\"wp-block-embed__wrapper\">\n<iframe loading=\"lazy\" title=\"The Incredible Shrinking Man Official Trailer #1 - Raymond Bailey Movie (1957) HD\" width=\"720\" height=\"540\" src=\"https:\/\/www.youtube.com\/embed\/86M530bfv7s?start=8&#038;feature=oembed\" frameborder=\"0\" allow=\"accelerometer; autoplay; clipboard-write; encrypted-media; gyroscope; picture-in-picture; web-share\" referrerpolicy=\"strict-origin-when-cross-origin\" allowfullscreen><\/iframe>\n<\/div><\/figure>\n\n\n\n<p><\/p>\n","protected":false},"excerpt":{"rendered":"<p>Projection conf\u00e9rence :L&rsquo;homme qui r\u00e9tr\u00e9citde Jack ArnoldCo-anim\u00e9e avec Marcos UzalCin\u00e9ma Jean Vigo \u00e0 GennevilliersMercredi 5 mars 2014 Document accompagnant la conf\u00e9rence :&nbsp;l&rsquo;homme qui r\u00e9tr\u00e9cit Film r\u00e9alis\u00e9 pour la d\u00e9fense civile am\u00e9ricaine :\u00ab\u00a0Duck and Cover\u00a0\u00bb d&rsquo; Anthony Rizzo (1951) Quand les artistes et les scientifiques explorent l&rsquo;infini&#8230;\u00ab\u00a0Les puissances de dix\u00a0\u00bb de Charles et Ray Eames Film&#8230;<\/p>\n","protected":false},"author":2,"featured_media":4091,"comment_status":"open","ping_status":"open","sticky":false,"template":"","format":"standard","meta":{"_kad_post_transparent":"","_kad_post_title":"","_kad_post_layout":"","_kad_post_sidebar_id":"","_kad_post_content_style":"","_kad_post_vertical_padding":"","_kad_post_feature":"","_kad_post_feature_position":"","_kad_post_header":false,"_kad_post_footer":false,"_kad_post_classname":"","footnotes":""},"categories":[8],"tags":[712,714,715,713,24,711,709,716,710],"class_list":["post-3823","post","type-post","status-publish","format-standard","has-post-thumbnail","hentry","category-formations-adultes","tag-allan-grant","tag-anthony-rizzo","tag-charles-et-ray-eames","tag-duck-and-cover","tag-ecole-et-cinema","tag-jack-arnold","tag-lhomme-qui-retrecit","tag-les-puissances-de-dix","tag-the-incredible-shrinking-man"],"_links":{"self":[{"href":"https:\/\/lafilledecorinthe.com\/wordpress\/wp-json\/wp\/v2\/posts\/3823","targetHints":{"allow":["GET"]}}],"collection":[{"href":"https:\/\/lafilledecorinthe.com\/wordpress\/wp-json\/wp\/v2\/posts"}],"about":[{"href":"https:\/\/lafilledecorinthe.com\/wordpress\/wp-json\/wp\/v2\/types\/post"}],"author":[{"embeddable":true,"href":"https:\/\/lafilledecorinthe.com\/wordpress\/wp-json\/wp\/v2\/users\/2"}],"replies":[{"embeddable":true,"href":"https:\/\/lafilledecorinthe.com\/wordpress\/wp-json\/wp\/v2\/comments?post=3823"}],"version-history":[{"count":56,"href":"https:\/\/lafilledecorinthe.com\/wordpress\/wp-json\/wp\/v2\/posts\/3823\/revisions"}],"predecessor-version":[{"id":14726,"href":"https:\/\/lafilledecorinthe.com\/wordpress\/wp-json\/wp\/v2\/posts\/3823\/revisions\/14726"}],"wp:featuredmedia":[{"embeddable":true,"href":"https:\/\/lafilledecorinthe.com\/wordpress\/wp-json\/wp\/v2\/media\/4091"}],"wp:attachment":[{"href":"https:\/\/lafilledecorinthe.com\/wordpress\/wp-json\/wp\/v2\/media?parent=3823"}],"wp:term":[{"taxonomy":"category","embeddable":true,"href":"https:\/\/lafilledecorinthe.com\/wordpress\/wp-json\/wp\/v2\/categories?post=3823"},{"taxonomy":"post_tag","embeddable":true,"href":"https:\/\/lafilledecorinthe.com\/wordpress\/wp-json\/wp\/v2\/tags?post=3823"}],"curies":[{"name":"wp","href":"https:\/\/api.w.org\/{rel}","templated":true}]}}