{"id":3805,"date":"2013-12-22T10:29:39","date_gmt":"2013-12-22T09:29:39","guid":{"rendered":"http:\/\/lafilledecorinthe.com\/wordpress\/?p=3805"},"modified":"2025-12-09T16:37:30","modified_gmt":"2025-12-09T15:37:30","slug":"le-jour-le-plus-court-a-la-maison-populaire-2","status":"publish","type":"post","link":"https:\/\/lafilledecorinthe.com\/wordpress\/2013\/12\/le-jour-le-plus-court-a-la-maison-populaire-2\/","title":{"rendered":"\u00ab\u00a0Le jour le plus court\u00a0\u00bb \u00e0 la Maison Populaire 2"},"content":{"rendered":"\n<p>Loin de l&rsquo;agitation des f\u00eates de No\u00ebl, un petit moment de plaisir partag\u00e9 !<br><a title=\"\u00ab\u00a0Le jour le plus Court\u00a0\u00bb \u00e0 la Maison Populaire de Montreuil\" href=\"https:\/\/lafilledecorinthe.com\/wordpress\/2013\/11\/le-jour-le-plus-court-a-la-maison-populaire-de-montreuil\/\">\u00ab\u00a0Le Jour le plus court\u00a0\u00bb<\/a> \u00e0 la Maison Populaire de Montreuil, que du bonheur. Vivement l&rsquo;ann\u00e9e prochaine&#8230;<\/p>\n\n\n<div class=\"wp-block-image\">\n<figure class=\"aligncenter\"><a href=\"https:\/\/lafilledecorinthe.com\/wordpress\/wp-content\/uploads\/2013\/12\/IMG_1216.jpg\"><img loading=\"lazy\" decoding=\"async\" width=\"800\" height=\"597\" src=\"https:\/\/lafilledecorinthe.com\/wordpress\/wp-content\/uploads\/2013\/12\/IMG_1216.jpg\" alt=\"IMG_1216\" class=\"wp-image-3808\" srcset=\"https:\/\/lafilledecorinthe.com\/wordpress\/wp-content\/uploads\/2013\/12\/IMG_1216.jpg 800w, https:\/\/lafilledecorinthe.com\/wordpress\/wp-content\/uploads\/2013\/12\/IMG_1216-680x507.jpg 680w, https:\/\/lafilledecorinthe.com\/wordpress\/wp-content\/uploads\/2013\/12\/IMG_1216-402x300.jpg 402w\" sizes=\"auto, (max-width: 800px) 100vw, 800px\" \/><\/a><\/figure>\n<\/div>\n\n\n<p class=\"has-text-align-center\"><\/p>\n\n\n<div class=\"wp-block-image\">\n<figure class=\"aligncenter\"><a href=\"https:\/\/lafilledecorinthe.com\/wordpress\/wp-content\/uploads\/2013\/12\/IMG_1218.jpg\"><img loading=\"lazy\" decoding=\"async\" width=\"800\" height=\"597\" src=\"https:\/\/lafilledecorinthe.com\/wordpress\/wp-content\/uploads\/2013\/12\/IMG_1218.jpg\" alt=\"IMG_1218\" class=\"wp-image-3809\" srcset=\"https:\/\/lafilledecorinthe.com\/wordpress\/wp-content\/uploads\/2013\/12\/IMG_1218.jpg 800w, https:\/\/lafilledecorinthe.com\/wordpress\/wp-content\/uploads\/2013\/12\/IMG_1218-680x507.jpg 680w, https:\/\/lafilledecorinthe.com\/wordpress\/wp-content\/uploads\/2013\/12\/IMG_1218-402x300.jpg 402w\" sizes=\"auto, (max-width: 800px) 100vw, 800px\" \/><\/a><\/figure>\n<\/div>\n\n\n<p class=\"has-text-align-center\"><\/p>\n\n\n<div class=\"wp-block-image\">\n<figure class=\"aligncenter\"><a href=\"https:\/\/lafilledecorinthe.com\/wordpress\/wp-content\/uploads\/2013\/12\/IMG_1222.jpg\"><img loading=\"lazy\" decoding=\"async\" width=\"800\" height=\"597\" src=\"https:\/\/lafilledecorinthe.com\/wordpress\/wp-content\/uploads\/2013\/12\/IMG_1222.jpg\" alt=\"IMG_1222\" class=\"wp-image-3810\" srcset=\"https:\/\/lafilledecorinthe.com\/wordpress\/wp-content\/uploads\/2013\/12\/IMG_1222.jpg 800w, https:\/\/lafilledecorinthe.com\/wordpress\/wp-content\/uploads\/2013\/12\/IMG_1222-680x507.jpg 680w, https:\/\/lafilledecorinthe.com\/wordpress\/wp-content\/uploads\/2013\/12\/IMG_1222-402x300.jpg 402w\" sizes=\"auto, (max-width: 800px) 100vw, 800px\" \/><\/a><\/figure>\n<\/div>\n\n\n<p class=\"has-text-align-center\"><\/p>\n","protected":false},"excerpt":{"rendered":"<p>Loin de l&rsquo;agitation des f\u00eates de No\u00ebl, un petit moment de plaisir partag\u00e9 !\u00ab\u00a0Le Jour le plus court\u00a0\u00bb \u00e0 la Maison Populaire de Montreuil, que du bonheur. Vivement l&rsquo;ann\u00e9e prochaine&#8230;<\/p>\n","protected":false},"author":2,"featured_media":3806,"comment_status":"open","ping_status":"open","sticky":false,"template":"","format":"standard","meta":{"_kad_post_transparent":"","_kad_post_title":"","_kad_post_layout":"","_kad_post_sidebar_id":"","_kad_post_content_style":"","_kad_post_vertical_padding":"","_kad_post_feature":"","_kad_post_feature_position":"","_kad_post_header":false,"_kad_post_footer":false,"_kad_post_classname":"","footnotes":""},"categories":[6],"tags":[237,196],"class_list":["post-3805","post","type-post","status-publish","format-standard","has-post-thumbnail","hentry","category-blog","tag-le-jour-le-plus-court","tag-maison-populaire-de-montreuil"],"_links":{"self":[{"href":"https:\/\/lafilledecorinthe.com\/wordpress\/wp-json\/wp\/v2\/posts\/3805","targetHints":{"allow":["GET"]}}],"collection":[{"href":"https:\/\/lafilledecorinthe.com\/wordpress\/wp-json\/wp\/v2\/posts"}],"about":[{"href":"https:\/\/lafilledecorinthe.com\/wordpress\/wp-json\/wp\/v2\/types\/post"}],"author":[{"embeddable":true,"href":"https:\/\/lafilledecorinthe.com\/wordpress\/wp-json\/wp\/v2\/users\/2"}],"replies":[{"embeddable":true,"href":"https:\/\/lafilledecorinthe.com\/wordpress\/wp-json\/wp\/v2\/comments?post=3805"}],"version-history":[{"count":10,"href":"https:\/\/lafilledecorinthe.com\/wordpress\/wp-json\/wp\/v2\/posts\/3805\/revisions"}],"predecessor-version":[{"id":15334,"href":"https:\/\/lafilledecorinthe.com\/wordpress\/wp-json\/wp\/v2\/posts\/3805\/revisions\/15334"}],"wp:featuredmedia":[{"embeddable":true,"href":"https:\/\/lafilledecorinthe.com\/wordpress\/wp-json\/wp\/v2\/media\/3806"}],"wp:attachment":[{"href":"https:\/\/lafilledecorinthe.com\/wordpress\/wp-json\/wp\/v2\/media?parent=3805"}],"wp:term":[{"taxonomy":"category","embeddable":true,"href":"https:\/\/lafilledecorinthe.com\/wordpress\/wp-json\/wp\/v2\/categories?post=3805"},{"taxonomy":"post_tag","embeddable":true,"href":"https:\/\/lafilledecorinthe.com\/wordpress\/wp-json\/wp\/v2\/tags?post=3805"}],"curies":[{"name":"wp","href":"https:\/\/api.w.org\/{rel}","templated":true}]}}