{"id":380,"date":"2012-01-12T20:01:49","date_gmt":"2012-01-12T19:01:49","guid":{"rendered":"http:\/\/lafilledecorinthe.com\/wordpress\/?p=380"},"modified":"2025-12-06T21:07:21","modified_gmt":"2025-12-06T20:07:21","slug":"la-photographie-de-presse","status":"publish","type":"post","link":"https:\/\/lafilledecorinthe.com\/wordpress\/2012\/01\/la-photographie-de-presse\/","title":{"rendered":"La photographie de presse"},"content":{"rendered":"<p>Intervention dans le cadre d&rsquo;un cycle d&rsquo;animations p\u00e9dagogiques organis\u00e9es par Claire Frayssignes sur \u00ab\u00a0L&rsquo;\u00e9ducation aux m\u00e9dias : un enjeu pour les \u00e9l\u00e8ves\u00a0\u00bb. \u00a0 \u00a0 \u00a0 \u00a0 \u00a0 \u00a0 \u00a0 \u00a0 \u00a0 \u00a0 \u00a0 \u00a0 \u00a0 \u00a0 \u00a0 \u00a0 \u00a0 \u00a0 \u00a0 Mercredi 11 janvier 2012<br \/>\nEspace des Gr\u00e9sillons \u00e0 Gennevilliers<\/p>\n<p>La photographie de part son origine m\u00e9canique entretient avec la r\u00e9alit\u00e9 un rapport ambigu. Elle s&rsquo;est impos\u00e9e rapidement dans la presse \u00e9crite gr\u00e2ce au pouvoir d&rsquo;attestation qu&rsquo;on lui a conf\u00e9r\u00e9. C&rsquo;est ce pouvoir d&rsquo;attestation que nous interrogeons par la lecture de photographies anciennes et contemporaines. La mise en sc\u00e8ne, le photomontage, la retouche d&rsquo;image, le cadrage sont autant d&rsquo;\u00e9l\u00e9ments \u00e0 prendre en compte dans l&rsquo;appr\u00e9ciation de l&rsquo;objectivit\u00e9 apparente de la photographie.<\/p>\n<p>Les mots qui accompagnent une photographie d\u00e9terminent l&rsquo;impact de cette derni\u00e8re. Deux photos de Wim Wenders extraites de son livre \u00a0\u00bb Une fois, images et histoires\u00a0\u00bb vont nous permettre de jouer sur la multiplicit\u00e9 des regards, des points de vue.<\/p>\n<p>Document :\u00a0<a href=\"https:\/\/lafilledecorinthe.com\/wordpress\/wp-content\/uploads\/2012\/01\/Bibliographie-PDF.pdf\">Bibliographie &#8211; PDF<\/a><\/p>\n<figure id=\"attachment_396\" aria-describedby=\"caption-attachment-396\" style=\"width: 306px\" class=\"wp-caption aligncenter\"><a href=\"https:\/\/lafilledecorinthe.com\/wordpress\/wp-content\/uploads\/2012\/01\/P1040185.jpg\"><img loading=\"lazy\" decoding=\"async\" class=\"size-medium wp-image-396 \" title=\"P1040185\" src=\"https:\/\/lafilledecorinthe.com\/wordpress\/wp-content\/uploads\/2012\/01\/P1040185-510x680.jpg\" alt=\"\" width=\"306\" height=\"408\" srcset=\"https:\/\/lafilledecorinthe.com\/wordpress\/wp-content\/uploads\/2012\/01\/P1040185-510x680.jpg 510w, https:\/\/lafilledecorinthe.com\/wordpress\/wp-content\/uploads\/2012\/01\/P1040185-960x1280.jpg 960w, https:\/\/lafilledecorinthe.com\/wordpress\/wp-content\/uploads\/2012\/01\/P1040185-225x300.jpg 225w\" sizes=\"auto, (max-width: 306px) 100vw, 306px\" \/><\/a><figcaption id=\"caption-attachment-396\" class=\"wp-caption-text\">Atelier d&rsquo;\u00e9criture : r\u00e9diger une br\u00e8ve \u00e0 partir d&rsquo;une photographie<\/figcaption><\/figure>\n","protected":false},"excerpt":{"rendered":"<p>Intervention dans le cadre d&rsquo;un cycle d&rsquo;animations p\u00e9dagogiques organis\u00e9es par Claire Frayssignes sur \u00ab\u00a0L&rsquo;\u00e9ducation aux m\u00e9dias : un enjeu pour les \u00e9l\u00e8ves\u00a0\u00bb. \u00a0 \u00a0 \u00a0 \u00a0 \u00a0 \u00a0 \u00a0 \u00a0 \u00a0 \u00a0 \u00a0 \u00a0 \u00a0 \u00a0 \u00a0 \u00a0 \u00a0 \u00a0 \u00a0 Mercredi 11 janvier 2012 Espace des Gr\u00e9sillons \u00e0 Gennevilliers La photographie de part son&#8230;<\/p>\n","protected":false},"author":2,"featured_media":14805,"comment_status":"open","ping_status":"open","sticky":false,"template":"","format":"standard","meta":{"_kad_post_transparent":"","_kad_post_title":"","_kad_post_layout":"","_kad_post_sidebar_id":"","_kad_post_content_style":"","_kad_post_vertical_padding":"","_kad_post_feature":"","_kad_post_feature_position":"","_kad_post_header":false,"_kad_post_footer":false,"_kad_post_classname":"","footnotes":""},"categories":[8],"tags":[76,75,77],"class_list":["post-380","post","type-post","status-publish","format-standard","has-post-thumbnail","hentry","category-formations-adultes","tag-objectivite","tag-photographie-de-presse","tag-point-de-vue"],"_links":{"self":[{"href":"https:\/\/lafilledecorinthe.com\/wordpress\/wp-json\/wp\/v2\/posts\/380","targetHints":{"allow":["GET"]}}],"collection":[{"href":"https:\/\/lafilledecorinthe.com\/wordpress\/wp-json\/wp\/v2\/posts"}],"about":[{"href":"https:\/\/lafilledecorinthe.com\/wordpress\/wp-json\/wp\/v2\/types\/post"}],"author":[{"embeddable":true,"href":"https:\/\/lafilledecorinthe.com\/wordpress\/wp-json\/wp\/v2\/users\/2"}],"replies":[{"embeddable":true,"href":"https:\/\/lafilledecorinthe.com\/wordpress\/wp-json\/wp\/v2\/comments?post=380"}],"version-history":[{"count":12,"href":"https:\/\/lafilledecorinthe.com\/wordpress\/wp-json\/wp\/v2\/posts\/380\/revisions"}],"predecessor-version":[{"id":14804,"href":"https:\/\/lafilledecorinthe.com\/wordpress\/wp-json\/wp\/v2\/posts\/380\/revisions\/14804"}],"wp:featuredmedia":[{"embeddable":true,"href":"https:\/\/lafilledecorinthe.com\/wordpress\/wp-json\/wp\/v2\/media\/14805"}],"wp:attachment":[{"href":"https:\/\/lafilledecorinthe.com\/wordpress\/wp-json\/wp\/v2\/media?parent=380"}],"wp:term":[{"taxonomy":"category","embeddable":true,"href":"https:\/\/lafilledecorinthe.com\/wordpress\/wp-json\/wp\/v2\/categories?post=380"},{"taxonomy":"post_tag","embeddable":true,"href":"https:\/\/lafilledecorinthe.com\/wordpress\/wp-json\/wp\/v2\/tags?post=380"}],"curies":[{"name":"wp","href":"https:\/\/api.w.org\/{rel}","templated":true}]}}