{"id":3716,"date":"2013-12-19T14:19:48","date_gmt":"2013-12-19T13:19:48","guid":{"rendered":"http:\/\/lafilledecorinthe.com\/wordpress\/?p=3716"},"modified":"2025-12-08T14:04:42","modified_gmt":"2025-12-08T13:04:42","slug":"atelier-cinema-danimation-maison-populaire-de-montreuil-7","status":"publish","type":"post","link":"https:\/\/lafilledecorinthe.com\/wordpress\/2013\/12\/atelier-cinema-danimation-maison-populaire-de-montreuil-7\/","title":{"rendered":"Atelier \u00ab\u00a0cin\u00e9ma d&rsquo;animation\u00a0\u00bb Maison Populaire de Montreuil"},"content":{"rendered":"\n<p>M\u00e9tamorphose et cin\u00e9ma d&rsquo;animation sont \u00e9troitement li\u00e9s depuis les origines. Nous avons commenc\u00e9 \u00e0 explorer ces liens avec la complicit\u00e9 d&rsquo;Emile Cohl, d&rsquo;Oskar Fischinger et d&rsquo;Isao Takahata. Les vers de Paul Eluard&nbsp;<em>La terre est bleue comme une<\/em> orange&nbsp;nous ont entra\u00een\u00e9s dans une farandole de ronds &#8230;<\/p>\n\n\n<div class=\"wp-block-image\">\n<figure class=\"aligncenter\"><a href=\"https:\/\/lafilledecorinthe.com\/wordpress\/wp-content\/uploads\/2013\/12\/rond3.jpg\"><img loading=\"lazy\" decoding=\"async\" width=\"2868\" height=\"2020\" src=\"https:\/\/lafilledecorinthe.com\/wordpress\/wp-content\/uploads\/2013\/12\/rond3.jpg\" alt=\"Tous les sens sont mis \u00e0 contribution, le toucher, le go\u00fbt et l'odeur !\" class=\"wp-image-3728\" srcset=\"https:\/\/lafilledecorinthe.com\/wordpress\/wp-content\/uploads\/2013\/12\/rond3.jpg 2868w, https:\/\/lafilledecorinthe.com\/wordpress\/wp-content\/uploads\/2013\/12\/rond3-680x478.jpg 680w, https:\/\/lafilledecorinthe.com\/wordpress\/wp-content\/uploads\/2013\/12\/rond3-1280x901.jpg 1280w, https:\/\/lafilledecorinthe.com\/wordpress\/wp-content\/uploads\/2013\/12\/rond3-425x300.jpg 425w\" sizes=\"auto, (max-width: 2868px) 100vw, 2868px\" \/><\/a><figcaption class=\"wp-element-caption\">Tous les sens sont mis \u00e0 contribution, le toucher, le go\u00fbt et l&rsquo;odorat !<\/figcaption><\/figure>\n<\/div>\n\n<div class=\"wp-block-image\">\n<figure class=\"aligncenter\"><a href=\"https:\/\/lafilledecorinthe.com\/wordpress\/wp-content\/uploads\/2013\/12\/R\u00e9alisation-des-\u00e9l\u00e9ments-\u00e0-animer.jpg\"><img loading=\"lazy\" decoding=\"async\" width=\"800\" height=\"600\" src=\"https:\/\/lafilledecorinthe.com\/wordpress\/wp-content\/uploads\/2013\/12\/R\u00e9alisation-des-\u00e9l\u00e9ments-\u00e0-animer.jpg\" alt=\"r\u00e9alisation du rond-point final\" class=\"wp-image-3727\" srcset=\"https:\/\/lafilledecorinthe.com\/wordpress\/wp-content\/uploads\/2013\/12\/R\u00e9alisation-des-\u00e9l\u00e9ments-\u00e0-animer.jpg 800w, https:\/\/lafilledecorinthe.com\/wordpress\/wp-content\/uploads\/2013\/12\/R\u00e9alisation-des-\u00e9l\u00e9ments-\u00e0-animer-680x510.jpg 680w, https:\/\/lafilledecorinthe.com\/wordpress\/wp-content\/uploads\/2013\/12\/R\u00e9alisation-des-\u00e9l\u00e9ments-\u00e0-animer-400x300.jpg 400w\" sizes=\"auto, (max-width: 800px) 100vw, 800px\" \/><\/a><figcaption class=\"wp-element-caption\">R\u00e9alisation du rond-point final<\/figcaption><\/figure>\n<\/div>\n\n\n<figure class=\"wp-block-embed is-type-video is-provider-youtube wp-block-embed-youtube wp-embed-aspect-16-9 wp-has-aspect-ratio\"><div class=\"wp-block-embed__wrapper\">\n<iframe loading=\"lazy\" title=\"La terre est bleue comme une orange...\" width=\"720\" height=\"405\" src=\"https:\/\/www.youtube.com\/embed\/H-EcxBRuUa0?feature=oembed\" frameborder=\"0\" allow=\"accelerometer; autoplay; clipboard-write; encrypted-media; gyroscope; picture-in-picture; web-share\" referrerpolicy=\"strict-origin-when-cross-origin\" allowfullscreen><\/iframe>\n<\/div><\/figure>\n\n\n\n<p><\/p>\n\n\n\n<p>Nous avons aussi r\u00e9alis\u00e9 une bande annonce pour le Jour le plus court, un<a title=\"\u00ab&nbsp;Le jour le plus Court&nbsp;\u00bb \u00e0 la Maison Populaire de Montreuil\" href=\"https:\/\/lafilledecorinthe.com\/wordpress\/2013\/11\/le-jour-le-plus-court-a-la-maison-populaire-de-montreuil\/\"> article<\/a> est d\u00e9di\u00e9 \u00e0 cet \u00e9v\u00e8nement national !<\/p>\n\n\n<div class=\"wp-block-image\">\n<figure class=\"aligncenter\"><a href=\"https:\/\/lafilledecorinthe.com\/wordpress\/wp-content\/uploads\/2013\/12\/P1100246.jpg\"><img loading=\"lazy\" decoding=\"async\" width=\"3714\" height=\"2740\" src=\"https:\/\/lafilledecorinthe.com\/wordpress\/wp-content\/uploads\/2013\/12\/P1100246.jpg\" alt=\"P1100246\" class=\"wp-image-3742\" srcset=\"https:\/\/lafilledecorinthe.com\/wordpress\/wp-content\/uploads\/2013\/12\/P1100246.jpg 3714w, https:\/\/lafilledecorinthe.com\/wordpress\/wp-content\/uploads\/2013\/12\/P1100246-680x501.jpg 680w, https:\/\/lafilledecorinthe.com\/wordpress\/wp-content\/uploads\/2013\/12\/P1100246-1280x944.jpg 1280w, https:\/\/lafilledecorinthe.com\/wordpress\/wp-content\/uploads\/2013\/12\/P1100246-406x300.jpg 406w\" sizes=\"auto, (max-width: 3714px) 100vw, 3714px\" \/><\/a><\/figure>\n<\/div>\n\n\n<p class=\"has-text-align-center\"><\/p>\n\n\n\n<p>Parall\u00e8lement aux projets collectifs, chacun s&rsquo;est lanc\u00e9 dans l&rsquo;\u00e9laboration d&rsquo;un flipbook dessin\u00e9, il faudra \u00eatre encore un peu patient pour admirer les r\u00e9alisations finales&#8230;<\/p>\n\n\n<div class=\"wp-block-image\">\n<figure class=\"aligncenter\"><a href=\"https:\/\/lafilledecorinthe.com\/wordpress\/wp-content\/uploads\/2013\/12\/flip.jpg\"><img loading=\"lazy\" decoding=\"async\" width=\"4000\" height=\"3000\" src=\"https:\/\/lafilledecorinthe.com\/wordpress\/wp-content\/uploads\/2013\/12\/flip.jpg\" alt=\"flip\" class=\"wp-image-3737\" srcset=\"https:\/\/lafilledecorinthe.com\/wordpress\/wp-content\/uploads\/2013\/12\/flip.jpg 4000w, https:\/\/lafilledecorinthe.com\/wordpress\/wp-content\/uploads\/2013\/12\/flip-680x510.jpg 680w, https:\/\/lafilledecorinthe.com\/wordpress\/wp-content\/uploads\/2013\/12\/flip-1280x960.jpg 1280w, https:\/\/lafilledecorinthe.com\/wordpress\/wp-content\/uploads\/2013\/12\/flip-400x300.jpg 400w\" sizes=\"auto, (max-width: 4000px) 100vw, 4000px\" \/><\/a><\/figure>\n<\/div>\n\n\n<p class=\"has-text-align-center\"><\/p>\n\n\n<div class=\"wp-block-image\">\n<figure class=\"aligncenter\"><a href=\"https:\/\/lafilledecorinthe.com\/wordpress\/wp-content\/uploads\/2013\/12\/flip1.jpg\"><img loading=\"lazy\" decoding=\"async\" width=\"4000\" height=\"3000\" src=\"https:\/\/lafilledecorinthe.com\/wordpress\/wp-content\/uploads\/2013\/12\/flip1.jpg\" alt=\"flip1\" class=\"wp-image-3738\" srcset=\"https:\/\/lafilledecorinthe.com\/wordpress\/wp-content\/uploads\/2013\/12\/flip1.jpg 4000w, https:\/\/lafilledecorinthe.com\/wordpress\/wp-content\/uploads\/2013\/12\/flip1-680x510.jpg 680w, https:\/\/lafilledecorinthe.com\/wordpress\/wp-content\/uploads\/2013\/12\/flip1-1280x960.jpg 1280w, https:\/\/lafilledecorinthe.com\/wordpress\/wp-content\/uploads\/2013\/12\/flip1-400x300.jpg 400w\" sizes=\"auto, (max-width: 4000px) 100vw, 4000px\" \/><\/a><\/figure>\n<\/div>\n\n\n<p class=\"has-text-align-center\"><\/p>\n\n\n\n<p class=\"has-text-align-left\">Et pour finir l&rsquo;ann\u00e9e en beaut\u00e9, nous avons eu envie de faire bouger la fus\u00e9e de la Maison Populaire&#8230;<\/p>\n\n\n<div class=\"wp-block-image\">\n<figure class=\"aligncenter\"><a href=\"https:\/\/lafilledecorinthe.com\/wordpress\/wp-content\/uploads\/2013\/12\/No\u00ebl.jpg\"><img loading=\"lazy\" decoding=\"async\" width=\"2455\" height=\"1605\" src=\"https:\/\/lafilledecorinthe.com\/wordpress\/wp-content\/uploads\/2013\/12\/No\u00ebl.jpg\" alt=\"No\u00ebl\" class=\"wp-image-3747\" srcset=\"https:\/\/lafilledecorinthe.com\/wordpress\/wp-content\/uploads\/2013\/12\/No\u00ebl.jpg 2455w, https:\/\/lafilledecorinthe.com\/wordpress\/wp-content\/uploads\/2013\/12\/No\u00ebl-680x444.jpg 680w, https:\/\/lafilledecorinthe.com\/wordpress\/wp-content\/uploads\/2013\/12\/No\u00ebl-1280x836.jpg 1280w, https:\/\/lafilledecorinthe.com\/wordpress\/wp-content\/uploads\/2013\/12\/No\u00ebl-458x300.jpg 458w\" sizes=\"auto, (max-width: 2455px) 100vw, 2455px\" \/><\/a><\/figure>\n<\/div>\n\n\n<p class=\"has-text-align-center\"><\/p>\n\n\n\n<p><\/p>\n\n\n\n<p><\/p>\n","protected":false},"excerpt":{"rendered":"<p>M\u00e9tamorphose et cin\u00e9ma d&rsquo;animation sont \u00e9troitement li\u00e9s depuis les origines. Nous avons commenc\u00e9 \u00e0 explorer ces liens avec la complicit\u00e9 d&rsquo;Emile Cohl, d&rsquo;Oskar Fischinger et d&rsquo;Isao Takahata. Les vers de Paul Eluard&nbsp;La terre est bleue comme une orange&nbsp;nous ont entra\u00een\u00e9s dans une farandole de ronds &#8230; Nous avons aussi r\u00e9alis\u00e9 une bande annonce pour le&#8230;<\/p>\n","protected":false},"author":2,"featured_media":3720,"comment_status":"open","ping_status":"open","sticky":false,"template":"","format":"standard","meta":{"_kad_post_transparent":"","_kad_post_title":"","_kad_post_layout":"","_kad_post_sidebar_id":"","_kad_post_content_style":"","_kad_post_vertical_padding":"","_kad_post_feature":"","_kad_post_feature_position":"","_kad_post_header":false,"_kad_post_footer":false,"_kad_post_classname":"","footnotes":""},"categories":[7],"tags":[195,665,664,196,648,596],"class_list":["post-3716","post","type-post","status-publish","format-standard","has-post-thumbnail","hentry","category-ateliers-enfants","tag-atelier-cinema-danimation","tag-hicham-chahidi","tag-joyeux-noel","tag-maison-populaire-de-montreuil","tag-metamorphose","tag-music-screen"],"_links":{"self":[{"href":"https:\/\/lafilledecorinthe.com\/wordpress\/wp-json\/wp\/v2\/posts\/3716","targetHints":{"allow":["GET"]}}],"collection":[{"href":"https:\/\/lafilledecorinthe.com\/wordpress\/wp-json\/wp\/v2\/posts"}],"about":[{"href":"https:\/\/lafilledecorinthe.com\/wordpress\/wp-json\/wp\/v2\/types\/post"}],"author":[{"embeddable":true,"href":"https:\/\/lafilledecorinthe.com\/wordpress\/wp-json\/wp\/v2\/users\/2"}],"replies":[{"embeddable":true,"href":"https:\/\/lafilledecorinthe.com\/wordpress\/wp-json\/wp\/v2\/comments?post=3716"}],"version-history":[{"count":37,"href":"https:\/\/lafilledecorinthe.com\/wordpress\/wp-json\/wp\/v2\/posts\/3716\/revisions"}],"predecessor-version":[{"id":15167,"href":"https:\/\/lafilledecorinthe.com\/wordpress\/wp-json\/wp\/v2\/posts\/3716\/revisions\/15167"}],"wp:featuredmedia":[{"embeddable":true,"href":"https:\/\/lafilledecorinthe.com\/wordpress\/wp-json\/wp\/v2\/media\/3720"}],"wp:attachment":[{"href":"https:\/\/lafilledecorinthe.com\/wordpress\/wp-json\/wp\/v2\/media?parent=3716"}],"wp:term":[{"taxonomy":"category","embeddable":true,"href":"https:\/\/lafilledecorinthe.com\/wordpress\/wp-json\/wp\/v2\/categories?post=3716"},{"taxonomy":"post_tag","embeddable":true,"href":"https:\/\/lafilledecorinthe.com\/wordpress\/wp-json\/wp\/v2\/tags?post=3716"}],"curies":[{"name":"wp","href":"https:\/\/api.w.org\/{rel}","templated":true}]}}