{"id":3569,"date":"2013-12-10T10:53:55","date_gmt":"2013-12-10T09:53:55","guid":{"rendered":"http:\/\/lafilledecorinthe.com\/wordpress\/?p=3569"},"modified":"2025-12-09T16:36:36","modified_gmt":"2025-12-09T15:36:36","slug":"koji-yamamura-au-carrefour-de-lanimation","status":"publish","type":"post","link":"https:\/\/lafilledecorinthe.com\/wordpress\/2013\/12\/koji-yamamura-au-carrefour-de-lanimation\/","title":{"rendered":"K\u00f4ji Yamamura au Carrefour du cin\u00e9ma d&rsquo;animation"},"content":{"rendered":"\n<p>Promesse tenue ! Le Forum des images annon\u00e7ait une rencontre exceptionnelle avec K\u00f4ji Yamamura, elle le fut au del\u00e0 de mes esp\u00e9rances. Celui-ci a pr\u00e9sent\u00e9, avec beaucoup de g\u00e9n\u00e9rosit\u00e9 les oeuvres qui ont compos\u00e9 sa derni\u00e8re d\u00e9cennie de travail.<br>Du <strong>Mont Chef<\/strong> aux <strong>Cordes de Muybridge<\/strong>, il nous a r\u00e9v\u00e9l\u00e9 la logique propre \u00e0 chacun de ses courts m\u00e9trages ainsi que les liens qui les unissent. Sa parole relay\u00e9e avec beaucoup de talent par Ilan Nguy\u00ean \u00e9tait accompagn\u00e9e par la projection de tr\u00e8s nombreux croquis de recherche. Je n&rsquo;ai nullement l&rsquo;intention ici de faire le compte rendu exhaustif de cette rencontre de plus de trois heures. J&rsquo;esp\u00e8re qu&rsquo;elle sera accessible tr\u00e8s prochainement sur le <a href=\"http:\/\/www.forumdesimages.fr\/les-rencontres\/toutes-les-rencontres\/rencontre-exceptionnelle-avec-koji-yamamura\" target=\"_blank\" rel=\"noopener\">webTV<\/a> du Forum des images. Si dans la structure m\u00eame de la pr\u00e9sentation, l&rsquo;image et le son ont \u00e9t\u00e9 pris en compte, c&rsquo;est l&rsquo;homme d&rsquo;images qui m&rsquo;int\u00e9resse avant tout et particuli\u00e8rement l&rsquo;enjeu de l&rsquo;illustration dans sa pratique.<\/p>\n\n\n<div class=\"wp-block-image\">\n<figure class=\"aligncenter\"><a href=\"https:\/\/lafilledecorinthe.com\/wordpress\/wp-content\/uploads\/2013\/12\/KY4.jpeg\"><img loading=\"lazy\" decoding=\"async\" width=\"800\" height=\"612\" src=\"https:\/\/lafilledecorinthe.com\/wordpress\/wp-content\/uploads\/2013\/12\/KY4.jpeg\" alt=\"Ilan Nguy\u00ean et K\u00f4ji Yamamura, Forum des Images, 8 d\u00e9cembre 2013\" class=\"wp-image-3648\" srcset=\"https:\/\/lafilledecorinthe.com\/wordpress\/wp-content\/uploads\/2013\/12\/KY4.jpeg 800w, https:\/\/lafilledecorinthe.com\/wordpress\/wp-content\/uploads\/2013\/12\/KY4-680x520.jpeg 680w, https:\/\/lafilledecorinthe.com\/wordpress\/wp-content\/uploads\/2013\/12\/KY4-392x300.jpeg 392w\" sizes=\"auto, (max-width: 800px) 100vw, 800px\" \/><\/a><figcaption class=\"wp-element-caption\">Ilan Nguy\u00ean et K\u00f4ji Yamamura, Forum des Images, 8 d\u00e9cembre 2013<\/figcaption><\/figure>\n<\/div>\n\n\n<p>Parmi ses multiples&nbsp;sources d&rsquo;inspiration K\u00f4ji Yamamura a rendu hommage \u00e0 deux illustrateurs. Le premier est l&rsquo;illustrateur n\u00e9erlandais, Maurits Cornelis Escher (1898-1972). Une filiation \u00e9troite existe entre les deux artistes ; le motif r\u00e9curent de la m\u00e9tamorphose, les recherches sur la notion d&rsquo;infini, le d\u00e9sir de donner forme \u00e0 un espace et \u00e0 un temps personnels, le jeu sur les r\u00e9flexions&#8230; A l&rsquo;issue de la projection de son court m\u00e9trage de fin d&rsquo;\u00e9tudes, K\u00f4ji Yamamura pr\u00e9sente la lithographie d&rsquo;Escher qui a nourri sa recherche, <strong>Three World<\/strong>. K\u00f4ji Yamamura nous explique qu&rsquo;entre le monde a\u00e9rien et le monde aquatique existe une membrane tr\u00e8s fine \u00e0 la surface de l&rsquo;eau qui permet, par le reflet notamment, de jouer sur les interactions entre ces deux mondes. Un des plaisirs de sa pratique du cin\u00e9ma d&rsquo;animation est de pouvoir jouer sur les \u00e9l\u00e9ments ind\u00e9finissables qui surgissent entre deux images&#8230;<\/p>\n\n\n<div class=\"wp-block-image\">\n<figure class=\"aligncenter\"><a href=\"https:\/\/lafilledecorinthe.com\/wordpress\/wp-content\/uploads\/2013\/12\/Three_Worlds.jpg\"><img loading=\"lazy\" decoding=\"async\" width=\"546\" height=\"800\" src=\"https:\/\/lafilledecorinthe.com\/wordpress\/wp-content\/uploads\/2013\/12\/Three_Worlds.jpg\" alt=\"&quot;Three world&quot;, lithographie d'Escher, 1955, http:\/\/www.mcescher.com\/\" class=\"wp-image-3581\" srcset=\"https:\/\/lafilledecorinthe.com\/wordpress\/wp-content\/uploads\/2013\/12\/Three_Worlds.jpg 546w, https:\/\/lafilledecorinthe.com\/wordpress\/wp-content\/uploads\/2013\/12\/Three_Worlds-464x680.jpg 464w, https:\/\/lafilledecorinthe.com\/wordpress\/wp-content\/uploads\/2013\/12\/Three_Worlds-204x300.jpg 204w\" sizes=\"auto, (max-width: 546px) 100vw, 546px\" \/><\/a><figcaption class=\"wp-element-caption\">\u00ab\u00a0Three world\u00a0\u00bb, lithographie d&rsquo;Escher, 1955, http:\/\/www.mcescher.com\/<\/figcaption><\/figure>\n<\/div>\n\n\n<p>L&rsquo;hommage suivant est consacr\u00e9 \u00e0 l&rsquo;auteur fran\u00e7ais, L\u00e9opold Chauveau (1870-1940). K\u00f4ji Yamamura adapte en effet&nbsp;en 2005, un livre illustr\u00e9 de ce dernier, <strong>Le vieux crocodile&nbsp;<\/strong>(1923).&nbsp;Il oublie son style personnel pour \u00eatre le plus fid\u00e8le possible aux illustrations d&rsquo;origine. En parall\u00e8le \u00e0 ses recherches graphiques, K\u00f4ji Yamamura r\u00e9alise des personnages en p\u00e2te \u00e0 modeler afin de mieux appr\u00e9hender leur physionomie sous diff\u00e9rents angles. Il d\u00e9couvre alors que L\u00e9opold Chauveau, ancien chirurgien, a cr\u00e9\u00e9 apr\u00e8s la premi\u00e8re guerre mondiale des <a href=\"http:\/\/www.librairie-elisabeth-brunet.fr\/Chauveau.pdf\" target=\"_blank\" rel=\"noopener\">monstres<\/a> en bronze. Cette activit\u00e9 de sculpteur impr\u00e8gne ses dessins, donne une \u00e9paisseur \u00e0 son graphisme.<\/p>\n\n\n<div class=\"wp-block-image\">\n<figure class=\"aligncenter\"><a href=\"https:\/\/lafilledecorinthe.com\/wordpress\/wp-content\/uploads\/2013\/12\/Leopold-Chauveau-95735.jpg\"><img loading=\"lazy\" decoding=\"async\" width=\"800\" height=\"746\" src=\"https:\/\/lafilledecorinthe.com\/wordpress\/wp-content\/uploads\/2013\/12\/Leopold-Chauveau-95735.jpg\" alt=\"L\u00e9opold Chauveau et l'un de ses monstres sculpt\u00e9s\" class=\"wp-image-3598\" srcset=\"https:\/\/lafilledecorinthe.com\/wordpress\/wp-content\/uploads\/2013\/12\/Leopold-Chauveau-95735.jpg 800w, https:\/\/lafilledecorinthe.com\/wordpress\/wp-content\/uploads\/2013\/12\/Leopold-Chauveau-95735-680x634.jpg 680w, https:\/\/lafilledecorinthe.com\/wordpress\/wp-content\/uploads\/2013\/12\/Leopold-Chauveau-95735-321x300.jpg 321w\" sizes=\"auto, (max-width: 800px) 100vw, 800px\" \/><\/a><figcaption class=\"wp-element-caption\">L\u00e9opold Chauveau et l&rsquo;un de ses monstres sculpt\u00e9s<\/figcaption><\/figure>\n<\/div>\n\n\n<p>La mise en mouvement des deux personnages principaux, le vieux crocodile et la pieuvre, a passionn\u00e9 K\u00f4ji Yamamura. Comment rendre compte de l&rsquo;apparence physique et de la psychologie propre \u00e0 chacun des personnages par le contraste visuel de leur d\u00e9placement ? L&rsquo;adaptation du Vieux crocodile est la premi\u00e8re histoire d&rsquo;amour \u00e0 laquelle il s&rsquo;est confront\u00e9. Histoire d&rsquo;un amour passionnel si l&rsquo;on en croit l&rsquo;utilisation presque subliminale du rouge ! Un magnifique travail qui permet entre autre de d\u00e9couvrir un artiste injustement oubli\u00e9.<\/p>\n\n\n\n<p>En r\u00e9ponse \u00e0 une question sur ses moyens de financement, K\u00f4ji Yamamura explique que la majorit\u00e9 de ses films sont autoproduits. Il m\u00e8ne en parall\u00e8le des travaux de commande et d&rsquo;illustration qui lui permettent de gagner sa vie. Si nous pouvons avoir une petite id\u00e9e de son travail d&rsquo;illustrateur par le biais de son <a href=\"http:\/\/www.yamamura-animation.jp\/e-illust.html\" target=\"_blank\" rel=\"noopener\">site<\/a>, il est fort dommage qu&rsquo;aucun de ses ouvrages ne soit disponible en France.<\/p>\n\n\n\n<p>Son propre travail d&rsquo;illustrateur peut \u00eatre \u00e0 l&rsquo;origine d&rsquo;une oeuvre anim\u00e9e. Invit\u00e9 d&rsquo;honneur en 2006 du sixi\u00e8me festival de cin\u00e9ma d&rsquo;animation du Val d&rsquo;Oise, il a cr\u00e9\u00e9 l&rsquo;affiche de l&rsquo;\u00e9v\u00e8nement.<\/p>\n\n\n<div class=\"wp-block-image\">\n<figure class=\"aligncenter\"><a href=\"https:\/\/lafilledecorinthe.com\/wordpress\/wp-content\/uploads\/2013\/12\/gd_image06.jpg\"><img loading=\"lazy\" decoding=\"async\" width=\"532\" height=\"800\" src=\"https:\/\/lafilledecorinthe.com\/wordpress\/wp-content\/uploads\/2013\/12\/gd_image06.jpg\" alt=\"Affiche du festival &quot;Image par Image&quot; 2006\" class=\"wp-image-3617\" srcset=\"https:\/\/lafilledecorinthe.com\/wordpress\/wp-content\/uploads\/2013\/12\/gd_image06.jpg 532w, https:\/\/lafilledecorinthe.com\/wordpress\/wp-content\/uploads\/2013\/12\/gd_image06-452x680.jpg 452w, https:\/\/lafilledecorinthe.com\/wordpress\/wp-content\/uploads\/2013\/12\/gd_image06-199x300.jpg 199w\" sizes=\"auto, (max-width: 532px) 100vw, 532px\" \/><\/a><figcaption class=\"wp-element-caption\">Affiche du festival \u00ab\u00a0Image par Image\u00a0\u00bb 2006<\/figcaption><\/figure>\n<\/div>\n\n\n<p>La mise en sc\u00e8ne de ces enfants aux situations imaginaires lui donne envie de r\u00e9aliser un film. Une possibilit\u00e9 d&rsquo;aide de l&rsquo;Agence Culturelle du Japon pr\u00e9cipite les choses. &nbsp;Il a quelques jours pour d\u00e9poser un dossier de subventions. Il n&rsquo;a pas de base narrative ou de concept, seul un motif visuel avec lequel il a envie de s&rsquo;amuser. &nbsp;Le choix du titre <strong>Une m\u00e9taphysique de l&rsquo;enfance&nbsp;<\/strong>donne de la coh\u00e9rence \u00e0 son projet. Son film se pr\u00e9sente comme un encha\u00eenement de vignettes ind\u00e9pendantes mettant en sc\u00e8ne un enfant, seul protagoniste. K\u00f4ji Yamamura voit son court m\u00e9trage comme un hommage \u00e0 la r\u00e9bellion enfantine.<\/p>\n\n\n\n<figure class=\"wp-block-embed is-type-video is-provider-vimeo wp-block-embed-vimeo wp-embed-aspect-4-3 wp-has-aspect-ratio\"><div class=\"wp-block-embed__wrapper\">\n<iframe loading=\"lazy\" title=\"A Child&#039;s Metaphysics \u3053\u3069\u3082\u306e\u5f62\u800c\u4e0a\u5b66 (Kodomo no Keijij\u014dgaku)\" src=\"https:\/\/player.vimeo.com\/video\/56478536?dnt=1&amp;app_id=122963\" width=\"480\" height=\"360\" frameborder=\"0\" allow=\"autoplay; fullscreen; picture-in-picture; clipboard-write; encrypted-media; web-share\" referrerpolicy=\"strict-origin-when-cross-origin\"><\/iframe>\n<\/div><\/figure>\n\n\n\n<p><\/p>\n\n\n\n<p>A la fin de sa pr\u00e9sentation K\u00f4ji Yamamura annonce qu&rsquo;il travaille actuellement \u00e0 l&rsquo;adaptation d&rsquo;illustrations qu&rsquo;il a r\u00e9alis\u00e9es pour la couverture d&rsquo;une revue litt\u00e9raire japonaise, Bungakuka\u00ef. L&rsquo;aventure ne fait que commencer !<\/p>\n\n\n<div class=\"wp-block-image\">\n<figure class=\"aligncenter\"><a href=\"https:\/\/lafilledecorinthe.com\/wordpress\/wp-content\/uploads\/2013\/12\/bungakukaicover1309.jpg\"><img loading=\"lazy\" decoding=\"async\" width=\"557\" height=\"800\" src=\"https:\/\/lafilledecorinthe.com\/wordpress\/wp-content\/uploads\/2013\/12\/bungakukaicover1309.jpg\" alt=\"Couverture de la revue Bungakuka\u00ef par Koji Yamamura, Septembre 2013\" class=\"wp-image-3627\" srcset=\"https:\/\/lafilledecorinthe.com\/wordpress\/wp-content\/uploads\/2013\/12\/bungakukaicover1309.jpg 557w, https:\/\/lafilledecorinthe.com\/wordpress\/wp-content\/uploads\/2013\/12\/bungakukaicover1309-473x680.jpg 473w, https:\/\/lafilledecorinthe.com\/wordpress\/wp-content\/uploads\/2013\/12\/bungakukaicover1309-208x300.jpg 208w\" sizes=\"auto, (max-width: 557px) 100vw, 557px\" \/><\/a><figcaption class=\"wp-element-caption\">Couverture de la revue Bungakuka\u00ef par Koji Yamamura, Septembre 2013<\/figcaption><\/figure>\n<\/div>\n\n\n<p>Et pour finir, admirez le cadavre exquis r\u00e9alis\u00e9 par 70 \u00e9tudiants en cin\u00e9ma d&rsquo;animation r\u00e9partis en 17 \u00e9quipes. Chaque \u00e9quipe est partie de la m\u00eame image de K\u00f4ji Yamamura qui ouvre et ferme chaque s\u00e9quence de 10 secondes.<\/p>\n\n\n\n<figure class=\"wp-block-embed is-type-video is-provider-dailymotion wp-block-embed-dailymotion wp-embed-aspect-4-3 wp-has-aspect-ratio\"><div class=\"wp-block-embed__wrapper\">\n<iframe loading=\"lazy\" title=\"Cadavre exquis anim\u00e9 [Carrefour du cin\u00e9ma d&#039;animation 2013]\" frameborder=\"0\" width=\"720\" height=\"540\" src=\"https:\/\/geo.dailymotion.com\/player.html?video=x186oje&#038;\" allowfullscreen allow=\"autoplay; fullscreen; picture-in-picture; web-share\"><\/iframe>\n<\/div><\/figure>\n","protected":false},"excerpt":{"rendered":"<p>Promesse tenue ! Le Forum des images annon\u00e7ait une rencontre exceptionnelle avec K\u00f4ji Yamamura, elle le fut au del\u00e0 de mes esp\u00e9rances. Celui-ci a pr\u00e9sent\u00e9, avec beaucoup de g\u00e9n\u00e9rosit\u00e9 les oeuvres qui ont compos\u00e9 sa derni\u00e8re d\u00e9cennie de travail.Du Mont Chef aux Cordes de Muybridge, il nous a r\u00e9v\u00e9l\u00e9 la logique propre \u00e0 chacun de&#8230;<\/p>\n","protected":false},"author":2,"featured_media":3572,"comment_status":"open","ping_status":"open","sticky":false,"template":"","format":"standard","meta":{"_kad_post_transparent":"","_kad_post_title":"","_kad_post_layout":"","_kad_post_sidebar_id":"","_kad_post_content_style":"","_kad_post_vertical_padding":"","_kad_post_feature":"","_kad_post_feature_position":"","_kad_post_header":false,"_kad_post_footer":false,"_kad_post_classname":"","footnotes":""},"categories":[6,14],"tags":[653,654,655,300,22,645,646,534,304,651,650,647,648,649,652],"class_list":["post-3569","post","type-post","status-publish","format-standard","has-post-thumbnail","hentry","category-blog","category-decouvertes-artistes","tag-bungakukai","tag-cadavre-exquis-2013","tag-carrefour-du-cinema-danimation","tag-festival-image-par-image","tag-forum-des-images","tag-ilan-nguyen","tag-illustrateur","tag-illustration","tag-koji-yamamura","tag-le-vieux-crocodile","tag-leopold-chauveau","tag-maurits-cornelis-escher","tag-metamorphose","tag-three-world","tag-une-metaphysique-de-lenfance"],"_links":{"self":[{"href":"https:\/\/lafilledecorinthe.com\/wordpress\/wp-json\/wp\/v2\/posts\/3569","targetHints":{"allow":["GET"]}}],"collection":[{"href":"https:\/\/lafilledecorinthe.com\/wordpress\/wp-json\/wp\/v2\/posts"}],"about":[{"href":"https:\/\/lafilledecorinthe.com\/wordpress\/wp-json\/wp\/v2\/types\/post"}],"author":[{"embeddable":true,"href":"https:\/\/lafilledecorinthe.com\/wordpress\/wp-json\/wp\/v2\/users\/2"}],"replies":[{"embeddable":true,"href":"https:\/\/lafilledecorinthe.com\/wordpress\/wp-json\/wp\/v2\/comments?post=3569"}],"version-history":[{"count":76,"href":"https:\/\/lafilledecorinthe.com\/wordpress\/wp-json\/wp\/v2\/posts\/3569\/revisions"}],"predecessor-version":[{"id":15331,"href":"https:\/\/lafilledecorinthe.com\/wordpress\/wp-json\/wp\/v2\/posts\/3569\/revisions\/15331"}],"wp:featuredmedia":[{"embeddable":true,"href":"https:\/\/lafilledecorinthe.com\/wordpress\/wp-json\/wp\/v2\/media\/3572"}],"wp:attachment":[{"href":"https:\/\/lafilledecorinthe.com\/wordpress\/wp-json\/wp\/v2\/media?parent=3569"}],"wp:term":[{"taxonomy":"category","embeddable":true,"href":"https:\/\/lafilledecorinthe.com\/wordpress\/wp-json\/wp\/v2\/categories?post=3569"},{"taxonomy":"post_tag","embeddable":true,"href":"https:\/\/lafilledecorinthe.com\/wordpress\/wp-json\/wp\/v2\/tags?post=3569"}],"curies":[{"name":"wp","href":"https:\/\/api.w.org\/{rel}","templated":true}]}}