{"id":3456,"date":"2013-11-27T11:39:08","date_gmt":"2013-11-27T10:39:08","guid":{"rendered":"http:\/\/lafilledecorinthe.com\/wordpress\/?p=3456"},"modified":"2025-12-08T14:07:52","modified_gmt":"2025-12-08T13:07:52","slug":"le-jour-le-plus-court-a-la-maison-populaire-de-montreuil","status":"publish","type":"post","link":"https:\/\/lafilledecorinthe.com\/wordpress\/2013\/11\/le-jour-le-plus-court-a-la-maison-populaire-de-montreuil\/","title":{"rendered":"\u00ab\u00a0Le jour le plus Court\u00a0\u00bb \u00e0 la Maison Populaire de Montreuil"},"content":{"rendered":"\n<p>L&rsquo;atelier <strong>cin\u00e9ma d&rsquo;animation<\/strong>&nbsp;de la <a href=\"http:\/\/www.maisonpop.fr\/spip.php?article1786\" target=\"_blank\" rel=\"noopener\">Maison Populaire<\/a> de Montreuil vous propose un programme de courts m\u00e9trages d\u00e9di\u00e9 aux animaux. Le logo de la Maison Populaire nous a inspir\u00e9s !<\/p>\n\n\n<div class=\"wp-block-image\">\n<figure class=\"aligncenter\"><a href=\"https:\/\/lafilledecorinthe.com\/wordpress\/wp-content\/uploads\/2013\/11\/logo-maisonpop-.jpg\"><img loading=\"lazy\" decoding=\"async\" width=\"800\" height=\"800\" src=\"https:\/\/lafilledecorinthe.com\/wordpress\/wp-content\/uploads\/2013\/11\/logo-maisonpop-.jpg\" alt=\"Le logo de la Maison Populaire de Montreuil\" class=\"wp-image-3465\" srcset=\"https:\/\/lafilledecorinthe.com\/wordpress\/wp-content\/uploads\/2013\/11\/logo-maisonpop-.jpg 800w, https:\/\/lafilledecorinthe.com\/wordpress\/wp-content\/uploads\/2013\/11\/logo-maisonpop--200x200.jpg 200w, https:\/\/lafilledecorinthe.com\/wordpress\/wp-content\/uploads\/2013\/11\/logo-maisonpop--680x680.jpg 680w, https:\/\/lafilledecorinthe.com\/wordpress\/wp-content\/uploads\/2013\/11\/logo-maisonpop--300x300.jpg 300w\" sizes=\"auto, (max-width: 800px) 100vw, 800px\" \/><\/a><figcaption class=\"wp-element-caption\">Le logo de la Maison Populaire de Montreuil<\/figcaption><\/figure>\n<\/div>\n\n\n<p>Le 21 d\u00e9cembre le salon se transforme en m\u00e9nagerie : une mouche acrobate, des poulpes tr\u00e8s r\u00e9sistants, une souris de laboratoire, des girafes trap\u00e9zistes, un poisson r\u00e9calcitrant et &#8230; une baleine amoureuse&nbsp;!<\/p>\n\n\n<div class=\"wp-block-image\">\n<figure class=\"aligncenter\"><a href=\"https:\/\/lafilledecorinthe.com\/wordpress\/wp-content\/uploads\/2013\/11\/acrobatic_fly-.jpg\"><img loading=\"lazy\" decoding=\"async\" width=\"800\" height=\"453\" src=\"https:\/\/lafilledecorinthe.com\/wordpress\/wp-content\/uploads\/2013\/11\/acrobatic_fly-.jpg\" alt=\"La mouche acrobate de Percy Smith, 1min, 1908\" class=\"wp-image-3467\" srcset=\"https:\/\/lafilledecorinthe.com\/wordpress\/wp-content\/uploads\/2013\/11\/acrobatic_fly-.jpg 800w, https:\/\/lafilledecorinthe.com\/wordpress\/wp-content\/uploads\/2013\/11\/acrobatic_fly--680x385.jpg 680w, https:\/\/lafilledecorinthe.com\/wordpress\/wp-content\/uploads\/2013\/11\/acrobatic_fly--500x283.jpg 500w\" sizes=\"auto, (max-width: 800px) 100vw, 800px\" \/><\/a><figcaption class=\"wp-element-caption\">La mouche acrobate de Percy Smith, 1min, 1908<\/figcaption><\/figure>\n<\/div>\n\n<div class=\"wp-block-image\">\n<figure class=\"aligncenter\"><a href=\"https:\/\/lafilledecorinthe.com\/wordpress\/wp-content\/uploads\/2013\/11\/oktapodi.png\"><img loading=\"lazy\" decoding=\"async\" width=\"800\" height=\"444\" src=\"https:\/\/lafilledecorinthe.com\/wordpress\/wp-content\/uploads\/2013\/11\/oktapodi.png\" alt=\"Oktapodi de Julien Bocabeille, 2 min, 2007\" class=\"wp-image-3474\" srcset=\"https:\/\/lafilledecorinthe.com\/wordpress\/wp-content\/uploads\/2013\/11\/oktapodi.png 800w, https:\/\/lafilledecorinthe.com\/wordpress\/wp-content\/uploads\/2013\/11\/oktapodi-680x377.png 680w, https:\/\/lafilledecorinthe.com\/wordpress\/wp-content\/uploads\/2013\/11\/oktapodi-500x277.png 500w\" sizes=\"auto, (max-width: 800px) 100vw, 800px\" \/><\/a><figcaption class=\"wp-element-caption\">Oktapodi de Julien Bocabeille, 2 min, 2007<\/figcaption><\/figure>\n<\/div>\n\n<div class=\"wp-block-image\">\n<figure class=\"aligncenter\"><a href=\"https:\/\/lafilledecorinthe.com\/wordpress\/wp-content\/uploads\/2013\/11\/carlitopolis.jpg\"><img loading=\"lazy\" decoding=\"async\" width=\"800\" height=\"604\" src=\"https:\/\/lafilledecorinthe.com\/wordpress\/wp-content\/uploads\/2013\/11\/carlitopolis.jpg\" alt=\"Carlitopolis de Luis Nieto, 3min, 2006\" class=\"wp-image-3471\" srcset=\"https:\/\/lafilledecorinthe.com\/wordpress\/wp-content\/uploads\/2013\/11\/carlitopolis.jpg 800w, https:\/\/lafilledecorinthe.com\/wordpress\/wp-content\/uploads\/2013\/11\/carlitopolis-680x513.jpg 680w, https:\/\/lafilledecorinthe.com\/wordpress\/wp-content\/uploads\/2013\/11\/carlitopolis-397x300.jpg 397w\" sizes=\"auto, (max-width: 800px) 100vw, 800px\" \/><\/a><figcaption class=\"wp-element-caption\">Carlitopolis de Luis Nieto, 3min, 2006<\/figcaption><\/figure>\n<\/div>\n\n<div class=\"wp-block-image\">\n<figure class=\"aligncenter\"><a href=\"https:\/\/lafilledecorinthe.com\/wordpress\/wp-content\/uploads\/2013\/11\/5M802.jpg\"><img loading=\"lazy\" decoding=\"async\" width=\"800\" height=\"450\" src=\"https:\/\/lafilledecorinthe.com\/wordpress\/wp-content\/uploads\/2013\/11\/5M802.jpg\" alt=\"5m80 de Nicolas Deveaux, 5 min, 2013\" class=\"wp-image-3473\" srcset=\"https:\/\/lafilledecorinthe.com\/wordpress\/wp-content\/uploads\/2013\/11\/5M802.jpg 800w, https:\/\/lafilledecorinthe.com\/wordpress\/wp-content\/uploads\/2013\/11\/5M802-680x382.jpg 680w, https:\/\/lafilledecorinthe.com\/wordpress\/wp-content\/uploads\/2013\/11\/5M802-500x281.jpg 500w\" sizes=\"auto, (max-width: 800px) 100vw, 800px\" \/><\/a><figcaption class=\"wp-element-caption\">5m80 de Nicolas Deveaux, 5 min, 2013<\/figcaption><\/figure>\n<\/div>\n\n<div class=\"wp-block-image\">\n<figure class=\"aligncenter\"><a href=\"https:\/\/lafilledecorinthe.com\/wordpress\/wp-content\/uploads\/2013\/11\/le_moine_et_le_poisson_3.jpg\"><img loading=\"lazy\" decoding=\"async\" width=\"800\" height=\"533\" src=\"https:\/\/lafilledecorinthe.com\/wordpress\/wp-content\/uploads\/2013\/11\/le_moine_et_le_poisson_3.jpg\" alt=\"Le moine et le poisson de Michael Dudok de Wit, 6 min, 1994\" class=\"wp-image-3476\" srcset=\"https:\/\/lafilledecorinthe.com\/wordpress\/wp-content\/uploads\/2013\/11\/le_moine_et_le_poisson_3.jpg 800w, https:\/\/lafilledecorinthe.com\/wordpress\/wp-content\/uploads\/2013\/11\/le_moine_et_le_poisson_3-680x453.jpg 680w, https:\/\/lafilledecorinthe.com\/wordpress\/wp-content\/uploads\/2013\/11\/le_moine_et_le_poisson_3-450x300.jpg 450w\" sizes=\"auto, (max-width: 800px) 100vw, 800px\" \/><\/a><figcaption class=\"wp-element-caption\">Le moine et le poisson de Michael Dudok de Wit, 6 min, 1994<\/figcaption><\/figure>\n<\/div>\n\n<div class=\"wp-block-image\">\n<figure class=\"aligncenter\"><a href=\"https:\/\/lafilledecorinthe.com\/wordpress\/wp-content\/uploads\/2013\/11\/l_elephant_et_la_baleine_1.jpg\"><img loading=\"lazy\" decoding=\"async\" width=\"800\" height=\"529\" src=\"https:\/\/lafilledecorinthe.com\/wordpress\/wp-content\/uploads\/2013\/11\/l_elephant_et_la_baleine_1.jpg\" alt=\"L'\u00e9l\u00e9phant et la baleine de Jacques Remy Girerd, 8min, 1986\" class=\"wp-image-3478\" srcset=\"https:\/\/lafilledecorinthe.com\/wordpress\/wp-content\/uploads\/2013\/11\/l_elephant_et_la_baleine_1.jpg 800w, https:\/\/lafilledecorinthe.com\/wordpress\/wp-content\/uploads\/2013\/11\/l_elephant_et_la_baleine_1-680x449.jpg 680w, https:\/\/lafilledecorinthe.com\/wordpress\/wp-content\/uploads\/2013\/11\/l_elephant_et_la_baleine_1-453x300.jpg 453w\" sizes=\"auto, (max-width: 800px) 100vw, 800px\" \/><\/a><figcaption class=\"wp-element-caption\">L&rsquo;\u00e9l\u00e9phant et la baleine de Jacques Remy Girerd, 8min, 1986<\/figcaption><\/figure>\n<\/div>\n\n\n<p>Deux ateliers ont \u00e9t\u00e9 consacr\u00e9s \u00e0 la cr\u00e9ation d&rsquo;une bande annonce pr\u00e9sentant l&rsquo;\u00e9v\u00e8nement&#8230;<\/p>\n\n\n\n<p><iframe loading=\"lazy\" title=\"YouTube video player\" src=\"https:\/\/www.youtube.com\/embed\/2iPj9_oSVxg?si=G-o4dyYYCK8RDKFV\" width=\"560\" height=\"315\" frameborder=\"0\" allowfullscreen=\"allowfullscreen\"><\/iframe><\/p>\n\n\n\n<p>On parle de notre bande annonce <a href=\"https:\/\/www.maisonpop.fr\/le-jour-le-plus-court-3\" target=\"_blank\" rel=\"noopener\">ic<\/a>i !<\/p>\n","protected":false},"excerpt":{"rendered":"<p>L&rsquo;atelier cin\u00e9ma d&rsquo;animation&nbsp;de la Maison Populaire de Montreuil vous propose un programme de courts m\u00e9trages d\u00e9di\u00e9 aux animaux. Le logo de la Maison Populaire nous a inspir\u00e9s ! Le 21 d\u00e9cembre le salon se transforme en m\u00e9nagerie : une mouche acrobate, des poulpes tr\u00e8s r\u00e9sistants, une souris de laboratoire, des girafes trap\u00e9zistes, un poisson r\u00e9calcitrant&#8230;<\/p>\n","protected":false},"author":2,"featured_media":3457,"comment_status":"open","ping_status":"open","sticky":false,"template":"","format":"standard","meta":{"_kad_post_transparent":"","_kad_post_title":"","_kad_post_layout":"","_kad_post_sidebar_id":"","_kad_post_content_style":"","_kad_post_vertical_padding":"","_kad_post_feature":"","_kad_post_feature_position":"","_kad_post_header":false,"_kad_post_footer":false,"_kad_post_classname":"","footnotes":""},"categories":[6,13],"tags":[623,195,619,622,620,237,624,196,621],"class_list":["post-3456","post","type-post","status-publish","format-standard","has-post-thumbnail","hentry","category-blog","category-sorties-culturelles","tag-5m80-de-nicolas-deveaux","tag-atelier-cinema-danimation","tag-bande-annonce","tag-carlitopolis-de-luis-nieto","tag-la-mouche-acrobate-de-percy-smith","tag-le-jour-le-plus-court","tag-le-moine-et-le-poisson-de-michael-dudok-de-wi","tag-maison-populaire-de-montreuil","tag-oktapodi-de-julien-bocabeille"],"_links":{"self":[{"href":"https:\/\/lafilledecorinthe.com\/wordpress\/wp-json\/wp\/v2\/posts\/3456","targetHints":{"allow":["GET"]}}],"collection":[{"href":"https:\/\/lafilledecorinthe.com\/wordpress\/wp-json\/wp\/v2\/posts"}],"about":[{"href":"https:\/\/lafilledecorinthe.com\/wordpress\/wp-json\/wp\/v2\/types\/post"}],"author":[{"embeddable":true,"href":"https:\/\/lafilledecorinthe.com\/wordpress\/wp-json\/wp\/v2\/users\/2"}],"replies":[{"embeddable":true,"href":"https:\/\/lafilledecorinthe.com\/wordpress\/wp-json\/wp\/v2\/comments?post=3456"}],"version-history":[{"count":26,"href":"https:\/\/lafilledecorinthe.com\/wordpress\/wp-json\/wp\/v2\/posts\/3456\/revisions"}],"predecessor-version":[{"id":15172,"href":"https:\/\/lafilledecorinthe.com\/wordpress\/wp-json\/wp\/v2\/posts\/3456\/revisions\/15172"}],"wp:featuredmedia":[{"embeddable":true,"href":"https:\/\/lafilledecorinthe.com\/wordpress\/wp-json\/wp\/v2\/media\/3457"}],"wp:attachment":[{"href":"https:\/\/lafilledecorinthe.com\/wordpress\/wp-json\/wp\/v2\/media?parent=3456"}],"wp:term":[{"taxonomy":"category","embeddable":true,"href":"https:\/\/lafilledecorinthe.com\/wordpress\/wp-json\/wp\/v2\/categories?post=3456"},{"taxonomy":"post_tag","embeddable":true,"href":"https:\/\/lafilledecorinthe.com\/wordpress\/wp-json\/wp\/v2\/tags?post=3456"}],"curies":[{"name":"wp","href":"https:\/\/api.w.org\/{rel}","templated":true}]}}