{"id":3418,"date":"2013-12-03T08:15:24","date_gmt":"2013-12-03T07:15:24","guid":{"rendered":"http:\/\/lafilledecorinthe.com\/wordpress\/?p=3418"},"modified":"2025-12-09T15:51:07","modified_gmt":"2025-12-09T14:51:07","slug":"samuel-yal-sculpteur-et-realisateur","status":"publish","type":"post","link":"https:\/\/lafilledecorinthe.com\/wordpress\/2013\/12\/samuel-yal-sculpteur-et-realisateur\/","title":{"rendered":"Samuel Yal, sculpteur et r\u00e9alisateur"},"content":{"rendered":"\n<p><em>T\u00e9moin privil\u00e9gi\u00e9 d&rsquo;un atelier anim\u00e9 par Samuel, j&rsquo;ai \u00e9t\u00e9 impressionn\u00e9e par sa facult\u00e9 d&rsquo;adaptation et sa capacit\u00e9 \u00e0 accompagner un groupe dans un r\u00e9el travail de cr\u00e9ation. J&rsquo;ai ensuite d\u00e9couvert de fa\u00e7on presque simultan\u00e9e son court m\u00e9trage<\/em>&nbsp;<em><strong>L&rsquo;oiseau<\/strong> et son exposition <strong>Le prochain visible<\/strong> \u00e0 l\u2019artoth\u00e8que de Saint Cloud. J&rsquo;ai suivi de loin en loin son parcours dans le monde de l&rsquo;art contemporain : la Nuit Blanche 2012, le MACParis, la Gallerie Felli&#8230; jusqu&rsquo;\u00e0 sa derni\u00e8re exposition au Sel de S\u00e8vres en compagnie de Valentin Van Der Meulen. Pr\u00e9sent sur plusieurs fronts, Samuel est en train d&rsquo;\u00e9crire son prochain court m\u00e9trage d&rsquo;animation, il participe aussi activement \u00e0 la toute nouvelle association Barybal&#8230; Malgr\u00e9 cet emploi du temps charg\u00e9, il a accept\u00e9 avec simplicit\u00e9 de nous parler de son parcours artistique &#8230;<\/em><\/p>\n\n\n\n<p><strong>&nbsp;Se pr\u00e9senter en quelques mots&#8230;<\/strong><\/p>\n\n\n\n<p>Je suis sculpteur et r\u00e9alisateur de films d\u2019animation&nbsp;: mon temps se partage entre l&rsquo;atelier o\u00f9 je produis mes pi\u00e8ces et les endroits o\u00f9 j&rsquo;expose. Je suis amen\u00e9 aussi \u00e0 travailler pour certains studios d&rsquo;animation et aussi r\u00e9aliser des films avec des jeunes ou adultes dans le cadre de worshops.<\/p>\n\n\n\n<p><i><\/i><strong>Qu\u2019est-ce qui a \u00e9t\u00e9 le plus formateur pour toi dans ton enfance ?<\/strong><\/p>\n\n\n\n<p>Enfant je n\u2019avais pas le profil scolaire et je me suis&nbsp;beaucoup ennuy\u00e9 \u00e0 l&rsquo;\u00e9cole. Mais je pratiquais le modelage depuis tout petit, ma m\u00e8re m&rsquo;avait inscrit \u00e0 un cours de poterie. J\u2019ai fait une seule assiette et puis j&rsquo;ai commenc\u00e9 \u00e0 faire des trucs de mon c\u00f4t\u00e9. La prof me laissait tranquille, elle ne savait pas trop quoi faire de&nbsp;moi. J\u2019y suis rest\u00e9 plusieurs ann\u00e9es. J\u2019avais aussi un voisin qui dessinait beaucoup, j\u2019\u00e9tais&nbsp;souvent avec lui. Il est d\u2019ailleurs devenu sculpteur.&nbsp;Et puis il y a eu des d\u00e9couvertes artistiques fortes : la Pieta de Michel Ange \u00e0 Rome qui m&rsquo;a marqu\u00e9e enfant, plus tard&nbsp;les oeuvres d&rsquo;Egon Schiele, Giacometti&#8230; &nbsp;Et puis, pendant deux ans, en seconde et en premi\u00e8re, j\u2019ai quitt\u00e9 le lyc\u00e9e, je suivais des&nbsp;cours par correspondance. J\u2019ai beaucoup dessin\u00e9, je lisais, allais \u00e0 Paris&nbsp;visiter des expos&#8230; Je suivais aussi des cours particuliers avec un prof, il m\u2019a appris les&nbsp;techniques li\u00e9es \u00e0 la sculpture, aux mat\u00e9riaux et on parlait beaucoup d&rsquo;art.<\/p>\n\n\n\n<p><strong>Une image qui t\u2019accompagne&#8230;<\/strong><\/p>\n\n\n\n<p>Le personnage de Boris, le jeune fondeur de cloches que l\u2019on voit dans le film \u00abAndre\u00ef Roublev\u00bb de Tarkovski. C\u2019est un peu la m\u00e9taphore de l\u2019artiste par excellence, il y a l&rsquo;id\u00e9e qu&rsquo;il n&rsquo;y a pas une transmission de savoir-faire qui garantirait la r\u00e9ussite. Lorsqu\u2019on se lance dans le travail artistique, on fait un pari, on n\u2019est s\u00fbr de rien. Je me sens proche de Boris.&nbsp;Comme lui, je suis face \u00e0 un d\u00e9fi permanent : adapter des techniques, des proc\u00e9d\u00e9s, assumer l&rsquo;\u00e9chec et recommencer&#8230;<\/p>\n\n\n<div class=\"wp-block-image\">\n<figure class=\"aligncenter\"><a href=\"https:\/\/lafilledecorinthe.com\/wordpress\/wp-content\/uploads\/2013\/12\/800px-Cloche_Andreiroublev_Tarkovski_1600p1.jpg\"><img loading=\"lazy\" decoding=\"async\" width=\"800\" height=\"351\" src=\"https:\/\/lafilledecorinthe.com\/wordpress\/wp-content\/uploads\/2013\/12\/800px-Cloche_Andreiroublev_Tarkovski_1600p1.jpg\" alt=\"800px-Cloche_Andreiroublev_Tarkovski_1600p\" class=\"wp-image-3526\" srcset=\"https:\/\/lafilledecorinthe.com\/wordpress\/wp-content\/uploads\/2013\/12\/800px-Cloche_Andreiroublev_Tarkovski_1600p1.jpg 800w, https:\/\/lafilledecorinthe.com\/wordpress\/wp-content\/uploads\/2013\/12\/800px-Cloche_Andreiroublev_Tarkovski_1600p1-680x298.jpg 680w, https:\/\/lafilledecorinthe.com\/wordpress\/wp-content\/uploads\/2013\/12\/800px-Cloche_Andreiroublev_Tarkovski_1600p1-500x219.jpg 500w\" sizes=\"auto, (max-width: 800px) 100vw, 800px\" \/><\/a><\/figure>\n<\/div>\n\n\n<p><strong>Quand as-tu d\u00e9cid\u00e9 que tu allais te consacrer \u00e0 une carri\u00e8re artistique ?<\/strong><\/p>\n\n\n\n<p>A l\u2019adolescence, quand j\u2019ai fait ma coupure scolaire au d\u00e9but du lyc\u00e9e. J\u2019ai red\u00e9couvert \u00e0 ce moment-l\u00e0 la sculpture. Il y avait quelque chose de primitif, de spontan\u00e9 dans la possibilit\u00e9&nbsp;de transformer une mati\u00e8re, de s\u2019exprimer \u00e0 travers elle. La d\u00e9couverte d&rsquo;un vrai terrain de libert\u00e9, comme une \u00e9vidence.&nbsp;J&rsquo;ai approfondi \u00e9galement ma connaissance dans l&rsquo;histoire de l&rsquo;art et la d\u00e9couverte d&rsquo;artistes aux d\u00e9marches contemporaines, Penone m&rsquo;a beaucoup marqu\u00e9 notamment.&nbsp;Et c&rsquo;est important, car on r\u00e9pond \u00e0 l\u2019art. L\u2019art est stimul\u00e9 par l\u2019art. Il y a un dialogue entre son travail et l\u2019oeuvre&nbsp;des autres. Certaines oeuvres sont des incitations, elles invitent \u00e0 une r\u00e9ponse, \u00e0 une&nbsp;r\u00e9action, \u00e0 un \u00e9cho&#8230;&nbsp;J\u2019ai aussi lu des textes philosophiques et scientifiques, ils ont \u00e9tay\u00e9 ma r\u00e9flexion. Ils ont eux aussi nourri mon travail. Dans chaque projet, on suit un cheminement qui est enrichi par des lectures, par la relation avec d\u2019autres oeuvres d\u2019art. Je m\u2019int\u00e9resse \u00e0 beaucoup de choses, je n\u2019ai pas une connaissance pointue dans un&nbsp;domaine pr\u00e9cis, je pr\u00e9f\u00e8re faire des liens entre diff\u00e9rents domaines&#8230;<\/p>\n\n\n\n<p><strong>Tu peux nous parler de ton rapport \u00e0 la musique ?<\/strong><\/p>\n\n\n\n<p>J\u2019en \u00e9coute beaucoup, de toutes les p\u00e9riodes, de la Renaissance aux musiques actuelles. Je m\u2019int\u00e9resse notamment \u00e0 la musique vocale, des chants gr\u00e9goriens \u00e0 Ligeti. Il n\u2019y a pas une articulation conceptuelle entre mon travail et la musique, mais ce qui me passionne c\u2019est comment une forme va au del\u00e0 d\u2019elle-m\u00eame, se d\u00e9ploie, cette id\u00e9e l\u00e0 est pr\u00e9sente dans la musique. Cela me renvoie \u00e0 la question des limites.<\/p>\n\n\n\n<p><strong>Et la science&nbsp; ?<\/strong><\/p>\n\n\n\n<p>Je m\u2019int\u00e9resse \u00e0 la science depuis que je suis tout petit. J&rsquo;\u00e9tais fascin\u00e9 par&nbsp;l\u2019id\u00e9e que la totalit\u00e9 du code g\u00e9n\u00e9tique se retrouve dans toutes les parties du corps. Je&nbsp;m\u2019int\u00e9resse aussi \u00e0 la physique quantique. Que le concept de la mati\u00e8re ait vol\u00e9 en \u00e9clat&nbsp;rejoint les interrogations sur les limites.<\/p>\n\n\n<div class=\"wp-block-image\">\n<figure class=\"aligncenter\"><a href=\"https:\/\/lafilledecorinthe.com\/wordpress\/wp-content\/uploads\/2013\/11\/dissolution.jpg\"><img loading=\"lazy\" decoding=\"async\" width=\"800\" height=\"530\" src=\"https:\/\/lafilledecorinthe.com\/wordpress\/wp-content\/uploads\/2013\/11\/dissolution.jpg\" alt=\"Dissolution de Samuel Yal, 2011\" class=\"wp-image-3434\" srcset=\"https:\/\/lafilledecorinthe.com\/wordpress\/wp-content\/uploads\/2013\/11\/dissolution.jpg 800w, https:\/\/lafilledecorinthe.com\/wordpress\/wp-content\/uploads\/2013\/11\/dissolution-680x450.jpg 680w, https:\/\/lafilledecorinthe.com\/wordpress\/wp-content\/uploads\/2013\/11\/dissolution-452x300.jpg 452w\" sizes=\"auto, (max-width: 800px) 100vw, 800px\" \/><\/a><figcaption class=\"wp-element-caption\">Dissolution de Samuel Yal, 2011<\/figcaption><\/figure>\n<\/div>\n\n\n<p>Les repr\u00e9sentations deviennent instables. C\u2019est la m\u00eame chose dans l\u2019art. Comment, justement, ne pas repr\u00e9senter un corps, un visage, de mani\u00e8re totalisante ? On ne peut plus faire un buste en rond de bosse dont le spectateur fait tranquillement le tour. Le visage se donne comme une pr\u00e9sence qui \u00e9chappe au regard.<\/p>\n\n\n\n<p><strong>Quelle formation sp\u00e9cifique as-tu suivie ?<\/strong><\/p>\n\n\n\n<p>Apr\u00e8s le bac, j\u2019ai fait une \u00e9cole d\u2019arts appliqu\u00e9s \u00e0 Chamb\u00e9ry (<a href=\"  http:\/\/www.enaai.fr\/\" target=\"_blank\" rel=\"noopener\">ENAAI<\/a>). Le cin\u00e9ma d\u2019animation en volume m\u2019a permis de faire le lien avec la sculpture. J\u2019ai grandi \u00e0 Annecy, je connaissais le cin\u00e9ma d&rsquo;animation gr\u00e2ce au festival. Gamin, j\u2019\u00e9tais attir\u00e9 par l\u2019animation, j\u2019avais envie d\u2019en faire mais techniquement c\u2019\u00e9tait difficile, on \u00e9tait dans une p\u00e9riode interm\u00e9diaire, entre le Super 8 et le num\u00e9rique.&nbsp;Apr\u00e8s j\u2019ai fait un master 2 d\u2019arts plastiques \u00e0 Paris. C\u2019\u00e9tait une formation plus th\u00e9orique.<\/p>\n\n\n\n<p><i><\/i><strong>De tes deux modes d\u2019expression, la sculpture et le cin\u00e9ma d\u2019animation, duquel te sens-tu le plus proche ?<\/strong><\/p>\n\n\n\n<p>Je pense que j\u2019ai un cerveau plus orient\u00e9 plasticien que cin\u00e9aste.&nbsp;Mais j&rsquo;ai besoin de l&rsquo;alternance, et en m\u00eame temps il y a des choses que je ne peux pas faire avec la forme sculpt\u00e9e. Le cin\u00e9ma d\u2019animation a fait bouger mes lignes en sculpture. La sculpture n\u2019est plus une forme fig\u00e9e dans le temps, elle est un \u00e9l\u00e9ment d\u2019un processus. Mon int\u00e9r\u00eat pour le cin\u00e9ma d\u2019animation est plus li\u00e9 \u00e0 la forme filmique qu\u2019\u00e0 la narration. Id\u00e9alement, j\u2019aimerais que l\u2019animation soit une sorte \u00ab\u00a0d\u2019op\u00e9ra\u00a0\u00bb sculpt\u00e9, que ma sculpture puisse se d\u00e9ployer dans le temps, dans le mouvement, dans la couleur&#8230;<\/p>\n\n\n\n<figure class=\"wp-block-embed is-type-video is-provider-vimeo wp-block-embed-vimeo wp-embed-aspect-4-3 wp-has-aspect-ratio\"><div class=\"wp-block-embed__wrapper\">\n<iframe loading=\"lazy\" title=\"Attraction\" src=\"https:\/\/player.vimeo.com\/video\/18424048?dnt=1&amp;app_id=122963\" width=\"640\" height=\"480\" frameborder=\"0\" allow=\"autoplay; fullscreen; picture-in-picture; clipboard-write; encrypted-media; web-share\" referrerpolicy=\"strict-origin-when-cross-origin\"><\/iframe>\n<\/div><\/figure>\n\n\n\n<p><\/p>\n\n\n\n<p><strong>De nombreux r\u00e9alisateurs de films d\u2019animation sont aussi peintres, illustrateurs ou graphistes, je connais moins de r\u00e9alisateurs-sculpteurs.<\/strong><br><strong>Quels \u00abma\u00eetres\u00bb t\u2019ont ouvert la voie ?<\/strong><\/p>\n\n\n\n<p>Le premier a \u00e9t\u00e9 Swankmajer. J\u2019ai vu son film \u00ab les possibilit\u00e9s du dialogue\u00bb tr\u00e8s jeune \u00e0 Annecy. Il m\u2019a impressionn\u00e9. Son rapport \u00e0 la mati\u00e8re, \u00e0 sa capacit\u00e9 expressive, est incroyable. On \u00e9chappe \u00e0 la narration&nbsp;et pourtant \u00e7a raconte beaucoup plus de choses qu&rsquo;une seule histoire pourrait le faire.<\/p>\n\n\n<div class=\"wp-block-image\">\n<figure class=\"aligncenter\"><a href=\"https:\/\/lafilledecorinthe.com\/wordpress\/wp-content\/uploads\/2013\/11\/moznosti_dialogu.jpg\"><img loading=\"lazy\" decoding=\"async\" width=\"800\" height=\"450\" src=\"https:\/\/lafilledecorinthe.com\/wordpress\/wp-content\/uploads\/2013\/11\/moznosti_dialogu.jpg\" alt=\"Les possibilit\u00e9s du dialogue de Swankmajer, 1982\" class=\"wp-image-3441\" srcset=\"https:\/\/lafilledecorinthe.com\/wordpress\/wp-content\/uploads\/2013\/11\/moznosti_dialogu.jpg 800w, https:\/\/lafilledecorinthe.com\/wordpress\/wp-content\/uploads\/2013\/11\/moznosti_dialogu-680x382.jpg 680w, https:\/\/lafilledecorinthe.com\/wordpress\/wp-content\/uploads\/2013\/11\/moznosti_dialogu-500x281.jpg 500w\" sizes=\"auto, (max-width: 800px) 100vw, 800px\" \/><\/a><figcaption class=\"wp-element-caption\">Les possibilit\u00e9s du dialogue de Swankmajer, 1982<\/figcaption><\/figure>\n<\/div>\n\n\n<p>Je pense aussi aux films exp\u00e9rimentaux des Fr\u00e8res Quay, \u00e0 leurs jeux sur les sensations &#8230;<\/p>\n\n\n<div class=\"wp-block-image\">\n<figure class=\"aligncenter\"><a href=\"https:\/\/lafilledecorinthe.com\/wordpress\/wp-content\/uploads\/2013\/11\/Fr\u00e8res-Quay.jpg\"><img loading=\"lazy\" decoding=\"async\" width=\"800\" height=\"532\" src=\"https:\/\/lafilledecorinthe.com\/wordpress\/wp-content\/uploads\/2013\/11\/Fr\u00e8res-Quay.jpg\" alt=\"  Street of crocodiles des fr\u00e8res Quay, 1986 \" class=\"wp-image-3442\" srcset=\"https:\/\/lafilledecorinthe.com\/wordpress\/wp-content\/uploads\/2013\/11\/Fr\u00e8res-Quay.jpg 800w, https:\/\/lafilledecorinthe.com\/wordpress\/wp-content\/uploads\/2013\/11\/Fr\u00e8res-Quay-680x452.jpg 680w, https:\/\/lafilledecorinthe.com\/wordpress\/wp-content\/uploads\/2013\/11\/Fr\u00e8res-Quay-451x300.jpg 451w\" sizes=\"auto, (max-width: 800px) 100vw, 800px\" \/><\/a><figcaption class=\"wp-element-caption\">Street of crocodiles des fr\u00e8res Quay, 1986<\/figcaption><\/figure>\n<\/div>\n\n\n<p>L\u2019oeuvre de William Kendrige \u00e9galement, et puis les pi\u00e8ces et les performances de <a title=\"Solweig von Kleist, artiste pluridisciplinaire\" href=\"https:\/\/lafilledecorinthe.com\/wordpress\/2013\/01\/solweig-von-kleist-artiste-pluridisciplinaire\/\">Solweig Von Kleist<\/a> au mus\u00e9e du ch\u00e2teau \u00e0 Annecy m\u2019ont aussi beaucoup int\u00e9ress\u00e9.<\/p>\n\n\n<div class=\"wp-block-image\">\n<figure class=\"aligncenter\"><a href=\"https:\/\/lafilledecorinthe.com\/wordpress\/wp-content\/uploads\/2013\/11\/chaos.jpeg\"><img loading=\"lazy\" decoding=\"async\" width=\"800\" height=\"535\" src=\"https:\/\/lafilledecorinthe.com\/wordpress\/wp-content\/uploads\/2013\/11\/chaos.jpeg\" alt=\"Chaos de Solweig Von Kleist, 2003\" class=\"wp-image-3444\" srcset=\"https:\/\/lafilledecorinthe.com\/wordpress\/wp-content\/uploads\/2013\/11\/chaos.jpeg 800w, https:\/\/lafilledecorinthe.com\/wordpress\/wp-content\/uploads\/2013\/11\/chaos-680x454.jpeg 680w, https:\/\/lafilledecorinthe.com\/wordpress\/wp-content\/uploads\/2013\/11\/chaos-448x300.jpeg 448w\" sizes=\"auto, (max-width: 800px) 100vw, 800px\" \/><\/a><figcaption class=\"wp-element-caption\">Chaos de Solweig Von Kleist, 2003<\/figcaption><\/figure>\n<\/div>\n\n\n<p><strong>Tu as co-\u00e9crit le sc\u00e9nario de <a href=\"http:\/\/www.doublemetreanimation.com\/site\/800\/site.html\" target=\"_blank\" rel=\"noopener\">\u00abL\u2019oiseau\u00bb<\/a>&nbsp;avec Marine Bachasel. Peux-tu nous parler de la gen\u00e8se de ton film ?<\/strong><\/p>\n\n\n\n<p>Je suis parti d\u2019intuitions personnelles. J\u2019ai eu besoin d\u2019un appui pour ne pas me perdre, garder le fil. J\u2019avais besoin de quelqu\u2019un qui m\u2019aide \u00e0 structurer, \u00e0 \u00e9laguer. Les id\u00e9es&nbsp;arrivaient en flux, Marine m\u2019aidait \u00e0 les canaliser, \u00e0 fluidifier mon \u00e9criture, \u00e0 prendre du&nbsp;recul&#8230;&nbsp;&nbsp;(&#8230;) Il a \u00e9t\u00e9 r\u00e9alis\u00e9 dans une \u00e9conomie de moyens. Je voulais garder la possibilit\u00e9 de changer des choses au cours de la r\u00e9alisation.&nbsp;Son \u00e9criture n\u2019\u00e9tait pas fig\u00e9e, (&#8230;) Tout s\u2019est fait rapidement. J\u2019ai commenc\u00e9 en 2007 et la postproduction s\u2019est achev\u00e9e en 2009. Je l\u2019ai fait en m\u00eame temps que mon master.&nbsp;J\u2019ai quelques regrets parce qu&rsquo;en faisant on apprend et on voit ce qui aurait pu \u00eatre mieux fait, mais il y a eu dans la r\u00e9alisation de ce film une \u00e9nergie incroyable !<\/p>\n\n\n\n<p><strong>Quel accueil a re\u00e7u ton film ?<\/strong><\/p>\n\n\n\n<p>J\u2019ai \u00e9t\u00e9 content. Il a eu une bonne diffusion par rapport aux moyens et \u00e0 la pr\u00e9tention du&nbsp;projet. Il a \u00e9t\u00e9 s\u00e9lectionn\u00e9 dans pas mal de festivals en France et \u00e0 l&rsquo;\u00e9tranger et \u00e7a a \u00e9t\u00e9 une exp\u00e9rience positive de le suivre en festival et de rencontrer d&rsquo;autres professionnels.&nbsp;&nbsp;J\u2019ai&nbsp;pu participer ensuite \u00e0 d\u2019autres projets, faire des rencontres, animer des workshops&#8230;.<\/p>\n\n\n<div class=\"wp-block-image\">\n<figure class=\"aligncenter\"><a href=\"https:\/\/lafilledecorinthe.com\/wordpress\/wp-content\/uploads\/2013\/11\/Loiseau.jpeg\"><img loading=\"lazy\" decoding=\"async\" width=\"1300\" height=\"1050\" src=\"https:\/\/lafilledecorinthe.com\/wordpress\/wp-content\/uploads\/2013\/11\/Loiseau.jpeg\" alt=\"Photogrammes du court m\u00e9trage l'oiseau de Samuel Yal, 2009\" class=\"wp-image-3445\" srcset=\"https:\/\/lafilledecorinthe.com\/wordpress\/wp-content\/uploads\/2013\/11\/Loiseau.jpeg 1300w, https:\/\/lafilledecorinthe.com\/wordpress\/wp-content\/uploads\/2013\/11\/Loiseau-680x549.jpeg 680w, https:\/\/lafilledecorinthe.com\/wordpress\/wp-content\/uploads\/2013\/11\/Loiseau-1280x1033.jpeg 1280w, https:\/\/lafilledecorinthe.com\/wordpress\/wp-content\/uploads\/2013\/11\/Loiseau-371x300.jpeg 371w\" sizes=\"auto, (max-width: 1300px) 100vw, 1300px\" \/><\/a><figcaption class=\"wp-element-caption\">Photogrammes du court m\u00e9trage l&rsquo;oiseau de Samuel Yal, 2009<\/figcaption><\/figure>\n<\/div>\n\n\n<p><strong>Une autre activit\u00e9 importante pour toi, ce sont les ateliers que tu animes dans des contextes tr\u00e8s vari\u00e9s. Qu\u2019est-ce qui te motive dans cette pratique ?<\/strong><\/p>\n\n\n\n<p>Au d\u00e9but \u00e7a s\u2019est fait un peu par hasard. On m\u2019a propos\u00e9 de faire un remplacement. Et puis, \u00e7a m\u2019a plu. C\u2019est toujours int\u00e9ressant.&nbsp;J\u2019essaie d\u2019associer la technique du cin\u00e9ma d\u2019animation \u00e0 un contenu qui a du sens pour&nbsp;les gens avec lesquels je travaille. Les sujets sont tr\u00e8s vari\u00e9s ; par exemple j\u2019ai fait des&nbsp;films sur la danse, sur la g\u00e9om\u00e9trie et m\u00eame sur les tracteurs ! Le cin\u00e9ma d\u2019animation&nbsp;permet de renouveler le regard sur un th\u00e8me, je le con\u00e7ois comme un big bang cr\u00e9atif.&nbsp;Et puis les ateliers permettent d\u2019exp\u00e9rimenter, tant au niveau des techniques que du montage&nbsp;: on peut tester des formes d\u2019\u00e9critures et des registres diff\u00e9rents. Il y a toujours&nbsp;des choses \u00e0 imaginer avec les participants, qu&rsquo;ils soient plus jeunes ou plus exp\u00e9riment\u00e9s. C\u2019est tr\u00e8s enrichissant aussi pour soi.<\/p>\n\n\n\n<p><strong>Tu as r\u00e9alis\u00e9 un tr\u00e8s beau film d\u2019atelier avec une classe de terminale au Maroc. Les jeunes t\u00e9moignent de leur relation avec leur famille. Quelle a \u00e9t\u00e9 l\u2019origine de ce projet ?<\/strong><\/p>\n\n\n\n<p>C\u2019est un projet phare dans mon parcours et une belle aventure humaine ! Pendant que j\u2019\u00e9tais envoy\u00e9 au Maroc, un r\u00e9alisateur marocain est venu travailler en France. On est parti sur l\u2019id\u00e9e d\u2019un \u00e9change \u00e9pistolaire sur le th\u00e8me de la famille. Pendant 3 jours, on a travaill\u00e9 sur l\u2019\u00e9criture. La forme de t\u00e9moignages spontan\u00e9es s\u2019est rapidement impos\u00e9e. Je suis rentr\u00e9 en France et j\u2019ai travaill\u00e9 sur le montage son puis j\u2019ai d\u00e9coup\u00e9 le film en s\u00e9quences. Je suis ensuite retourn\u00e9 au Maroc pour une dizaine de jours. Chaque \u00e9l\u00e8ve s\u2019est empar\u00e9 d\u2019une partie. Il y avait trois plateaux de tournage. C\u2019est vraiment une chouette exp\u00e9rience, il est rare de&nbsp;travailler dans de telles conditions.<\/p>\n\n\n\n<p><strong>Tu as particip\u00e9 \u00e0 la cr\u00e9ation d\u2019une nouvelle association \u00ab<a href=\"http:\/\/www.barybal.com\/\" target=\"_blank\" rel=\"noopener\">Barybal animation<\/a>\u00bb , tu peux nous la pr\u00e9senter ?<\/strong><\/p>\n\n\n\n<p>C\u2019est un studio d\u2019animation qui r\u00e9unit plusieurs r\u00e9alisateurs. On a en commun d\u2019utiliser&nbsp;des techniques d\u2019animation traditionnelles et de faire des interventions autour du cin\u00e9ma.&nbsp;Notre administrateur est Olivier Catherin de la maison de production \u00abLes trois ours\u00bb. On&nbsp;mutualise la communication et nos comp\u00e9tences techniques, plastiques et p\u00e9dagogiques.&nbsp;Face aux structures qui nous proposent des interventions, on n\u2019est plus tout seul, on peut&nbsp;travailler en duo, en trio&#8230; En fonction du calendrier des uns et des autres et des&nbsp;comp\u00e9tences requises, on est plus \u00e0 m\u00eame de r\u00e9pondre aux projets.<\/p>\n\n\n\n<p><strong>Pour terminer j\u2019aimerais que tu nous parles de ton futur court-m\u00e9trage &#8230;<\/strong><\/p>\n\n\n\n<p>L\u2019enjeu du prochain court sera de pouvoir injecter au maximum des probl\u00e9matiques&nbsp;travaill\u00e9es au sein de ma sculpture. J\u2019ai \u00e9crit une premi\u00e8re mouture il y a quelques&nbsp;temps pour le dossier de financement, mais je suis en train de reformuler, d&rsquo;\u00e9clater les choses afin que ce soit moins lin\u00e9aire. Il y a un fil qui maintient les \u00e9l\u00e9ments mais l&rsquo;id\u00e9e est qu&rsquo;on le perde, et que le film soit d&rsquo;avantage organique. J\u2019esp\u00e8re tourner l\u2019\u00e9t\u00e9 prochain \u00e0 partir&nbsp;d\u2019\u00e9l\u00e9ments en c\u00e9ramique. Et, m\u00eame si j\u2019ai eu des aides, cela restera un film avec&nbsp;peu de moyens. Je fais ce choix pour garder mon ind\u00e9pendance et travailler avec de la souplesse pour essayer des choses, rater, recommencer, et rater encore mieux. N&rsquo;est-ce pas comme \u00e7a qu\u2019on avance ?<\/p>\n","protected":false},"excerpt":{"rendered":"<p>T\u00e9moin privil\u00e9gi\u00e9 d&rsquo;un atelier anim\u00e9 par Samuel, j&rsquo;ai \u00e9t\u00e9 impressionn\u00e9e par sa facult\u00e9 d&rsquo;adaptation et sa capacit\u00e9 \u00e0 accompagner un groupe dans un r\u00e9el travail de cr\u00e9ation. J&rsquo;ai ensuite d\u00e9couvert de fa\u00e7on presque simultan\u00e9e son court m\u00e9trage&nbsp;L&rsquo;oiseau et son exposition Le prochain visible \u00e0 l\u2019artoth\u00e8que de Saint Cloud. J&rsquo;ai suivi de loin en loin son&#8230;<\/p>\n","protected":false},"author":2,"featured_media":3712,"comment_status":"open","ping_status":"open","sticky":false,"template":"","format":"standard","meta":{"_kad_post_transparent":"","_kad_post_title":"","_kad_post_layout":"","_kad_post_sidebar_id":"","_kad_post_content_style":"","_kad_post_vertical_padding":"","_kad_post_feature":"","_kad_post_feature_position":"","_kad_post_header":false,"_kad_post_footer":false,"_kad_post_classname":"","footnotes":""},"categories":[259],"tags":[642,636,637,639,632,633,641,643,635,631,265,638,640,634],"class_list":["post-3418","post","type-post","status-publish","format-standard","has-post-thumbnail","hentry","category-rencontres","tag-barybal-animation","tag-enaai","tag-festival-dannecy","tag-freres-quay","tag-loiseau","tag-le-prochain-visible","tag-marine-bachasel","tag-olivier-catherin","tag-penone","tag-samuel-yal","tag-solweig-von-kleist","tag-swankmajer","tag-william-kendrige","tag-andrei-roublev-de-tarkovski"],"_links":{"self":[{"href":"https:\/\/lafilledecorinthe.com\/wordpress\/wp-json\/wp\/v2\/posts\/3418","targetHints":{"allow":["GET"]}}],"collection":[{"href":"https:\/\/lafilledecorinthe.com\/wordpress\/wp-json\/wp\/v2\/posts"}],"about":[{"href":"https:\/\/lafilledecorinthe.com\/wordpress\/wp-json\/wp\/v2\/types\/post"}],"author":[{"embeddable":true,"href":"https:\/\/lafilledecorinthe.com\/wordpress\/wp-json\/wp\/v2\/users\/2"}],"replies":[{"embeddable":true,"href":"https:\/\/lafilledecorinthe.com\/wordpress\/wp-json\/wp\/v2\/comments?post=3418"}],"version-history":[{"count":61,"href":"https:\/\/lafilledecorinthe.com\/wordpress\/wp-json\/wp\/v2\/posts\/3418\/revisions"}],"predecessor-version":[{"id":15276,"href":"https:\/\/lafilledecorinthe.com\/wordpress\/wp-json\/wp\/v2\/posts\/3418\/revisions\/15276"}],"wp:featuredmedia":[{"embeddable":true,"href":"https:\/\/lafilledecorinthe.com\/wordpress\/wp-json\/wp\/v2\/media\/3712"}],"wp:attachment":[{"href":"https:\/\/lafilledecorinthe.com\/wordpress\/wp-json\/wp\/v2\/media?parent=3418"}],"wp:term":[{"taxonomy":"category","embeddable":true,"href":"https:\/\/lafilledecorinthe.com\/wordpress\/wp-json\/wp\/v2\/categories?post=3418"},{"taxonomy":"post_tag","embeddable":true,"href":"https:\/\/lafilledecorinthe.com\/wordpress\/wp-json\/wp\/v2\/tags?post=3418"}],"curies":[{"name":"wp","href":"https:\/\/api.w.org\/{rel}","templated":true}]}}